{"id":6537,"date":"2019-06-04T12:00:59","date_gmt":"2019-06-04T11:00:59","guid":{"rendered":"http:\/\/blogs.uned.es\/emprende\/?p=6537"},"modified":"2019-06-04T12:27:03","modified_gmt":"2019-06-04T11:27:03","slug":"primer-encuentro-virtual-emprendeuned19-con-the-education-district","status":"publish","type":"post","link":"https:\/\/blogs.uned.es\/emprende\/primer-encuentro-virtual-emprendeuned19-con-the-education-district\/","title":{"rendered":"Primer Encuentro Virtual #emprendeUNED19 con The Education District"},"content":{"rendered":"<p><img fetchpriority=\"high\" decoding=\"async\" class=\"alignleft wp-image-6747\" src=\"http:\/\/blogs.uned.es\/emprende\/wp-content\/uploads\/sites\/103\/2019\/08\/INVITACION-ENCUENTRO-1.jpg\" alt=\"\" width=\"593\" height=\"351\" srcset=\"https:\/\/blogs.uned.es\/emprende\/wp-content\/uploads\/sites\/103\/2019\/08\/INVITACION-ENCUENTRO-1.jpg 3508w, https:\/\/blogs.uned.es\/emprende\/wp-content\/uploads\/sites\/103\/2019\/08\/INVITACION-ENCUENTRO-1-300x178.jpg 300w, https:\/\/blogs.uned.es\/emprende\/wp-content\/uploads\/sites\/103\/2019\/08\/INVITACION-ENCUENTRO-1-768x454.jpg 768w, https:\/\/blogs.uned.es\/emprende\/wp-content\/uploads\/sites\/103\/2019\/08\/INVITACION-ENCUENTRO-1-1024x606.jpg 1024w, https:\/\/blogs.uned.es\/emprende\/wp-content\/uploads\/sites\/103\/2019\/08\/INVITACION-ENCUENTRO-1-624x369.jpg 624w\" sizes=\"(max-width: 593px) 100vw, 593px\" \/><\/p>\n<p class=\"previo\">El pr\u00f3ximo lunes, 10 de junio, el \u00c1rea de Emprendimiento del COIE de la UNED, celebrar\u00e1 el\u00a0<b>Primer Encuentro Virtual #emprendeUNED, en 3D<\/b><\/p>\n<p class=\"previo\">Si quieres asistir, el aforo es limitado, puedes solicitar el acceso en el siguiente\u00a0<a href=\"https:\/\/forms.gle\/74rszMhDbQ4QGfWSA\"><strong>enlace.<\/strong><\/a><\/p>\n<p><!--more--><\/p>\n<p>Durante dicho evento, los emprendedores, los mentores y los colaboradores de nuestro Programa de Emprendimiento, tendr\u00e1n la ocasi\u00f3n, desde cualquier punto de la geograf\u00eda, de compartir experiencias y participar de los talleres que se han propuesto. Esta oportunidad es posible gracias a la colaboraci\u00f3n de Virtway y su plataforma que nos facilita un mundo virtual en 3D:\u00a0<b><a href=\"https:\/\/www.theeducationdistrict.com\/es\/\">The Education District<\/a>.\u00a0<\/b><\/p>\n<p><img decoding=\"async\" class=\"alignleft size-full wp-image-6541\" src=\"http:\/\/blogs.uned.es\/emprende\/wp-content\/uploads\/sites\/103\/2019\/04\/EncuentroVirtual.jpg\" alt=\"\" width=\"980\" height=\"210\" srcset=\"https:\/\/blogs.uned.es\/emprende\/wp-content\/uploads\/sites\/103\/2019\/04\/EncuentroVirtual.jpg 980w, https:\/\/blogs.uned.es\/emprende\/wp-content\/uploads\/sites\/103\/2019\/04\/EncuentroVirtual-300x64.jpg 300w, https:\/\/blogs.uned.es\/emprende\/wp-content\/uploads\/sites\/103\/2019\/04\/EncuentroVirtual-768x165.jpg 768w, https:\/\/blogs.uned.es\/emprende\/wp-content\/uploads\/sites\/103\/2019\/04\/EncuentroVirtual-624x134.jpg 624w\" sizes=\"(max-width: 980px) 100vw, 980px\" \/><\/p>\n<p>Este evento se encuadra dentro de la 5\u00aa Edici\u00f3n del\u00a0<a href=\"http:\/\/blogs.uned.es\/emprende\/?page_id=3743\">Programa de Creaci\u00f3n de Empresas<\/a>,\u00a0con la colaboraci\u00f3n, durante estos tres \u00faltimos a\u00f1os, de <strong>Santander Universidades<\/strong>. El objetivo del Programa es promover la cultura emprendedora en el entorno universitario y est\u00e1 dirigido a estudiantes y egresados de la UNED que quieran iniciar un proyecto de car\u00e1cter innovador, sostenible y con potencial de impacto en la sociedad.<\/p>\n<h3><b>Agenda<\/b><\/h3>\n<ul>\n<li style=\"list-style-type: none\">\n<ul>\n<li><b>11:30 a 12:00 &#8211; \u00c1gora Principal:\u00a0<\/b>Bienvenida Institucional<\/li>\n<li><b>12:00 a 12:45 &#8211; \u00c1gora Principal:<\/b>\u00a0Una experiencia emprendedora:\n<ul>\n<li>Jos\u00e9 Alberto Moreno Gonz\u00e1lez &#8211; CarbonShark<\/li>\n<li>David Villar Poza &#8211; Walkirya<\/li>\n<\/ul>\n<\/li>\n<li><b>12:45 a 13:30 &#8211; Taller 1:<\/b>\u00a0Elevator Pitch\u00a0<b>\u2013 Previa inscripci\u00f3n\u00a0<\/b>\u2013 D. Jaime V\u00e1zquez \u2013 DEMIUM\/BIME-PRO<\/li>\n<li><b>11:00 a 11:45 &#8211; Taller 2:<\/b>\u00a0\u00a0B\u00fasqueda de Financiaci\u00f3n \u00a0<b>\u2013 Previa inscripci\u00f3n\u00a0<\/b>\u2013 D\u00f1a. Patricia Casado \u2013 Sociosinversores, #SoyInversora<\/li>\n<li><b>13:30 a 14:15 &#8211; Zona de Networking.\u00a0<\/b><\/li>\n<li><b>14:15 a 14:30 \u2013 \u00c1gora Principal:\u00a0<\/b>Clausura.\u00a0D\u00f1a. Esther L\u00f3pez &#8211; Directora del COIE de la UNED.<\/li>\n<\/ul>\n<\/li>\n<\/ul>\n<p>Si est\u00e1s interesado en asistir, a\u00fan est\u00e1s a tiempo\u00a0en el siguiente\u00a0<a href=\"https:\/\/forms.gle\/74rszMhDbQ4QGfWSA\"><strong>enlace.<\/strong><\/a><script><\/p>\n<p><\/script><script><\/script><script><\/script><\/p>\n","protected":false},"excerpt":{"rendered":"<p>El pr\u00f3ximo lunes, 10 de junio, el \u00c1rea de Emprendimiento del COIE de la UNED, celebrar\u00e1 el\u00a0Primer Encuentro Virtual #emprendeUNED, en 3D Si quieres asistir, el aforo es limitado, puedes <a class=\"more-link\" href=\"https:\/\/blogs.uned.es\/emprende\/primer-encuentro-virtual-emprendeuned19-con-the-education-district\/\">Seguir leyendo &rarr;<\/a><\/p>\n","protected":false},"author":255,"featured_media":0,"comment_status":"closed","ping_status":"open","sticky":false,"template":"","format":"standard","meta":{"_bbp_topic_count":0,"_bbp_reply_count":0,"_bbp_total_topic_count":0,"_bbp_total_reply_count":0,"_bbp_voice_count":0,"_bbp_anonymous_reply_count":0,"_bbp_topic_count_hidden":0,"_bbp_reply_count_hidden":0,"_bbp_forum_subforum_count":0,"footnotes":""},"categories":[79,133,175,123],"tags":[],"class_list":["post-6537","post","type-post","status-publish","format-standard","hentry","category-eventos","category-programa-de-creacion-de-empresas-emprendeuned","category-sin-categoria-es","category-talleres"],"post_mailing_queue_ids":[],"_links":{"self":[{"href":"https:\/\/blogs.uned.es\/emprende\/wp-json\/wp\/v2\/posts\/6537","targetHints":{"allow":["GET"]}}],"collection":[{"href":"https:\/\/blogs.uned.es\/emprende\/wp-json\/wp\/v2\/posts"}],"about":[{"href":"https:\/\/blogs.uned.es\/emprende\/wp-json\/wp\/v2\/types\/post"}],"author":[{"embeddable":true,"href":"https:\/\/blogs.uned.es\/emprende\/wp-json\/wp\/v2\/users\/255"}],"replies":[{"embeddable":true,"href":"https:\/\/blogs.uned.es\/emprende\/wp-json\/wp\/v2\/comments?post=6537"}],"version-history":[{"count":12,"href":"https:\/\/blogs.uned.es\/emprende\/wp-json\/wp\/v2\/posts\/6537\/revisions"}],"predecessor-version":[{"id":6789,"href":"https:\/\/blogs.uned.es\/emprende\/wp-json\/wp\/v2\/posts\/6537\/revisions\/6789"}],"wp:attachment":[{"href":"https:\/\/blogs.uned.es\/emprende\/wp-json\/wp\/v2\/media?parent=6537"}],"wp:term":[{"taxonomy":"category","embeddable":true,"href":"https:\/\/blogs.uned.es\/emprende\/wp-json\/wp\/v2\/categories?post=6537"},{"taxonomy":"post_tag","embeddable":true,"href":"https:\/\/blogs.uned.es\/emprende\/wp-json\/wp\/v2\/tags?post=6537"}],"curies":[{"name":"wp","href":"https:\/\/api.w.org\/{rel}","templated":true}]}}