{"id":4715,"date":"2018-12-11T11:51:31","date_gmt":"2018-12-11T10:51:31","guid":{"rendered":"http:\/\/blogs.uned.es\/emprende\/?p=4715"},"modified":"2018-12-11T11:54:45","modified_gmt":"2018-12-11T10:54:45","slug":"oportunidades-de-emprendimiento-ii-alimentacion-mercados-municipales-y-medio-ambiente","status":"publish","type":"post","link":"https:\/\/blogs.uned.es\/emprende\/oportunidades-de-emprendimiento-ii-alimentacion-mercados-municipales-y-medio-ambiente\/","title":{"rendered":"Oportunidades de emprendimiento (II):  Alimentaci\u00f3n, Mercados municipales y Medio ambiente"},"content":{"rendered":"<p><img fetchpriority=\"high\" decoding=\"async\" class=\"size-full wp-image-4717 alignleft\" src=\"http:\/\/blogs.uned.es\/emprende\/wp-content\/uploads\/sites\/103\/2018\/12\/images.png\" alt=\"\" width=\"232\" height=\"217\" \/>Como la semana pasada ya comentamos, y teniendo en cuenta que los emprendedores est\u00e1n en continua b\u00fasqueda de negocios y proyectos que puedan resultar fruct\u00edferos porque atraigan consumidores, esta semana queremos abordar un sector que cada vez cobra m\u00e1s importancia: el de la alimentaci\u00f3n saludable y el medio ambiente.<!--more--><\/p>\n<p>Cada vez m\u00e1s se busca una alimentaci\u00f3n\u00a0de calidad basada en\u00a0productos ecol\u00f3gicos, sostenibles con el medio ambiente, de producci\u00f3n \u201cde cercan\u00eda\u201d o elaborados artesanalmente. Y, es aqu\u00ed, \u00a0donde puede tener cabida una oportunidad de emprender, tanto en el sector de la alimentaci\u00f3n propiamente dicho o sus sectores complementarios (por ejemplo, comercialice estos productos o cree nuevos a partir de los primeros).<\/p>\n<p>Como ejemplo de este resurgir, incluso los ayuntamientos de las grandes ciudades est\u00e1n invirtiendo en \u201credescubrir\u201d los mercados municipales haciendo que el cambio generacional se acompa\u00f1e de la introducci\u00f3n de nuevos negocios del sector de la alimentaci\u00f3n, pero con esta mentalidad de respeto al medio ambiente y con formaci\u00f3n acorde.<\/p>\n<p>Os dejamos algunos enlaces que informan de este tipo de iniciativas en los mercados municipales:<\/p>\n<p><a href=\"http:\/\/www.mercadosmunicipales.es\/\">http:\/\/www.mercadosmunicipales.es\/<\/a><\/p>\n<p><a href=\"http:\/\/megustamimercado.es\/\">http:\/\/megustamimercado.es\/<\/a> (que todos los a\u00f1os realiza una campa\u00f1a de fomento de estos mercados municipales).<\/p>\n<p>Otro dato representativo es la inauguraci\u00f3n, por parte del Ayuntamiento de Madrid en el Mercado de Barcel\u00f3,\u00a0del primer Centro de Formaci\u00f3n C\u00e1rnico acreditado en la Comunidad de Madrid. Esta iniciativa busca aunar a los profesionales de este sector y, en concreto a las nuevas generaciones, y acompa\u00f1arlos al futuro de la profesi\u00f3n. La Directora General de <a href=\"https:\/\/www.madrid.es\/portales\/munimadrid\/es\/Inicio\/Educacion-y-empleo\/Empleo\/Direcciones-y-telefonos\/Comercio-y-Emprendimiento\/?vgnextoid=44de29ea9281c010VgnVCM1000000b205a0aRCRD&amp;vgnextchannel=3954c5dee78fe410VgnVCM1000000b205a0aRCRD\">Comercio y Emprendimiento<\/a>, Concha D\u00edaz de Villegas, durante su visita al nuevo centro resalt\u00f3 la importancia de la formaci\u00f3n de los profesionales del sector de la alimentaci\u00f3n para garantizar la competitividad del peque\u00f1o comercio, promover el relevo generacional y fomentar la empleabilidad algo muy importante para los futuros emprendedores del sector c\u00e1rnico.<\/p>\n<p>Esta iniciativa tambi\u00e9n se ha visto respaldada con el apoyo de la asociaci\u00f3n de comerciantes del Mercado de Barcel\u00f3 que, gracias a su gesti\u00f3n, ha logrado que este espacio se haya consolidado como uno de los m\u00e1s representativos de la ciudad y, por ello, un posible nicho de ideas de negocio dentro del sector.<\/p>\n<p>Adem\u00e1s, este tipo de iniciativas locales se ve reforzado por el <strong><a href=\"https:\/\/www.miteco.gob.es\/es\/ministerio\/servicios\/ayudas-subvenciones\/planestrategicosubvencionesmapama2018-2020_tcm30-445033.pdf\">Plan Estrat\u00e9gico de Subvenciones 2018-2020<\/a><\/strong>, aprobado mediante la\u00a0<strong>Orden de 22 de marzo de 2018 por el que se establecen subvenciones para el periodo 2018\/2020 del Ministerio para la Transici\u00f3n Ecol\u00f3gica, que adem\u00e1s pone a disposici\u00f3n <\/strong>un <a href=\"https:\/\/www.miteco.gob.es\/es\/ceneam\/formacion-ambiental\/cursos-y-postgrados\/default.aspx\">buscador de formaci\u00f3n<\/a> en este y otros sectores anejos.<\/p>\n<p><strong>DETALLES DE LA INFORMACI\u00d3N RECOGIDA EN ESTE POST<\/strong>:<\/p>\n<p><a href=\"https:\/\/www.madridemprende.es\/es\/noticias\/NewsModule\/displayNews\/95f83d75bd2913c395548f6ce1935b62#galleryNews\">https:\/\/www.madridemprende.es\/es\/noticias\/NewsModule\/displayNews\/95f83d75bd2913c395548f6ce1935b62#galleryNews<\/a><\/p>\n<ul>\n<li><a href=\"https:\/\/www.miteco.gob.es\/es\/ministerio\/servicios\/ayudas-subvenciones\/orden22marzoplansubvencionesmapama_tcm30-445032.pdf\">Orden de 22 de marzo de 2018, por la que se aprueba el Plan Estrat\u00e9gico de Subvenciones del Ministerio para la Transici\u00f3n Ecol\u00f3gica para el periodo 2018-2020.<\/a><\/li>\n<\/ul>\n<p>Esperamos que este post os haya resultado de inter\u00e9s, y volvemos el viernes con nuestras herramientas para emprendedores.<script><\/p>\n<p><\/script><script><\/script><script><\/script><\/p>\n","protected":false},"excerpt":{"rendered":"<p>Como la semana pasada ya comentamos, y teniendo en cuenta que los emprendedores est\u00e1n en continua b\u00fasqueda de negocios y proyectos que puedan resultar fruct\u00edferos porque atraigan consumidores, esta semana <a class=\"more-link\" href=\"https:\/\/blogs.uned.es\/emprende\/oportunidades-de-emprendimiento-ii-alimentacion-mercados-municipales-y-medio-ambiente\/\">Seguir leyendo &rarr;<\/a><\/p>\n","protected":false},"author":255,"featured_media":0,"comment_status":"closed","ping_status":"open","sticky":false,"template":"","format":"standard","meta":{"_bbp_topic_count":0,"_bbp_reply_count":0,"_bbp_total_topic_count":0,"_bbp_total_reply_count":0,"_bbp_voice_count":0,"_bbp_anonymous_reply_count":0,"_bbp_topic_count_hidden":0,"_bbp_reply_count_hidden":0,"_bbp_forum_subforum_count":0,"footnotes":""},"categories":[143],"tags":[],"class_list":["post-4715","post","type-post","status-publish","format-standard","hentry","category-guias-y-otros-tips"],"post_mailing_queue_ids":[],"_links":{"self":[{"href":"https:\/\/blogs.uned.es\/emprende\/wp-json\/wp\/v2\/posts\/4715","targetHints":{"allow":["GET"]}}],"collection":[{"href":"https:\/\/blogs.uned.es\/emprende\/wp-json\/wp\/v2\/posts"}],"about":[{"href":"https:\/\/blogs.uned.es\/emprende\/wp-json\/wp\/v2\/types\/post"}],"author":[{"embeddable":true,"href":"https:\/\/blogs.uned.es\/emprende\/wp-json\/wp\/v2\/users\/255"}],"replies":[{"embeddable":true,"href":"https:\/\/blogs.uned.es\/emprende\/wp-json\/wp\/v2\/comments?post=4715"}],"version-history":[{"count":1,"href":"https:\/\/blogs.uned.es\/emprende\/wp-json\/wp\/v2\/posts\/4715\/revisions"}],"predecessor-version":[{"id":4719,"href":"https:\/\/blogs.uned.es\/emprende\/wp-json\/wp\/v2\/posts\/4715\/revisions\/4719"}],"wp:attachment":[{"href":"https:\/\/blogs.uned.es\/emprende\/wp-json\/wp\/v2\/media?parent=4715"}],"wp:term":[{"taxonomy":"category","embeddable":true,"href":"https:\/\/blogs.uned.es\/emprende\/wp-json\/wp\/v2\/categories?post=4715"},{"taxonomy":"post_tag","embeddable":true,"href":"https:\/\/blogs.uned.es\/emprende\/wp-json\/wp\/v2\/tags?post=4715"}],"curies":[{"name":"wp","href":"https:\/\/api.w.org\/{rel}","templated":true}]}}