{"id":4703,"date":"2018-12-07T10:00:35","date_gmt":"2018-12-07T09:00:35","guid":{"rendered":"http:\/\/blogs.uned.es\/emprende\/?p=4703"},"modified":"2018-12-10T11:03:23","modified_gmt":"2018-12-10T10:03:23","slug":"tributacion-basica-para-emprendedores-iii-iva","status":"publish","type":"post","link":"https:\/\/blogs.uned.es\/emprende\/tributacion-basica-para-emprendedores-iii-iva\/","title":{"rendered":"TRIBUTACI\u00d3N B\u00c1SICA PARA EMPRENDEDORES III (IVA)"},"content":{"rendered":"<p><img decoding=\"async\" class=\" wp-image-4705 alignleft\" src=\"http:\/\/blogs.uned.es\/emprende\/wp-content\/uploads\/sites\/103\/2018\/12\/iva.jpg\" alt=\"\" width=\"205\" height=\"107\" \/>Siguiendo nuestro itinerario formativo que comenzamos hace un par de semanas acerca de la tributaci\u00f3n a la que se tienen que enfrentar los aut\u00f3nomos, esta semana vamos a hablaros del IVA (Impuesto sobre el Valor A\u00f1adido).<\/p>\n<p>Lo que hoy os presentamos es una recopilaci\u00f3n sencilla de lo que deb\u00e9is conocer de una forma lo m\u00e1s sencilla y clara posible.<!--more--><\/p>\n<p>Coloquialmente hablando, podr\u00edamos decir que el IVA es una carga fiscal sobre el consumo. Cada aut\u00f3nomo o empresa de la cadena de producci\u00f3n va trasladando su IVA al siguiente eslab\u00f3n hasta llegar al consumidor final para, despu\u00e9s, abon\u00e1rselo a Hacienda. Es por ello por lo que lo consideramos un <strong>impuesto indirecto: <\/strong>es la cantidad de dinero o clase de impuesto recaudado por una empresa que paga el impuesto al agente recaudador, Hacienda, y repercute todo o buena parte del importe de ese impuesto en quien es el consumidor final<strong>. <\/strong><\/p>\n<p>El empresario deber\u00e1n pagar a Hacienda la diferencia entre el IVA que hayan repercutido y cobrado a sus clientes, y el que haya soportado por sus compras a proveedores.<\/p>\n<p>Est\u00e1n sujetas a IVA las entregas de bienes, las prestaciones de servicios, las importaciones de bienes y las adquisiciones intracomunitarias.<\/p>\n<p><strong><u>Sujetos pasivos (a los que se les repercute el IVA):<\/u><\/strong><\/p>\n<ol>\n<li>El empresario o profesional que entrega el bien o presta el servicio. El que vende est\u00e1 obligado a repercutir el IVA al cliente.<\/li>\n<li>El sujeto pasivo en las adquisiciones intracomunitarias de bienes. En este caso el sujeto pasivo es el empresario situado en Espa\u00f1a que compra el bien.<\/li>\n<li>En las importaciones de bienes: el contribuyente es el importador del bien. El importador pagar\u00e1 el IVA en la aduana.<\/li>\n<li>Prestaciones de servicio que se entienden realizadas en Espa\u00f1a, pero en las que el prestador del servicio est\u00e1 situado fuera de Espa\u00f1a. En este caso, el contribuyente ser\u00e1 el que reciba el servicio<\/li>\n<\/ol>\n<p><strong><u>C\u00e1lculo del IVA:<\/u><\/strong><\/p>\n<p>En general, en cada liquidaci\u00f3n se declara el IVA cobrado a los clientes, al cual le restamos el IVA soportado en nuestras compras a los proveedores:<\/p>\n<p><strong>IVA A DECLARAR HACIENDA = IVA DEVENGADO &#8211; IVA SOPORTADO<\/strong><\/p>\n<p><strong>IVA devengado\/cobrado a clientes<\/strong> = Precio de Venta \u00d7 Tipo de IVA devengado (%) de cada factura emitida.<\/p>\n<p><strong>IVA soportado en las compras a nuestros proveedores<\/strong> = Precio de compra \u00d7 Tipo de IVA soportado (%) de cada factura recibida por compras y gastos.<\/p>\n<p><strong><u>Declaraciones a presentar (IVA):<\/u><\/strong><\/p>\n<p>Para aportar la recaudaci\u00f3n a Hacienda los trabajadores aut\u00f3nomos deben presentar las declaraciones trimestrales y anuales del IVA a trav\u00e9s del <a href=\"https:\/\/www.agenciatributaria.gob.es\/AEAT.sede\/tramitacion\/G414.shtml\">modelo 303<\/a> (trimestral) y tambi\u00e9n, \u00a0obligatoriamente, el <a href=\"https:\/\/www.agenciatributaria.gob.es\/AEAT.sede\/tramitacion\/G412.shtml\">modelo 390<\/a> (anual).<\/p>\n<p><strong><u>Modelo 303:<\/u><\/strong><\/p>\n<p>Es el modelo principal, que deben presentar la gran mayor\u00eda de <strong>aut\u00f3nomos y sociedades, para liquidar el IVA <\/strong><strong>trimestralmente<\/strong>. Es el modelo m\u00e1s com\u00fan. Mediante este modelo los empresarios y profesionales comunican a la Agencia Tributaria el IVA que han facturado por sus ventas y el que ha soportado en sus compras.<\/p>\n<p><u>\u00bfCu\u00e1ndo se debe presentar el Modelo 303?<\/u><\/p>\n<ul>\n<li>Primer trimestre (enero a marzo) se presenta del 1 al 20 de abril.<\/li>\n<li>Segundo trimestre (abril a junio): del 1 al 20 de julio.<\/li>\n<li>Tercer trimestre (julio a septiembre): del 1 al 20 de octubre.<\/li>\n<li>Cuarto trimestre (octubre a diciembre): del 1 al 30 de enero, en este periodo, <strong>adem\u00e1s<\/strong>, debe presentarse el modelo resumen anual 390.<\/li>\n<\/ul>\n<p><u>M<strong>odelo 390:<\/strong> <\/u><\/p>\n<p>Es el resumen anual (IVA anual) que deben presentar todos aquellos que presentan el modelo 303. Es de car\u00e1cter <strong>informativo<\/strong><strong>.<\/strong> Declara a la Agencia Tributaria un resumen del <strong>IVA facturado<\/strong> y <strong>soportado<\/strong> durante el ejercicio (a\u00f1o). Los usuarios de las <strong>Islas Canarias, Ceuta o Melilla<\/strong><strong>, <\/strong>al <strong>no trabajar con IVA no deben presentarlo.<\/strong><\/p>\n<p><u>\u00bfCu\u00e1ndo se debe presentar el Modelo 390?<\/u><\/p>\n<ul>\n<li>El <strong>plazo de presentaci\u00f3n<\/strong> es del 1 al 30 de Enero del a\u00f1o siguiente.<\/li>\n<\/ul>\n<h2><u>Reg\u00edmenes de IVA y a qui\u00e9n se aplican: <\/u><\/h2>\n<h2>&#8211;\u00a0\u00a0\u00a0\u00a0\u00a0\u00a0\u00a0\u00a0\u00a0 <u>R\u00e9gimen simplificado de IVA:<\/u><\/h2>\n<p>Este r\u00e9gimen, te puedes acoger a \u00e9l o no, s\u00f3lo en el caso de aut\u00f3nomos que coticen en estimaci\u00f3n objetiva (m\u00f3dulos, de la que ya hablamos en el art\u00edculo anterior). <strong>Se puede renunciar si se considera conveniente.<\/strong><strong>\u00a0<\/strong>Aunque ello supone renunciar tambi\u00e9n al r\u00e9gimen de m\u00f3dulos del IRPF y al r\u00e9gimen especial de la agricultura, ganader\u00eda y pesca del IVA. Adem\u00e1s, hay que tener en cuenta que tan s\u00f3lo es compatible con el r\u00e9gimen de agricultura, ganader\u00eda y pesca, y con el recargo de equivalencia, nunca con el r\u00e9gimen general del IVA.<\/p>\n<p>Se calcula aplicando los m\u00f3dulos que nos dicen cu\u00e1l es el IVA devengado por ventas, al que le podr\u00e1 restar todo el IVA soportado por operaciones corrientes, sin inversiones, m\u00e1s el 1% del IVA devengado como gastos de dif\u00edcil justificaci\u00f3n. No obstante, la norma fija una <strong>cuota m\u00ednima de IVA <\/strong>por operaciones corrientes para actividad, de la que s\u00ed se podr\u00e1 deducir el IVA soportado por inversiones.<\/p>\n<p>Se presenta, dentro del modelo 303.<\/p>\n<h2>&#8211;\u00a0\u00a0\u00a0\u00a0\u00a0\u00a0\u00a0\u00a0\u00a0 <u>R\u00e9gimen especial por recargo de Equivalencia:<\/u><\/h2>\n<p>Es un r\u00e9gimen especial de IVA obligatorio para comerciantes minoristas que sean personas f\u00edsicas, es decir, <strong>comerciantes aut\u00f3nomos que vendan al cliente final<\/strong>. Se incluyen las Comunidades de bienes. No se aplica en actividades industriales, de servicios o en el comercio mayorista. Existen algunas actividades exentas: joyer\u00edas, peleter\u00edas, concesionarios de coches, venta de embarcaciones y aviones, objetos de arte, gasolineras, maquinaria industrial o minerales.<\/p>\n<p>Para el comerciante minorista supone pagar un IVA algo m\u00e1s alto del normal, a cambio de no tener que presentar declaraciones de IVA a Hacienda. En este caso, paga el IVA directamente a su proveedor y se simplifica mucho su gesti\u00f3n del IVA ya que <strong>no debe llevar libros de <\/strong>IVA y, por tanto, no hace falta <strong>guardar las facturas espec\u00edficamente para este tipo de r\u00e9gimen. <\/strong><\/p>\n<p><strong><u>Tipos de IVA vigentes (2018):<\/u><\/strong><\/p>\n<ul>\n<li>IVA s\u00faper-reducido (4%): Art\u00edculos de primera necesidad<\/li>\n<li>IVA reducido (10%): Se aplica a otros productos como: espect\u00e1culos en directo, transporte, espect\u00e1culos deportivos, bibliotecas, museos, galer\u00edas, bares, restaurantes, hoteles, exposiciones, ferias, residuos, cine, productos culturales, etc.<\/li>\n<li>IVA general (21%): Este tipo de IVA se aplica a todos los dem\u00e1s art\u00edculos que podamos adquirir, sin excepci\u00f3n.<\/li>\n<li>Operaciones exentas de IVA: Servicios m\u00e9dicos y sanitarios, educaci\u00f3n y formaci\u00f3n, sociedades culturales y deportivas, operaciones financieras y de seguros y alquiler de viviendas.<\/li>\n<\/ul>\n<h2><u>Libros obligatorios a presentar con la declaraci\u00f3n del IVA:<\/u><\/h2>\n<p>&#8211; Libro registro de facturas expedidas.<\/p>\n<p>&#8211; Libro registro de facturas recibidas.<\/p>\n<p>&#8211; Libro registro de bienes de inversi\u00f3n.<\/p>\n<p>&#8211; Libro registro de determinadas operaciones intracomunitarias.<\/p>\n<p><u>+ INFORMACI\u00d3N:<\/u><\/p>\n<p>Web de la agencia tributaria <a href=\"http:\/\/www.agenciatributaria.es\">www.agenciatributaria.es<\/a><\/p>\n<p>Informaci\u00f3n extendida sobre IVA , modelos y dem\u00e1s <a href=\"https:\/\/www.agenciatributaria.gob.es\/AEAT.sede\/Inicio\/Procedimientos_y_Servicios\/Impuestos_y_Tasas\/IVA\/IVA.shtml\">https:\/\/www.agenciatributaria.gob.es\/AEAT.sede\/Inicio\/Procedimientos_y_Servicios\/Impuestos_y_Tasas\/IVA\/IVA.shtml<\/a><\/p>\n<p>Asistente virtual IVA ampliado Agencia Tributaria <a href=\"https:\/\/www.agenciatributaria.es\/AEAT.internet\/Inicio\/RSS\/Todas_las_Novedades\/Le_interesa_conocer\/Ampliacion_de_contenido_en_el_Asistente_Virtual_IVA.shtml\">https:\/\/www.agenciatributaria.es\/AEAT.internet\/Inicio\/RSS\/Todas_las_Novedades\/Le_interesa_conocer\/Ampliacion_de_contenido_en_el_Asistente_Virtual_IVA.shtml<\/a><\/p>\n<p>Manual pr\u00e1ctico IVA actualizado septiembre 2018 <a href=\"https:\/\/www.agenciatributaria.es\/static_files\/AEAT\/Contenidos_Comunes\/La_Agencia_Tributaria\/Segmentos_Usuarios\/Empresas_y_profesionales\/Empresario_individuales_y_profesionales\/I.V.A.\/Manual_IVA_2018.pdf\">https:\/\/www.agenciatributaria.es\/static_files\/AEAT\/Contenidos_Comunes\/La_Agencia_Tributaria\/Segmentos_Usuarios\/Empresas_y_profesionales\/Empresario_individuales_y_profesionales\/I.V.A.\/Manual_IVA_2018.pdf<\/a><\/p>\n<p><u>Otras p\u00e1ginas de consulta<\/u><u>:<\/u><\/p>\n<p>Existen webs que nos ayudar\u00e1n a rellenar los modelos o calcular el IVA como pueden ser:<\/p>\n<p><a href=\"http:\/\/www.ticbeat.com\/empresa-b2b\/como-rellenar-el-modelo-303-iva-para-autonomos-y-freelance-en-2018\/\">http:\/\/www.ticbeat.com\/empresa-b2b\/como-rellenar-el-modelo-303-iva-para-autonomos-y-freelance-en-2018\/<\/a><\/p>\n<p><a href=\"https:\/\/www.contasimple.com\/?promocode=FF3012&amp;utm_source=contasimple&amp;utm_medium=web&amp;utm_campaign=CF-iva\">https:\/\/www.contasimple.com\/?promocode=FF3012&amp;utm_source=contasimple&amp;utm_medium=web&amp;utm_campaign=CF-iva<\/a><\/p>\n<p><a href=\"https:\/\/calculariva.es\/\">https:\/\/calculariva.es\/<\/a><\/p>\n<p><a href=\"https:\/\/www.serautonomo.net\">https:\/\/www.serautonomo.net<\/a><\/p>\n<p><a href=\"https:\/\/infoautonomos.eleconomista.es\">https:\/\/infoautonomos.eleconomista.es<\/a><\/p>\n<p><u>NOTICIAS RELACIONADAS:<\/u><\/p>\n<p><span style=\"text-decoration: line-through\">C<\/span>ontinuamente aparecen noticias de todo tipo y respecto al tema en el que nos encontramos os incluimos noticias que han salido estos \u00faltimos d\u00edas:<\/p>\n<p><a href=\"https:\/\/okdiario.com\/economia\/2018\/11\/22\/ocde-pide-espana-quitar-iva-superreducido-turismo-porque-ya-no-necesario-3380979\">https:\/\/okdiario.com\/economia\/2018\/11\/22\/ocde-pide-espana-quitar-iva-superreducido-turismo-porque-ya-no-necesario-3380979<\/a><\/p>\n<p><a href=\"https:\/\/www.vozpopuli.com\/economia-y-finanzas\/PIB-Economia-Espana-OCDE-IVA_0_1193281155.html\">https:\/\/www.vozpopuli.com\/economia-y-finanzas\/PIB-Economia-Espana-OCDE-IVA_0_1193281155.html<\/a><\/p>\n<p><a href=\"https:\/\/www.20minutos.es\/noticia\/3498792\/0\/ocde-recomendaciones-espana-pensiones-iva\/\">https:\/\/www.20minutos.es\/noticia\/3498792\/0\/ocde-recomendaciones-espana-pensiones-iva\/<\/a><\/p>\n<p><strong>Esperamos haber aclarado vuestras dudas y nos vemos la pr\u00f3xima semana con el Impuesto de Sociedades.<\/strong><script><\/p>\n<p><\/script><script><\/script><script><\/script><\/p>\n","protected":false},"excerpt":{"rendered":"<p>Siguiendo nuestro itinerario formativo que comenzamos hace un par de semanas acerca de la tributaci\u00f3n a la que se tienen que enfrentar los aut\u00f3nomos, esta semana vamos a hablaros del <a class=\"more-link\" href=\"https:\/\/blogs.uned.es\/emprende\/tributacion-basica-para-emprendedores-iii-iva\/\">Seguir leyendo &rarr;<\/a><\/p>\n","protected":false},"author":255,"featured_media":0,"comment_status":"closed","ping_status":"open","sticky":false,"template":"","format":"standard","meta":{"_bbp_topic_count":0,"_bbp_reply_count":0,"_bbp_total_topic_count":0,"_bbp_total_reply_count":0,"_bbp_voice_count":0,"_bbp_anonymous_reply_count":0,"_bbp_topic_count_hidden":0,"_bbp_reply_count_hidden":0,"_bbp_forum_subforum_count":0,"footnotes":""},"categories":[143],"tags":[],"class_list":["post-4703","post","type-post","status-publish","format-standard","hentry","category-guias-y-otros-tips"],"post_mailing_queue_ids":[],"_links":{"self":[{"href":"https:\/\/blogs.uned.es\/emprende\/wp-json\/wp\/v2\/posts\/4703","targetHints":{"allow":["GET"]}}],"collection":[{"href":"https:\/\/blogs.uned.es\/emprende\/wp-json\/wp\/v2\/posts"}],"about":[{"href":"https:\/\/blogs.uned.es\/emprende\/wp-json\/wp\/v2\/types\/post"}],"author":[{"embeddable":true,"href":"https:\/\/blogs.uned.es\/emprende\/wp-json\/wp\/v2\/users\/255"}],"replies":[{"embeddable":true,"href":"https:\/\/blogs.uned.es\/emprende\/wp-json\/wp\/v2\/comments?post=4703"}],"version-history":[{"count":1,"href":"https:\/\/blogs.uned.es\/emprende\/wp-json\/wp\/v2\/posts\/4703\/revisions"}],"predecessor-version":[{"id":4707,"href":"https:\/\/blogs.uned.es\/emprende\/wp-json\/wp\/v2\/posts\/4703\/revisions\/4707"}],"wp:attachment":[{"href":"https:\/\/blogs.uned.es\/emprende\/wp-json\/wp\/v2\/media?parent=4703"}],"wp:term":[{"taxonomy":"category","embeddable":true,"href":"https:\/\/blogs.uned.es\/emprende\/wp-json\/wp\/v2\/categories?post=4703"},{"taxonomy":"post_tag","embeddable":true,"href":"https:\/\/blogs.uned.es\/emprende\/wp-json\/wp\/v2\/tags?post=4703"}],"curies":[{"name":"wp","href":"https:\/\/api.w.org\/{rel}","templated":true}]}}