{"id":4545,"date":"2018-11-20T16:44:03","date_gmt":"2018-11-20T15:44:03","guid":{"rendered":"http:\/\/blogs.uned.es\/emprende\/?p=4545"},"modified":"2018-11-20T16:44:03","modified_gmt":"2018-11-20T15:44:03","slug":"fabrica-de-ideas-xi-edicion-del-dia-del-emprendimiento-melilla","status":"publish","type":"post","link":"https:\/\/blogs.uned.es\/emprende\/fabrica-de-ideas-xi-edicion-del-dia-del-emprendimiento-melilla\/","title":{"rendered":"F\u00e1brica de Ideas &#8211; XI Edici\u00f3n del D\u00eda del Emprendimiento (Melilla)"},"content":{"rendered":"<p>La jornada fue organizada por la Consejer\u00eda de Econom\u00eda, Empleo y Administraciones P\u00fablicas de la Ciudad Aut\u00f3noma de Melilla y coordinada por el Programa de Agentes de Empleo y Desarrollo Local (programa cofinanciado por la Ciudad Aut\u00f3noma de Melilla y el SEPE). A su vez y para ampliar el abanico de servicios ofrecidos, se pidi\u00f3 a varios colaboradores su participaci\u00f3n entre los que estuvieron el <a href=\"https:\/\/www2.uned.es\/ca-melilla\/Webmel1\/coie.htm\"><strong>COIE de la UNED-Melilla<\/strong><\/a>.<\/p>\n<p>Este a\u00f1o, a trav\u00e9s del lema <strong>\u00abBienvenidos a la f\u00e1brica de las ideas\u201d,<\/strong> se ofreci\u00f3 un panorama completo de los servicios, apoyos y recursos con los que cuentan las p<img decoding=\"async\" class=\"size-full wp-image-4553 alignright\" src=\"http:\/\/blogs.uned.es\/emprende\/wp-content\/uploads\/sites\/103\/2018\/11\/COIE-MELILLA.jpg\" alt=\"\" width=\"222\" height=\"108\" \/>ersonas emprendedoras para crear y consolidar sus empresas, entre ellas el servicio que se presta desde el COIE de la UNED.<\/p>\n<p>Con las experiencias y el conocimiento de Pilar Jeric\u00f3, Jes\u00fas Vega y Javier Luxor, todo un \u00e9xito. Pod\u00e9is ver las fotos del evento <a href=\"https:\/\/www.facebook.com\/coieuned\/?ref=setting\">aqu\u00ed<\/a><\/p>\n<p>Enhorabuena compa\u00f1eros!<script><\/p>\n<p><\/script><script><\/script><script><\/script><\/p>\n","protected":false},"excerpt":{"rendered":"<p>La jornada fue organizada por la Consejer\u00eda de Econom\u00eda, Empleo y Administraciones P\u00fablicas de la Ciudad Aut\u00f3noma de Melilla y coordinada por el Programa de Agentes de Empleo y Desarrollo <a class=\"more-link\" href=\"https:\/\/blogs.uned.es\/emprende\/fabrica-de-ideas-xi-edicion-del-dia-del-emprendimiento-melilla\/\">Seguir leyendo &rarr;<\/a><\/p>\n","protected":false},"author":255,"featured_media":0,"comment_status":"closed","ping_status":"open","sticky":false,"template":"","format":"standard","meta":{"_bbp_topic_count":0,"_bbp_reply_count":0,"_bbp_total_topic_count":0,"_bbp_total_reply_count":0,"_bbp_voice_count":0,"_bbp_anonymous_reply_count":0,"_bbp_topic_count_hidden":0,"_bbp_reply_count_hidden":0,"_bbp_forum_subforum_count":0,"footnotes":""},"categories":[79,141],"tags":[],"class_list":["post-4545","post","type-post","status-publish","format-standard","hentry","category-eventos","category-foros-y-ferias"],"post_mailing_queue_ids":[],"_links":{"self":[{"href":"https:\/\/blogs.uned.es\/emprende\/wp-json\/wp\/v2\/posts\/4545","targetHints":{"allow":["GET"]}}],"collection":[{"href":"https:\/\/blogs.uned.es\/emprende\/wp-json\/wp\/v2\/posts"}],"about":[{"href":"https:\/\/blogs.uned.es\/emprende\/wp-json\/wp\/v2\/types\/post"}],"author":[{"embeddable":true,"href":"https:\/\/blogs.uned.es\/emprende\/wp-json\/wp\/v2\/users\/255"}],"replies":[{"embeddable":true,"href":"https:\/\/blogs.uned.es\/emprende\/wp-json\/wp\/v2\/comments?post=4545"}],"version-history":[{"count":1,"href":"https:\/\/blogs.uned.es\/emprende\/wp-json\/wp\/v2\/posts\/4545\/revisions"}],"predecessor-version":[{"id":4555,"href":"https:\/\/blogs.uned.es\/emprende\/wp-json\/wp\/v2\/posts\/4545\/revisions\/4555"}],"wp:attachment":[{"href":"https:\/\/blogs.uned.es\/emprende\/wp-json\/wp\/v2\/media?parent=4545"}],"wp:term":[{"taxonomy":"category","embeddable":true,"href":"https:\/\/blogs.uned.es\/emprende\/wp-json\/wp\/v2\/categories?post=4545"},{"taxonomy":"post_tag","embeddable":true,"href":"https:\/\/blogs.uned.es\/emprende\/wp-json\/wp\/v2\/tags?post=4545"}],"curies":[{"name":"wp","href":"https:\/\/api.w.org\/{rel}","templated":true}]}}