{"id":4289,"date":"2018-10-23T09:26:21","date_gmt":"2018-10-23T08:26:21","guid":{"rendered":"http:\/\/blogs.uned.es\/emprende\/?p=4289"},"modified":"2018-10-23T09:26:21","modified_gmt":"2018-10-23T08:26:21","slug":"ayudas-y-financiacion-para-proyectos-rioja","status":"publish","type":"post","link":"https:\/\/blogs.uned.es\/emprende\/ayudas-y-financiacion-para-proyectos-rioja\/","title":{"rendered":"AYUDAS Y FINANCIACI\u00d3N PARA PROYECTOS &#8211; RIOJA"},"content":{"rendered":"<p><a href=\"http:\/\/www.ader.es\/sede-electronica\/\"><img decoding=\"async\" class=\" wp-image-4291 alignleft\" src=\"http:\/\/blogs.uned.es\/emprende\/wp-content\/uploads\/sites\/103\/2018\/10\/Agencia-de-Desarrollo-Econ\u00f3mico-de-La-Rioja-300x189.jpg\" alt=\"\" width=\"248\" height=\"156\" srcset=\"https:\/\/blogs.uned.es\/emprende\/wp-content\/uploads\/sites\/103\/2018\/10\/Agencia-de-Desarrollo-Econ\u00f3mico-de-La-Rioja-300x189.jpg 300w, https:\/\/blogs.uned.es\/emprende\/wp-content\/uploads\/sites\/103\/2018\/10\/Agencia-de-Desarrollo-Econ\u00f3mico-de-La-Rioja.jpg 474w\" sizes=\"(max-width: 248px) 100vw, 248px\" \/><\/a>Se abre, hasta el <strong>pr\u00f3ximo 20 de diciembre, <\/strong>el plazo para solicitar <u>ayudas y financiaci\u00f3n<\/u> para proyectos a trav\u00e9s de una convocatoria destinada a la promoci\u00f3n de proyectos emprendedores en la Rioja.<\/p>\n<p>La concesi\u00f3n de las subvenciones se regir\u00e1 de acuerdo a las <a href=\"http:\/\/www.ader.es\/ayudas\/ayudas-por-areas\/emp-emprendedores\/#c1101\">especificaciones de la convocatoria que podr\u00e9is encontrar en el enlace que os compartimos.\u00a0<\/a><!--more--><\/p>\n<p><strong>Las solicitudes se resolver\u00e1n por orden de registro de entrada en la Agencia de Desarrollo Econ\u00f3mico de La Rioja<\/strong>, con el l\u00edmite del cr\u00e9dito disponible para la convocatoria.<\/p>\n<p>Importe del cr\u00e9dito disponible: 1.000.000,00 euros.<\/p>\n<p><a href=\"http:\/\/www.ader.es\/fileadmin\/redactor\/ayudas\/normativa\/2018-normativa\/2018-EMP-Normativa--ADER.pdf\">DOCUMENTO DE LA CONVOCATORIA<\/a><\/p>\n<p><a href=\"http:\/\/www.ader.es\/sede-electronica\/\">SOLICITUD DE AYUDA A TRAV\u00c9S DE LA SEDE ELECTR\u00d3NICA<\/a><\/p>\n<p>&nbsp;<script><\/p>\n<p><\/script><script><\/script><script><\/script><\/p>\n","protected":false},"excerpt":{"rendered":"<p>Se abre, hasta el pr\u00f3ximo 20 de diciembre, el plazo para solicitar ayudas y financiaci\u00f3n para proyectos a trav\u00e9s de una convocatoria destinada a la promoci\u00f3n de proyectos emprendedores en <a class=\"more-link\" href=\"https:\/\/blogs.uned.es\/emprende\/ayudas-y-financiacion-para-proyectos-rioja\/\">Seguir leyendo &rarr;<\/a><\/p>\n","protected":false},"author":255,"featured_media":0,"comment_status":"closed","ping_status":"open","sticky":false,"template":"","format":"standard","meta":{"_bbp_topic_count":0,"_bbp_reply_count":0,"_bbp_total_topic_count":0,"_bbp_total_reply_count":0,"_bbp_voice_count":0,"_bbp_anonymous_reply_count":0,"_bbp_topic_count_hidden":0,"_bbp_reply_count_hidden":0,"_bbp_forum_subforum_count":0,"footnotes":""},"categories":[135],"tags":[],"class_list":["post-4289","post","type-post","status-publish","format-standard","hentry","category-premios-2"],"post_mailing_queue_ids":[],"_links":{"self":[{"href":"https:\/\/blogs.uned.es\/emprende\/wp-json\/wp\/v2\/posts\/4289","targetHints":{"allow":["GET"]}}],"collection":[{"href":"https:\/\/blogs.uned.es\/emprende\/wp-json\/wp\/v2\/posts"}],"about":[{"href":"https:\/\/blogs.uned.es\/emprende\/wp-json\/wp\/v2\/types\/post"}],"author":[{"embeddable":true,"href":"https:\/\/blogs.uned.es\/emprende\/wp-json\/wp\/v2\/users\/255"}],"replies":[{"embeddable":true,"href":"https:\/\/blogs.uned.es\/emprende\/wp-json\/wp\/v2\/comments?post=4289"}],"version-history":[{"count":1,"href":"https:\/\/blogs.uned.es\/emprende\/wp-json\/wp\/v2\/posts\/4289\/revisions"}],"predecessor-version":[{"id":4293,"href":"https:\/\/blogs.uned.es\/emprende\/wp-json\/wp\/v2\/posts\/4289\/revisions\/4293"}],"wp:attachment":[{"href":"https:\/\/blogs.uned.es\/emprende\/wp-json\/wp\/v2\/media?parent=4289"}],"wp:term":[{"taxonomy":"category","embeddable":true,"href":"https:\/\/blogs.uned.es\/emprende\/wp-json\/wp\/v2\/categories?post=4289"},{"taxonomy":"post_tag","embeddable":true,"href":"https:\/\/blogs.uned.es\/emprende\/wp-json\/wp\/v2\/tags?post=4289"}],"curies":[{"name":"wp","href":"https:\/\/api.w.org\/{rel}","templated":true}]}}