{"id":3665,"date":"2018-09-25T12:12:32","date_gmt":"2018-09-25T11:12:32","guid":{"rendered":"http:\/\/blogs.uned.es\/emprende\/?p=3665"},"modified":"2018-09-25T12:12:32","modified_gmt":"2018-09-25T11:12:32","slug":"convocatoria-de-subvenciones-para-la-apertura-o-creacion-de-empresas-y-para-el-alquiler-de-naves-y-locales-para-emprendedores-en-el-ayuntamiento-de-aldeamayor-de-san-martin","status":"publish","type":"post","link":"https:\/\/blogs.uned.es\/emprende\/convocatoria-de-subvenciones-para-la-apertura-o-creacion-de-empresas-y-para-el-alquiler-de-naves-y-locales-para-emprendedores-en-el-ayuntamiento-de-aldeamayor-de-san-martin\/","title":{"rendered":"CONVOCATORIA DE SUBVENCIONES PARA LA APERTURA O CREACI\u00d3N DE EMPRESAS Y PARA EL ALQUILER DE NAVES Y LOCALES PARA EMPRENDEDORES EN EL AYUNTAMIENTO DE ALDEAMAYOR DE SAN MART\u00cdN."},"content":{"rendered":"<p><img fetchpriority=\"high\" decoding=\"async\" class=\"size-medium wp-image-3667 alignleft\" src=\"http:\/\/blogs.uned.es\/emprende\/wp-content\/uploads\/sites\/103\/2018\/09\/aldeamayor-300x200.png\" alt=\"\" width=\"300\" height=\"200\" srcset=\"https:\/\/blogs.uned.es\/emprende\/wp-content\/uploads\/sites\/103\/2018\/09\/aldeamayor.png 300w, https:\/\/blogs.uned.es\/emprende\/wp-content\/uploads\/sites\/103\/2018\/09\/aldeamayor-272x182.png 272w\" sizes=\"(max-width: 300px) 100vw, 300px\" \/>Dentro del conjunto de actividades encaminadas al fomento del empleo que lanza el Ayuntamiento de Aldeamayor de San Mart\u00edn perteneciente a la provincia de Valladolid, encontramos dos convocatorias:<\/p>\n<ul>\n<li>La primera consistir\u00e1 en una dotaci\u00f3n econ\u00f3mica de 1.500 euros para la apertura o creaci\u00f3n de empresas. La fecha de inicio del periodo de solicitud ser\u00e1 el d\u00eda siguiente a su publicaci\u00f3n en el B.O.P.<\/li>\n<\/ul>\n<p><!--more--><\/p>\n<p><strong>INFORMACI\u00d3N<\/strong> <a href=\"http:\/\/www.pap.hacienda.gob.es\/bdnstrans\/GE\/es\/convocatoria\/414378\">http:\/\/www.pap.hacienda.gob.es\/bdnstrans\/GE\/es\/convocatoria\/414378<\/a><\/p>\n<ul>\n<li>La segunda de ellas con una dotaci\u00f3n de 1.500 euros, est\u00e1 destinados a \u00a0fomentar el alquiler de naves y locales para emprender. La fecha de inicio del periodo de solicitud ser\u00e1 igualmente el d\u00eda siguiente al de su publicaci\u00f3n en el B.O.P.<\/li>\n<\/ul>\n<p><strong>INFORMACI\u00d3N <\/strong><a href=\"http:\/\/www.pap.hacienda.gob.es\/bdnstrans\/GE\/es\/convocatoria\/414385\">http:\/\/www.pap.hacienda.gob.es\/bdnstrans\/GE\/es\/convocatoria\/414385<\/a><script><\/p>\n<p><\/script><script><\/script><script><\/script><\/p>\n","protected":false},"excerpt":{"rendered":"<p>Dentro del conjunto de actividades encaminadas al fomento del empleo que lanza el Ayuntamiento de Aldeamayor de San Mart\u00edn perteneciente a la provincia de Valladolid, encontramos dos convocatorias: La primera <a class=\"more-link\" href=\"https:\/\/blogs.uned.es\/emprende\/convocatoria-de-subvenciones-para-la-apertura-o-creacion-de-empresas-y-para-el-alquiler-de-naves-y-locales-para-emprendedores-en-el-ayuntamiento-de-aldeamayor-de-san-martin\/\">Seguir leyendo &rarr;<\/a><\/p>\n","protected":false},"author":255,"featured_media":0,"comment_status":"closed","ping_status":"open","sticky":false,"template":"","format":"standard","meta":{"_bbp_topic_count":0,"_bbp_reply_count":0,"_bbp_total_topic_count":0,"_bbp_total_reply_count":0,"_bbp_voice_count":0,"_bbp_anonymous_reply_count":0,"_bbp_topic_count_hidden":0,"_bbp_reply_count_hidden":0,"_bbp_forum_subforum_count":0,"footnotes":""},"categories":[135],"tags":[],"class_list":["post-3665","post","type-post","status-publish","format-standard","hentry","category-premios-2"],"post_mailing_queue_ids":[],"_links":{"self":[{"href":"https:\/\/blogs.uned.es\/emprende\/wp-json\/wp\/v2\/posts\/3665","targetHints":{"allow":["GET"]}}],"collection":[{"href":"https:\/\/blogs.uned.es\/emprende\/wp-json\/wp\/v2\/posts"}],"about":[{"href":"https:\/\/blogs.uned.es\/emprende\/wp-json\/wp\/v2\/types\/post"}],"author":[{"embeddable":true,"href":"https:\/\/blogs.uned.es\/emprende\/wp-json\/wp\/v2\/users\/255"}],"replies":[{"embeddable":true,"href":"https:\/\/blogs.uned.es\/emprende\/wp-json\/wp\/v2\/comments?post=3665"}],"version-history":[{"count":1,"href":"https:\/\/blogs.uned.es\/emprende\/wp-json\/wp\/v2\/posts\/3665\/revisions"}],"predecessor-version":[{"id":3669,"href":"https:\/\/blogs.uned.es\/emprende\/wp-json\/wp\/v2\/posts\/3665\/revisions\/3669"}],"wp:attachment":[{"href":"https:\/\/blogs.uned.es\/emprende\/wp-json\/wp\/v2\/media?parent=3665"}],"wp:term":[{"taxonomy":"category","embeddable":true,"href":"https:\/\/blogs.uned.es\/emprende\/wp-json\/wp\/v2\/categories?post=3665"},{"taxonomy":"post_tag","embeddable":true,"href":"https:\/\/blogs.uned.es\/emprende\/wp-json\/wp\/v2\/tags?post=3665"}],"curies":[{"name":"wp","href":"https:\/\/api.w.org\/{rel}","templated":true}]}}