{"id":3655,"date":"2018-09-21T13:25:48","date_gmt":"2018-09-21T12:25:48","guid":{"rendered":"http:\/\/blogs.uned.es\/emprende\/?p=3655"},"modified":"2018-09-25T12:25:09","modified_gmt":"2018-09-25T11:25:09","slug":"pluriactividad-y-jubilacion","status":"publish","type":"post","link":"https:\/\/blogs.uned.es\/emprende\/pluriactividad-y-jubilacion\/","title":{"rendered":"Pluriactividad y Jubilaci\u00f3n"},"content":{"rendered":"<p><img fetchpriority=\"high\" decoding=\"async\" class=\"size-medium wp-image-3657 alignleft\" src=\"http:\/\/blogs.uned.es\/emprende\/wp-content\/uploads\/sites\/103\/2018\/09\/grandpa-23878_960_720-300x222.png\" alt=\"\" width=\"300\" height=\"222\" srcset=\"https:\/\/blogs.uned.es\/emprende\/wp-content\/uploads\/sites\/103\/2018\/09\/grandpa-23878_960_720-300x222.png 300w, https:\/\/blogs.uned.es\/emprende\/wp-content\/uploads\/sites\/103\/2018\/09\/grandpa-23878_960_720-768x569.png 768w, https:\/\/blogs.uned.es\/emprende\/wp-content\/uploads\/sites\/103\/2018\/09\/grandpa-23878_960_720-624x462.png 624w, https:\/\/blogs.uned.es\/emprende\/wp-content\/uploads\/sites\/103\/2018\/09\/grandpa-23878_960_720.png 960w\" sizes=\"(max-width: 300px) 100vw, 300px\" \/>Hoy queremos intentar esclarecer un tema importante que genera multitud de dudas: c\u00f3mo computan los a\u00f1os cotizados para el cobro de la pensi\u00f3n en <strong>situaci\u00f3n de pluriactividad<\/strong> (como asalariado y aut\u00f3nomo conjuntamente)<\/p>\n<p>Queremos hacer hincapi\u00e9 en la pluriactividad concretamente, ya que es cada vez m\u00e1s habitual con la peculiaridad de que reciben ingresos de dos fuentes: una por rendimientos del trabajo y otra por la realizaci\u00f3n de actividades profesionales.<!--more--><\/p>\n<p>La pluriactividad tiene un impacto en la pensi\u00f3n de jubilaci\u00f3n ya que en esta situaci\u00f3n se est\u00e1 aportando m\u00e1s cantidad de dinero a la \u201c<a href=\"https:\/\/www.segurosdetuatu.es\/posts\/en-que-consiste-la-hucha-de-las-pensiones-asi-funciona-el-fondo-de-la-reserva-de-la-seguridad-social\">hucha de las pensiones<\/a>\u201d.<\/p>\n<p><strong>\u00bfEsto posibilita cobrar dos pensiones?<\/strong><\/p>\n<p>Si, si se cumplen los requisitos necesarios <u>en cada uno<\/u> de los reg\u00edmenes:<\/p>\n<ul>\n<li>El periodo de carencia: que consiste en haber cotizado un m\u00ednimo de 15 a\u00f1os<\/li>\n<li>Y que se hayan cotizado, al menos dos a\u00f1os, en el periodo comprendido en los 15 a\u00f1os previos a la solicitud de jubilaci\u00f3n.<\/li>\n<\/ul>\n<p>En el caso de no haber generado derecho a dos pensiones, se totalizar\u00e1n los periodos, y los trabajadores se jubilar\u00e1n por el r\u00e9gimen en el que se encuentren cotizando en el momento de solicitar la jubilaci\u00f3n.<\/p>\n<p>Si este \u00faltimo caso tampoco se cumpliera, causar\u00e1 jubilaci\u00f3n por el r\u00e9gimen en el que haya cotizado m\u00e1s a\u00f1os.<\/p>\n<p>Y, por \u00faltimo, si las cotizaciones se han solapado en el tiempo, las que se hayan producido en el r\u00e9gimen por el que no se causa jubilaci\u00f3n, podr\u00e1n acumularse a las del r\u00e9gimen por el que se accede a la jubilaci\u00f3n a efectos del c\u00e1lculo de la base reguladora, sin que en ning\u00fan caso se pueda exceder la base m\u00e1xima de cotizaci\u00f3n establecida por ley en cada momento.<\/p>\n<p>En resumen, para hacer una estimaci\u00f3n de la pensi\u00f3n de jubilaci\u00f3n tendremos en cuenta todos los per\u00edodos cotizados en los diferentes reg\u00edmenes, tanto por el R\u00e9gimen General como por el R\u00e9gimen Especial de Trabajadores Aut\u00f3nomos. Espero os haya aclarado y os sirva para que vuestra jubilaci\u00f3n sea lo m\u00e1s placentera posible.<script><\/p>\n<p><\/script><script><\/script><script><\/script><\/p>\n","protected":false},"excerpt":{"rendered":"<p>Hoy queremos intentar esclarecer un tema importante que genera multitud de dudas: c\u00f3mo computan los a\u00f1os cotizados para el cobro de la pensi\u00f3n en situaci\u00f3n de pluriactividad (como asalariado y <a class=\"more-link\" href=\"https:\/\/blogs.uned.es\/emprende\/pluriactividad-y-jubilacion\/\">Seguir leyendo &rarr;<\/a><\/p>\n","protected":false},"author":255,"featured_media":0,"comment_status":"closed","ping_status":"open","sticky":false,"template":"","format":"standard","meta":{"_bbp_topic_count":0,"_bbp_reply_count":0,"_bbp_total_topic_count":0,"_bbp_total_reply_count":0,"_bbp_voice_count":0,"_bbp_anonymous_reply_count":0,"_bbp_topic_count_hidden":0,"_bbp_reply_count_hidden":0,"_bbp_forum_subforum_count":0,"footnotes":""},"categories":[143],"tags":[],"class_list":["post-3655","post","type-post","status-publish","format-standard","hentry","category-guias-y-otros-tips"],"post_mailing_queue_ids":[],"_links":{"self":[{"href":"https:\/\/blogs.uned.es\/emprende\/wp-json\/wp\/v2\/posts\/3655","targetHints":{"allow":["GET"]}}],"collection":[{"href":"https:\/\/blogs.uned.es\/emprende\/wp-json\/wp\/v2\/posts"}],"about":[{"href":"https:\/\/blogs.uned.es\/emprende\/wp-json\/wp\/v2\/types\/post"}],"author":[{"embeddable":true,"href":"https:\/\/blogs.uned.es\/emprende\/wp-json\/wp\/v2\/users\/255"}],"replies":[{"embeddable":true,"href":"https:\/\/blogs.uned.es\/emprende\/wp-json\/wp\/v2\/comments?post=3655"}],"version-history":[{"count":2,"href":"https:\/\/blogs.uned.es\/emprende\/wp-json\/wp\/v2\/posts\/3655\/revisions"}],"predecessor-version":[{"id":3671,"href":"https:\/\/blogs.uned.es\/emprende\/wp-json\/wp\/v2\/posts\/3655\/revisions\/3671"}],"wp:attachment":[{"href":"https:\/\/blogs.uned.es\/emprende\/wp-json\/wp\/v2\/media?parent=3655"}],"wp:term":[{"taxonomy":"category","embeddable":true,"href":"https:\/\/blogs.uned.es\/emprende\/wp-json\/wp\/v2\/categories?post=3655"},{"taxonomy":"post_tag","embeddable":true,"href":"https:\/\/blogs.uned.es\/emprende\/wp-json\/wp\/v2\/tags?post=3655"}],"curies":[{"name":"wp","href":"https:\/\/api.w.org\/{rel}","templated":true}]}}