{"id":3647,"date":"2018-09-19T11:39:09","date_gmt":"2018-09-19T10:39:09","guid":{"rendered":"http:\/\/blogs.uned.es\/emprende\/?p=3647"},"modified":"2018-09-19T11:39:09","modified_gmt":"2018-09-19T10:39:09","slug":"cursos-gratuitos-para-emprendedores-en-valencia","status":"publish","type":"post","link":"https:\/\/blogs.uned.es\/emprende\/cursos-gratuitos-para-emprendedores-en-valencia\/","title":{"rendered":"CURSOS GRATUITOS PARA EMPRENDEDORES EN VALENCIA"},"content":{"rendered":"<p><img decoding=\"async\" class=\"size-full wp-image-3649 alignleft\" src=\"http:\/\/blogs.uned.es\/emprende\/wp-content\/uploads\/sites\/103\/2018\/09\/LogoValenciactiva.png\" alt=\"\" width=\"270\" height=\"43\" \/>Ya est\u00e1 abierto el plazo de inscripci\u00f3n de los cursos gratuitos que organiza el \u00a0Ayuntamiento de Valencia y que con car\u00e1cter multidisciplinar impartir\u00e1 la C\u00e1mara de Comercio de Valencia. Tendr\u00e1n lugar del 18 de septiembre al 15 de noviembre.<!--more--><\/p>\n<p>Estos cursos denominados \u201cC\u00e1psulas para emprender\u201d est\u00e1n dirigidos a personas que deseen comenzar su andadura profesional o que quieran profundizar en un conocimiento determinado. Estar\u00e1n compuestos por m\u00f3dulos independientes por lo que cada uno podr\u00e1 elegir entre asistir a todos o s\u00f3lo a aquellos de su inter\u00e9s.<\/p>\n<p><strong>INSCRIPCIONES Y M\u00c1S INFORMACI\u00d3N<\/strong> <a href=\"http:\/\/valenciactiva.valencia.es\/\">http:\/\/valenciactiva.valencia.es\/<\/a><script><\/p>\n<p><\/script><script><\/script><script><\/script><\/p>\n","protected":false},"excerpt":{"rendered":"<p>Ya est\u00e1 abierto el plazo de inscripci\u00f3n de los cursos gratuitos que organiza el \u00a0Ayuntamiento de Valencia y que con car\u00e1cter multidisciplinar impartir\u00e1 la C\u00e1mara de Comercio de Valencia. Tendr\u00e1n <a class=\"more-link\" href=\"https:\/\/blogs.uned.es\/emprende\/cursos-gratuitos-para-emprendedores-en-valencia\/\">Seguir leyendo &rarr;<\/a><\/p>\n","protected":false},"author":255,"featured_media":0,"comment_status":"closed","ping_status":"open","sticky":false,"template":"","format":"standard","meta":{"_bbp_topic_count":0,"_bbp_reply_count":0,"_bbp_total_topic_count":0,"_bbp_total_reply_count":0,"_bbp_voice_count":0,"_bbp_anonymous_reply_count":0,"_bbp_topic_count_hidden":0,"_bbp_reply_count_hidden":0,"_bbp_forum_subforum_count":0,"footnotes":""},"categories":[139],"tags":[],"class_list":["post-3647","post","type-post","status-publish","format-standard","hentry","category-cursos-de-formacion"],"post_mailing_queue_ids":[],"_links":{"self":[{"href":"https:\/\/blogs.uned.es\/emprende\/wp-json\/wp\/v2\/posts\/3647","targetHints":{"allow":["GET"]}}],"collection":[{"href":"https:\/\/blogs.uned.es\/emprende\/wp-json\/wp\/v2\/posts"}],"about":[{"href":"https:\/\/blogs.uned.es\/emprende\/wp-json\/wp\/v2\/types\/post"}],"author":[{"embeddable":true,"href":"https:\/\/blogs.uned.es\/emprende\/wp-json\/wp\/v2\/users\/255"}],"replies":[{"embeddable":true,"href":"https:\/\/blogs.uned.es\/emprende\/wp-json\/wp\/v2\/comments?post=3647"}],"version-history":[{"count":1,"href":"https:\/\/blogs.uned.es\/emprende\/wp-json\/wp\/v2\/posts\/3647\/revisions"}],"predecessor-version":[{"id":3651,"href":"https:\/\/blogs.uned.es\/emprende\/wp-json\/wp\/v2\/posts\/3647\/revisions\/3651"}],"wp:attachment":[{"href":"https:\/\/blogs.uned.es\/emprende\/wp-json\/wp\/v2\/media?parent=3647"}],"wp:term":[{"taxonomy":"category","embeddable":true,"href":"https:\/\/blogs.uned.es\/emprende\/wp-json\/wp\/v2\/categories?post=3647"},{"taxonomy":"post_tag","embeddable":true,"href":"https:\/\/blogs.uned.es\/emprende\/wp-json\/wp\/v2\/tags?post=3647"}],"curies":[{"name":"wp","href":"https:\/\/api.w.org\/{rel}","templated":true}]}}