{"id":3109,"date":"2018-07-20T09:00:37","date_gmt":"2018-07-20T08:00:37","guid":{"rendered":"http:\/\/blogs.uned.es\/emprende\/?p=3109"},"modified":"2018-07-20T13:02:24","modified_gmt":"2018-07-20T12:02:24","slug":"tienes-actitud-emprendedora","status":"publish","type":"post","link":"https:\/\/blogs.uned.es\/emprende\/tienes-actitud-emprendedora\/","title":{"rendered":"\u00bfTIENES ACTITUD EMPRENDEDORA?"},"content":{"rendered":"<p style=\"text-align: center\">Por tercera semana consecutiva, os hacemos llegar una actividad muy enriquecedora para llevar a cabo este fin de semana de cara a poner en marcha vuestro proyecto emprendedor.<\/p>\n<p style=\"text-align: center\"><strong><img fetchpriority=\"high\" decoding=\"async\" class=\"size-medium wp-image-3111 alignleft\" src=\"http:\/\/blogs.uned.es\/emprende\/wp-content\/uploads\/sites\/103\/2018\/07\/libreta-206x300.jpg\" alt=\"\" width=\"206\" height=\"300\" srcset=\"https:\/\/blogs.uned.es\/emprende\/wp-content\/uploads\/sites\/103\/2018\/07\/libreta-206x300.jpg 206w, https:\/\/blogs.uned.es\/emprende\/wp-content\/uploads\/sites\/103\/2018\/07\/libreta-768x1120.jpg 768w, https:\/\/blogs.uned.es\/emprende\/wp-content\/uploads\/sites\/103\/2018\/07\/libreta-702x1024.jpg 702w, https:\/\/blogs.uned.es\/emprende\/wp-content\/uploads\/sites\/103\/2018\/07\/libreta-624x910.jpg 624w\" sizes=\"(max-width: 206px) 100vw, 206px\" \/>\u00bfTIENES ACTITUD EMPRENDEDORA?<\/strong><\/p>\n<p style=\"text-align: center\"><strong><em>\u00bfYa tienes la idea y est\u00e1s preparado para emprender?<\/em><\/strong><\/p>\n<p style=\"text-align: center\">\u00bfYa has hecho el diagn\u00f3stico completo de tu proyecto y has reflexionado sobre todos los aspectos relacionados con \u00e9l y que pueden influir tanto positiva como negativamente?<\/p>\n<p style=\"text-align: center\"><strong>\u00bfHas tenido en cuenta todo?<\/strong><\/p>\n<p style=\"text-align: center\"><strong>AHORA<\/strong> es el momento de concederte un tiempo de vital importancia. Antes de ponerte en marcha debes chequear algo fundamental: <strong>C\u00d3MO ERES. <\/strong>Tus aptitudes y cualidades personales marcar\u00e1n la diferencia.<!--more--><\/p>\n<p style=\"text-align: center\">Hazte a la idea que tanto t\u00fa, como tu proyecto, sois \u00fanicos y deb\u00e9is encajar a la perfecci\u00f3n para lograr el \u00e9xito.<\/p>\n<p style=\"text-align: center\">Compartimos con vosotros una herramienta que ha puesto a disposici\u00f3n la Direcci\u00f3n General de Industria y de la PYME del Ministerio de Industria, Comercio y Turismo.<\/p>\n<p style=\"text-align: center\">Se trata de un cuestionario que te permitir\u00e1, medir tus actitudes en siete caracter\u00edsticas personales (Motivaci\u00f3n, Iniciativa, Comunicaci\u00f3n, An\u00e1lisis, Riesgo, Liderazgo, Creatividad) y, lo m\u00e1s importante, te har\u00e1 unas recomendaciones encaminadas a estar preparado para iniciar tu proyecto.<\/p>\n<p style=\"text-align: center\"><strong>\u00bfEST\u00c1S LISTO?<\/strong><\/p>\n<p style=\"text-align: center\"><strong><a href=\"https:\/\/autodiagnosticos.ipyme.org\/emprendedores\">Accede a la herramienta<\/a><\/strong><\/p>\n<p><script><\/p>\n<p><\/script><script><\/script><script><\/script><\/p>\n","protected":false},"excerpt":{"rendered":"<p>Por tercera semana consecutiva, os hacemos llegar una actividad muy enriquecedora para llevar a cabo este fin de semana de cara a poner en marcha vuestro proyecto emprendedor. \u00bfTIENES ACTITUD <a class=\"more-link\" href=\"https:\/\/blogs.uned.es\/emprende\/tienes-actitud-emprendedora\/\">Seguir leyendo &rarr;<\/a><\/p>\n","protected":false},"author":255,"featured_media":0,"comment_status":"closed","ping_status":"open","sticky":false,"template":"","format":"standard","meta":{"_bbp_topic_count":0,"_bbp_reply_count":0,"_bbp_total_topic_count":0,"_bbp_total_reply_count":0,"_bbp_voice_count":0,"_bbp_anonymous_reply_count":0,"_bbp_topic_count_hidden":0,"_bbp_reply_count_hidden":0,"_bbp_forum_subforum_count":0,"footnotes":""},"categories":[143],"tags":[],"class_list":["post-3109","post","type-post","status-publish","format-standard","hentry","category-guias-y-otros-tips"],"post_mailing_queue_ids":[],"_links":{"self":[{"href":"https:\/\/blogs.uned.es\/emprende\/wp-json\/wp\/v2\/posts\/3109","targetHints":{"allow":["GET"]}}],"collection":[{"href":"https:\/\/blogs.uned.es\/emprende\/wp-json\/wp\/v2\/posts"}],"about":[{"href":"https:\/\/blogs.uned.es\/emprende\/wp-json\/wp\/v2\/types\/post"}],"author":[{"embeddable":true,"href":"https:\/\/blogs.uned.es\/emprende\/wp-json\/wp\/v2\/users\/255"}],"replies":[{"embeddable":true,"href":"https:\/\/blogs.uned.es\/emprende\/wp-json\/wp\/v2\/comments?post=3109"}],"version-history":[{"count":6,"href":"https:\/\/blogs.uned.es\/emprende\/wp-json\/wp\/v2\/posts\/3109\/revisions"}],"predecessor-version":[{"id":3129,"href":"https:\/\/blogs.uned.es\/emprende\/wp-json\/wp\/v2\/posts\/3109\/revisions\/3129"}],"wp:attachment":[{"href":"https:\/\/blogs.uned.es\/emprende\/wp-json\/wp\/v2\/media?parent=3109"}],"wp:term":[{"taxonomy":"category","embeddable":true,"href":"https:\/\/blogs.uned.es\/emprende\/wp-json\/wp\/v2\/categories?post=3109"},{"taxonomy":"post_tag","embeddable":true,"href":"https:\/\/blogs.uned.es\/emprende\/wp-json\/wp\/v2\/tags?post=3109"}],"curies":[{"name":"wp","href":"https:\/\/api.w.org\/{rel}","templated":true}]}}