{"id":3059,"date":"2018-07-17T10:57:19","date_gmt":"2018-07-17T09:57:19","guid":{"rendered":"http:\/\/blogs.uned.es\/emprende\/?p=3059"},"modified":"2018-07-17T10:58:34","modified_gmt":"2018-07-17T09:58:34","slug":"ii-edicion-de-los-premios-mad-a-proyectos-de-impacto-social","status":"publish","type":"post","link":"https:\/\/blogs.uned.es\/emprende\/ii-edicion-de-los-premios-mad-a-proyectos-de-impacto-social\/","title":{"rendered":"II EDICI\u00d3N DE LOS PREMIOS MAD+ A PROYECTOS DE IMPACTO SOCIAL"},"content":{"rendered":"<p><img fetchpriority=\"high\" decoding=\"async\" class=\" wp-image-3061 alignleft\" src=\"http:\/\/blogs.uned.es\/emprende\/wp-content\/uploads\/sites\/103\/2018\/07\/II-PREMIOS-EMPRENDIMIENTO-SOCIAL-MAD-300x150.png\" alt=\"\" width=\"344\" height=\"172\" srcset=\"https:\/\/blogs.uned.es\/emprende\/wp-content\/uploads\/sites\/103\/2018\/07\/II-PREMIOS-EMPRENDIMIENTO-SOCIAL-MAD-300x150.png 300w, https:\/\/blogs.uned.es\/emprende\/wp-content\/uploads\/sites\/103\/2018\/07\/II-PREMIOS-EMPRENDIMIENTO-SOCIAL-MAD-768x384.png 768w, https:\/\/blogs.uned.es\/emprende\/wp-content\/uploads\/sites\/103\/2018\/07\/II-PREMIOS-EMPRENDIMIENTO-SOCIAL-MAD-624x312.png 624w, https:\/\/blogs.uned.es\/emprende\/wp-content\/uploads\/sites\/103\/2018\/07\/II-PREMIOS-EMPRENDIMIENTO-SOCIAL-MAD.png 858w\" sizes=\"(max-width: 344px) 100vw, 344px\" \/>El <strong>Ayuntamiento de Madrid<\/strong> convoca, a trav\u00e9s de la Direcci\u00f3n General de Comercio y Emprendimiento, la II edici\u00f3n de los Premios MAD+, que otorgar\u00e1 <strong>24.000 euros<\/strong> a los mejores proyectos. Con un primer premio de 20.000\u20ac y un segundo premio de 4.000\u20ac.<\/p>\n<p><!--more--><\/p>\n<p>Adem\u00e1s,la organizaci\u00f3n dar\u00e1 <strong>visibilidad a los 10 proyectos finalistas<\/strong> mediante un evento p\u00fablico en el que cada uno de los diez proyectos podr\u00e1 presentarse ante integrantes del ecosistema de emprendimiento social y ante la ciudadan\u00eda en general.<\/p>\n<p>El <strong>plazo de presentaci\u00f3n de solicitudes<\/strong> est\u00e1 <strong>abierto<\/strong> hasta el<strong> 20 de agosto de 2018<\/strong>.<\/p>\n<p>Los <strong>criterios de valoraci\u00f3n<\/strong> para la selecci\u00f3n de los 10 proyectos finalistas para la concesi\u00f3n del premio son:<\/p>\n<ol>\n<li>Valor social creado o capacidad del proyecto para <u>transformar la sociedad<\/u>, producir cambios que impliquen una soluci\u00f3n\/mejora en las estructuras y\/o en las conductas del colectivo que se beneficia.<\/li>\n<li><u>Origen de la idea<\/u>, evoluci\u00f3n y actuaciones realizadas por los promotores para implantar el proyecto de manera que contribuya a solucionar los problemas detectados en origen.<\/li>\n<li><u>Principios \u00e9ticos<\/u> que rigen la direcci\u00f3n de la empresa y actuaciones impulsadas por esa misma direcci\u00f3n tendentes a crear conciencia social entre sus empleados, clientes, inversores, etc.<\/li>\n<li>Capacidad del modelo de negocio para <u>crecer e internacionalizarse<\/u>. Elementos del proyecto que favorezcan su reproducci\u00f3n a mayor escala.<\/li>\n<\/ol>\n<p>Toda la informaci\u00f3n est\u00e1 disponible en\u00a0\u00a0<a href=\"http:\/\/madridemprende.es\/es\/apoyo-integral-al-emprendimiento\/premios-de-emprendimiento\/premios-mad\">madridemprende.es<\/a><\/p>\n<p><a href=\"https:\/\/sede.madrid.es\/sites\/v\/index.jsp?vgnextoid=8ff17be1e6d7c510VgnVCM1000001d4a900aRCRD&amp;vgnextchannel=f47ea38813180210VgnVCM100000c90da8c0RCRD\">Solicitud<\/a> de participaci\u00f3n y condiciones.<script><\/p>\n<p><\/script><script><\/script><script><\/script><\/p>\n","protected":false},"excerpt":{"rendered":"<p>El Ayuntamiento de Madrid convoca, a trav\u00e9s de la Direcci\u00f3n General de Comercio y Emprendimiento, la II edici\u00f3n de los Premios MAD+, que otorgar\u00e1 24.000 euros a los mejores proyectos. <a class=\"more-link\" href=\"https:\/\/blogs.uned.es\/emprende\/ii-edicion-de-los-premios-mad-a-proyectos-de-impacto-social\/\">Seguir leyendo &rarr;<\/a><\/p>\n","protected":false},"author":255,"featured_media":0,"comment_status":"closed","ping_status":"open","sticky":false,"template":"","format":"standard","meta":{"_bbp_topic_count":0,"_bbp_reply_count":0,"_bbp_total_topic_count":0,"_bbp_total_reply_count":0,"_bbp_voice_count":0,"_bbp_anonymous_reply_count":0,"_bbp_topic_count_hidden":0,"_bbp_reply_count_hidden":0,"_bbp_forum_subforum_count":0,"footnotes":""},"categories":[135],"tags":[],"class_list":["post-3059","post","type-post","status-publish","format-standard","hentry","category-premios-2"],"post_mailing_queue_ids":[],"_links":{"self":[{"href":"https:\/\/blogs.uned.es\/emprende\/wp-json\/wp\/v2\/posts\/3059","targetHints":{"allow":["GET"]}}],"collection":[{"href":"https:\/\/blogs.uned.es\/emprende\/wp-json\/wp\/v2\/posts"}],"about":[{"href":"https:\/\/blogs.uned.es\/emprende\/wp-json\/wp\/v2\/types\/post"}],"author":[{"embeddable":true,"href":"https:\/\/blogs.uned.es\/emprende\/wp-json\/wp\/v2\/users\/255"}],"replies":[{"embeddable":true,"href":"https:\/\/blogs.uned.es\/emprende\/wp-json\/wp\/v2\/comments?post=3059"}],"version-history":[{"count":2,"href":"https:\/\/blogs.uned.es\/emprende\/wp-json\/wp\/v2\/posts\/3059\/revisions"}],"predecessor-version":[{"id":3065,"href":"https:\/\/blogs.uned.es\/emprende\/wp-json\/wp\/v2\/posts\/3059\/revisions\/3065"}],"wp:attachment":[{"href":"https:\/\/blogs.uned.es\/emprende\/wp-json\/wp\/v2\/media?parent=3059"}],"wp:term":[{"taxonomy":"category","embeddable":true,"href":"https:\/\/blogs.uned.es\/emprende\/wp-json\/wp\/v2\/categories?post=3059"},{"taxonomy":"post_tag","embeddable":true,"href":"https:\/\/blogs.uned.es\/emprende\/wp-json\/wp\/v2\/tags?post=3059"}],"curies":[{"name":"wp","href":"https:\/\/api.w.org\/{rel}","templated":true}]}}