{"id":2945,"date":"2018-07-11T12:24:44","date_gmt":"2018-07-11T11:24:44","guid":{"rendered":"http:\/\/blogs.uned.es\/emprende\/?p=2945"},"modified":"2018-07-17T12:26:32","modified_gmt":"2018-07-17T11:26:32","slug":"eres-extremeno-vives-fuera-y-te-gustaria-volver-para-desarrollar-tu-proyecto-empresarial-esta-es-tu-oportunidad","status":"publish","type":"post","link":"https:\/\/blogs.uned.es\/emprende\/eres-extremeno-vives-fuera-y-te-gustaria-volver-para-desarrollar-tu-proyecto-empresarial-esta-es-tu-oportunidad\/","title":{"rendered":"\u00bfERES EXTREME\u00d1O, VIVES FUERA Y TE GUSTAR\u00cdA VOLVER PARA DESARROLLAR TU PROYECTO EMPRESARIAL? \u00a1\u00c9STA ES TU OPORTUNIDAD!"},"content":{"rendered":"<p><img fetchpriority=\"high\" decoding=\"async\" class=\"wp-image-2947 alignleft\" src=\"http:\/\/blogs.uned.es\/emprende\/wp-content\/uploads\/sites\/103\/2018\/07\/retorno-talento-002.jpg\" alt=\"\" width=\"290\" height=\"208\" \/><\/p>\n<p>Esta convocatoria otorga <strong>5.600 euros<\/strong> en becas encaminadas al retorno del talento extreme\u00f1o, y posibilitando su asentamiento de nuevo en Extremadura a trav\u00e9s de la creaci\u00f3n de una empresa.<\/p>\n<p>El plazo est\u00e1 abierto hasta el <strong>15 de noviembre<\/strong> plazo para solicitar estas ayudas.<!--more--><\/p>\n<p>Adem\u00e1s, y a parte de los 5.600 euros, los becados podr\u00e1n obtener un autodiagn\u00f3stico online, formaci\u00f3n online y tutor\u00edas.<\/p>\n<p>Toda la informaci\u00f3n en el siguiente <a href=\"https:\/\/extremaduraempresarial.juntaex.es\/web\/guest\/subvenciones?idContenido=10337601&amp;redirect=\/subvenciones\">enlace<\/a><\/p>\n<p>&nbsp;<script><\/p>\n<p><\/script><script><\/script><script><\/script><\/p>\n","protected":false},"excerpt":{"rendered":"<p>Esta convocatoria otorga 5.600 euros en becas encaminadas al retorno del talento extreme\u00f1o, y posibilitando su asentamiento de nuevo en Extremadura a trav\u00e9s de la creaci\u00f3n de una empresa. El <a class=\"more-link\" href=\"https:\/\/blogs.uned.es\/emprende\/eres-extremeno-vives-fuera-y-te-gustaria-volver-para-desarrollar-tu-proyecto-empresarial-esta-es-tu-oportunidad\/\">Seguir leyendo &rarr;<\/a><\/p>\n","protected":false},"author":255,"featured_media":0,"comment_status":"closed","ping_status":"open","sticky":false,"template":"","format":"standard","meta":{"_bbp_topic_count":0,"_bbp_reply_count":0,"_bbp_total_topic_count":0,"_bbp_total_reply_count":0,"_bbp_voice_count":0,"_bbp_anonymous_reply_count":0,"_bbp_topic_count_hidden":0,"_bbp_reply_count_hidden":0,"_bbp_forum_subforum_count":0,"footnotes":""},"categories":[135],"tags":[],"class_list":["post-2945","post","type-post","status-publish","format-standard","hentry","category-premios-2"],"post_mailing_queue_ids":[],"_links":{"self":[{"href":"https:\/\/blogs.uned.es\/emprende\/wp-json\/wp\/v2\/posts\/2945","targetHints":{"allow":["GET"]}}],"collection":[{"href":"https:\/\/blogs.uned.es\/emprende\/wp-json\/wp\/v2\/posts"}],"about":[{"href":"https:\/\/blogs.uned.es\/emprende\/wp-json\/wp\/v2\/types\/post"}],"author":[{"embeddable":true,"href":"https:\/\/blogs.uned.es\/emprende\/wp-json\/wp\/v2\/users\/255"}],"replies":[{"embeddable":true,"href":"https:\/\/blogs.uned.es\/emprende\/wp-json\/wp\/v2\/comments?post=2945"}],"version-history":[{"count":4,"href":"https:\/\/blogs.uned.es\/emprende\/wp-json\/wp\/v2\/posts\/2945\/revisions"}],"predecessor-version":[{"id":3069,"href":"https:\/\/blogs.uned.es\/emprende\/wp-json\/wp\/v2\/posts\/2945\/revisions\/3069"}],"wp:attachment":[{"href":"https:\/\/blogs.uned.es\/emprende\/wp-json\/wp\/v2\/media?parent=2945"}],"wp:term":[{"taxonomy":"category","embeddable":true,"href":"https:\/\/blogs.uned.es\/emprende\/wp-json\/wp\/v2\/categories?post=2945"},{"taxonomy":"post_tag","embeddable":true,"href":"https:\/\/blogs.uned.es\/emprende\/wp-json\/wp\/v2\/tags?post=2945"}],"curies":[{"name":"wp","href":"https:\/\/api.w.org\/{rel}","templated":true}]}}