{"id":2327,"date":"2018-06-20T10:30:05","date_gmt":"2018-06-20T09:30:05","guid":{"rendered":"http:\/\/blogs.uned.es\/emprende\/?p=2327"},"modified":"2018-07-09T14:36:33","modified_gmt":"2018-07-09T13:36:33","slug":"proyectos-finalistas-iv-programa-de-creacion-de-empresas","status":"publish","type":"post","link":"https:\/\/blogs.uned.es\/emprende\/proyectos-finalistas-iv-programa-de-creacion-de-empresas\/","title":{"rendered":"PREMIADOS Y FINALISTAS DEL IV PROGRAMA DE CREACI\u00d3N DE EMPRESAS"},"content":{"rendered":"<p><img fetchpriority=\"high\" decoding=\"async\" class=\" wp-image-2321 alignleft\" src=\"http:\/\/blogs.uned.es\/emprende\/wp-content\/uploads\/sites\/103\/2018\/06\/Foto-Acto-emprendimiento-300x179.jpg\" alt=\"\" width=\"376\" height=\"224\" srcset=\"https:\/\/blogs.uned.es\/emprende\/wp-content\/uploads\/sites\/103\/2018\/06\/Foto-Acto-emprendimiento-300x179.jpg 300w, https:\/\/blogs.uned.es\/emprende\/wp-content\/uploads\/sites\/103\/2018\/06\/Foto-Acto-emprendimiento-768x458.jpg 768w, https:\/\/blogs.uned.es\/emprende\/wp-content\/uploads\/sites\/103\/2018\/06\/Foto-Acto-emprendimiento-1024x611.jpg 1024w, https:\/\/blogs.uned.es\/emprende\/wp-content\/uploads\/sites\/103\/2018\/06\/Foto-Acto-emprendimiento-624x372.jpg 624w\" sizes=\"(max-width: 376px) 100vw, 376px\" \/>El pasado d\u00eda 15 de junio tuvo lugar el Acto de Clausura y entrega de los premios del\u00a0<b>IV Programa de Creaci\u00f3n de empresas para alumnos y egresados de la UNED.<\/b><br \/>\nQueremos agradecer a las Autoridades Acad\u00e9micas de la UNED, al Centro Asociado de Madrid\/Escuelas P\u00edas, al Jurado y Colaboradores del Programa, a los Mentores, a nuestros emprendedores y, por supuesto, al resto de asistentes su presencia durante el mismo.<!--more--><\/p>\n<p>A continuaci\u00f3n, compartimos con vosotros los v\u00eddeos de presentaci\u00f3n de los proyectos que llegaron a la \u00faltima fase del programa y que presentaron sus propuestas durante el evento.<\/p>\n<table border=\"\u201d1\u2033\">\n<tbody>\n<tr>\n<th><strong>Proyecto<\/strong><\/th>\n<th><\/th>\n<\/tr>\n<tr>\n<td>Cumplyme<\/td>\n<td><a href=\"https:\/\/qinnova.uned.es\/archivos_publicos\/qweb_paginas\/15464\/cumplyme.m4v\"><img decoding=\"async\" class=\"wp-image-2329 alignleft\" src=\"http:\/\/blogs.uned.es\/emprende\/wp-content\/uploads\/sites\/103\/2018\/06\/cumplyme-300x132-300x132.gif\" alt=\"\" width=\"223\" height=\"98\" \/><\/a><\/td>\n<\/tr>\n<tr>\n<td>Valteck<\/td>\n<td><a href=\"https:\/\/qinnova.uned.es\/archivos_publicos\/qweb_paginas\/15464\/valteck.m4v\"><img decoding=\"async\" class=\"wp-image-2335 alignleft\" src=\"http:\/\/blogs.uned.es\/emprende\/wp-content\/uploads\/sites\/103\/2018\/06\/logourl-5ad9948587cc1-300x300.jpg\" alt=\"\" width=\"114\" height=\"114\" srcset=\"https:\/\/blogs.uned.es\/emprende\/wp-content\/uploads\/sites\/103\/2018\/06\/logourl-5ad9948587cc1-300x300.jpg 300w, https:\/\/blogs.uned.es\/emprende\/wp-content\/uploads\/sites\/103\/2018\/06\/logourl-5ad9948587cc1-150x150.jpg 150w, https:\/\/blogs.uned.es\/emprende\/wp-content\/uploads\/sites\/103\/2018\/06\/logourl-5ad9948587cc1.jpg 426w\" sizes=\"(max-width: 114px) 100vw, 114px\" \/><\/a><\/td>\n<\/tr>\n<tr>\n<td>Ekoberry<\/td>\n<td><a href=\"https:\/\/qinnova.uned.es\/archivos_publicos\/qweb_paginas\/15464\/ekoberri.m4v\"><img loading=\"lazy\" decoding=\"async\" class=\"wp-image-2331 alignleft\" src=\"http:\/\/blogs.uned.es\/emprende\/wp-content\/uploads\/sites\/103\/2018\/06\/ekoberri-300x165.png\" alt=\"\" width=\"185\" height=\"102\" srcset=\"https:\/\/blogs.uned.es\/emprende\/wp-content\/uploads\/sites\/103\/2018\/06\/ekoberri-300x165.png 300w, https:\/\/blogs.uned.es\/emprende\/wp-content\/uploads\/sites\/103\/2018\/06\/ekoberri-624x343.png 624w, https:\/\/blogs.uned.es\/emprende\/wp-content\/uploads\/sites\/103\/2018\/06\/ekoberri-128x72.png 128w, https:\/\/blogs.uned.es\/emprende\/wp-content\/uploads\/sites\/103\/2018\/06\/ekoberri.png 730w\" sizes=\"(max-width: 185px) 100vw, 185px\" \/><\/a><\/td>\n<\/tr>\n<tr>\n<td>VirtualNav\/Lepidus<\/td>\n<td><a href=\"https:\/\/qinnova.uned.es\/archivos_publicos\/qweb_paginas\/15464\/lepidus.m4v\"><img loading=\"lazy\" decoding=\"async\" class=\"wp-image-2339 alignleft\" src=\"http:\/\/blogs.uned.es\/emprende\/wp-content\/uploads\/sites\/103\/2018\/06\/lepidus-300x121.png\" alt=\"\" width=\"218\" height=\"88\" srcset=\"https:\/\/blogs.uned.es\/emprende\/wp-content\/uploads\/sites\/103\/2018\/06\/lepidus-300x121.png 300w, https:\/\/blogs.uned.es\/emprende\/wp-content\/uploads\/sites\/103\/2018\/06\/lepidus-768x310.png 768w, https:\/\/blogs.uned.es\/emprende\/wp-content\/uploads\/sites\/103\/2018\/06\/lepidus-624x252.png 624w, https:\/\/blogs.uned.es\/emprende\/wp-content\/uploads\/sites\/103\/2018\/06\/lepidus.png 933w\" sizes=\"(max-width: 218px) 100vw, 218px\" \/><\/a><\/td>\n<\/tr>\n<tr>\n<td>Caj\u00f3n de Sastre<\/td>\n<td><a href=\"https:\/\/qinnova.uned.es\/archivos_publicos\/qweb_paginas\/15464\/lepidus.m4v\"><img loading=\"lazy\" decoding=\"async\" class=\"wp-image-2333 alignleft\" src=\"http:\/\/blogs.uned.es\/emprende\/wp-content\/uploads\/sites\/103\/2018\/06\/logo-angela.jpg\" alt=\"\" width=\"169\" height=\"86\" \/><\/a><\/td>\n<\/tr>\n<\/tbody>\n<\/table>\n<p>De entre todos los participantes del Programa, los premiados fueron:<\/p>\n<p><strong>PREMIOS \u201cCAPITAL SEMILLA &#8211; Santander Universidades\u201d<\/strong>, correspondientes a la IV Edici\u00f3n del Programa UNED de Creaci\u00f3n de Empresas<br \/>\n\u2022 <strong>1er premio -VirtualNAV (REALIDAD AUMENTADA EN EL SECTOR NAVAL)<\/strong> &#8211; Presentado por Adriana Soler Huete \u2013 Estudiante del Centro Asociado Vigo (Pontevedra)<br \/>\n\u2022 <strong>1er Acc\u00e9sit &#8211; Valteck<\/strong> &#8211; Ilie Adrian Hola &#8211; Egresado del Centro Asociado de Madrid<br \/>\n\u2022 <strong>2\u00ba Acc\u00e9sit &#8211; Caj\u00f3n de Sastre<\/strong> &#8211; Angela Madro\u00f1o &#8211; Estudiante del Centro Asociado de Palencia\/Medina del Campo<\/p>\n<p><strong>PREMIOS de los colaboradores del programa:<\/strong><br \/>\n\u2022 Premio otorgado por <strong>Socios inversores<\/strong> a <strong>VirtualNav<\/strong> \u2013 Presentado por Adriana Soler Huete &#8211; Estudiante del Centro Asociado Vigo (Pontevedra)<br \/>\n\u2022 Premio otorgado por <strong>Ad&amp;Law<\/strong> a <strong>Valteck<\/strong> &#8211; Presentado por Ilie Adrian Hola &#8211; Egresado del Centro Asociado de Madrid<br \/>\n\u2022 Premio <strong>Puentes Global<\/strong> a un Proyecto Social <strong>El Arte de las Relaciones en Familia (AREFA)<\/strong> \u2013 Presentado por Carmen Oliva Gonz\u00e1lez S\u00e1nchez &#8211; Egresada del Centro Asociado de Barbate (C\u00e1diz)<br \/>\n\u2022 Premio de la <strong>Oficina de Transferencia de Resultados de Investigaci\u00f3n (OTRI)<\/strong> a <strong>VirtualNav<\/strong> \u2013 Presentado por Adriana Soler Huete &#8211; Estudiante del Centro Asociado Vigo (Pontevedra)<\/p>\n<p><b>\u00a1Enhorabuena a todos los emprendedores!<\/b><\/p>\n<table style=\"height: 62px\" width=\"618\">\n<tbody>\n<tr>\n<td>\u00a0<a href=\"https:\/\/www.santander.com\/csgs\/Satellite\/CFWCSancomQP01\/es_ES\/Corporativo\/Sostenibilidad\/Santander-Universidades\/Banco-Santander-comprometido-con-la-educacion-superior.html\"><img loading=\"lazy\" decoding=\"async\" class=\"wp-image-2261 aligncenter\" src=\"http:\/\/blogs.uned.es\/emprende\/wp-content\/uploads\/sites\/103\/2018\/05\/Santander-Universidades-300x135.jpg\" alt=\"\" width=\"211\" height=\"95\" srcset=\"https:\/\/blogs.uned.es\/emprende\/wp-content\/uploads\/sites\/103\/2018\/05\/Santander-Universidades-300x135.jpg 300w, https:\/\/blogs.uned.es\/emprende\/wp-content\/uploads\/sites\/103\/2018\/05\/Santander-Universidades.jpg 521w\" sizes=\"(max-width: 211px) 100vw, 211px\" \/><\/a><img loading=\"lazy\" decoding=\"async\" class=\"size-medium wp-image-2269 aligncenter\" src=\"http:\/\/blogs.uned.es\/emprende\/wp-content\/uploads\/sites\/103\/2018\/05\/Logos-col-en-bloque-300x77.jpg\" alt=\"\" width=\"300\" height=\"77\" srcset=\"https:\/\/blogs.uned.es\/emprende\/wp-content\/uploads\/sites\/103\/2018\/05\/Logos-col-en-bloque-300x77.jpg 300w, https:\/\/blogs.uned.es\/emprende\/wp-content\/uploads\/sites\/103\/2018\/05\/Logos-col-en-bloque-768x198.jpg 768w, https:\/\/blogs.uned.es\/emprende\/wp-content\/uploads\/sites\/103\/2018\/05\/Logos-col-en-bloque-1024x264.jpg 1024w, https:\/\/blogs.uned.es\/emprende\/wp-content\/uploads\/sites\/103\/2018\/05\/Logos-col-en-bloque-624x161.jpg 624w, https:\/\/blogs.uned.es\/emprende\/wp-content\/uploads\/sites\/103\/2018\/05\/Logos-col-en-bloque.jpg 1353w\" sizes=\"(max-width: 300px) 100vw, 300px\" \/><\/td>\n<\/tr>\n<\/tbody>\n<\/table>\n<p><script><\/p>\n<p><\/script><script><\/script><script><\/script><\/p>\n","protected":false},"excerpt":{"rendered":"<p>El pasado d\u00eda 15 de junio tuvo lugar el Acto de Clausura y entrega de los premios del\u00a0IV Programa de Creaci\u00f3n de empresas para alumnos y egresados de la UNED. <a class=\"more-link\" href=\"https:\/\/blogs.uned.es\/emprende\/proyectos-finalistas-iv-programa-de-creacion-de-empresas\/\">Seguir leyendo &rarr;<\/a><\/p>\n","protected":false},"author":255,"featured_media":0,"comment_status":"closed","ping_status":"open","sticky":false,"template":"","format":"standard","meta":{"_bbp_topic_count":0,"_bbp_reply_count":0,"_bbp_total_topic_count":0,"_bbp_total_reply_count":0,"_bbp_voice_count":0,"_bbp_anonymous_reply_count":0,"_bbp_topic_count_hidden":0,"_bbp_reply_count_hidden":0,"_bbp_forum_subforum_count":0,"footnotes":""},"categories":[1],"tags":[],"class_list":["post-2327","post","type-post","status-publish","format-standard","hentry","category-sin-categoria"],"post_mailing_queue_ids":[],"_links":{"self":[{"href":"https:\/\/blogs.uned.es\/emprende\/wp-json\/wp\/v2\/posts\/2327","targetHints":{"allow":["GET"]}}],"collection":[{"href":"https:\/\/blogs.uned.es\/emprende\/wp-json\/wp\/v2\/posts"}],"about":[{"href":"https:\/\/blogs.uned.es\/emprende\/wp-json\/wp\/v2\/types\/post"}],"author":[{"embeddable":true,"href":"https:\/\/blogs.uned.es\/emprende\/wp-json\/wp\/v2\/users\/255"}],"replies":[{"embeddable":true,"href":"https:\/\/blogs.uned.es\/emprende\/wp-json\/wp\/v2\/comments?post=2327"}],"version-history":[{"count":22,"href":"https:\/\/blogs.uned.es\/emprende\/wp-json\/wp\/v2\/posts\/2327\/revisions"}],"predecessor-version":[{"id":2375,"href":"https:\/\/blogs.uned.es\/emprende\/wp-json\/wp\/v2\/posts\/2327\/revisions\/2375"}],"wp:attachment":[{"href":"https:\/\/blogs.uned.es\/emprende\/wp-json\/wp\/v2\/media?parent=2327"}],"wp:term":[{"taxonomy":"category","embeddable":true,"href":"https:\/\/blogs.uned.es\/emprende\/wp-json\/wp\/v2\/categories?post=2327"},{"taxonomy":"post_tag","embeddable":true,"href":"https:\/\/blogs.uned.es\/emprende\/wp-json\/wp\/v2\/tags?post=2327"}],"curies":[{"name":"wp","href":"https:\/\/api.w.org\/{rel}","templated":true}]}}