{"id":7725,"date":"2024-07-23T16:59:35","date_gmt":"2024-07-23T14:59:35","guid":{"rendered":"https:\/\/blogs.uned.es\/derechoyconstitucion\/?p=7725"},"modified":"2024-07-23T17:53:19","modified_gmt":"2024-07-23T15:53:19","slug":"control-parlamentario-las-preguntas","status":"publish","type":"post","link":"https:\/\/blogs.uned.es\/derechoyconstitucion\/control-parlamentario-las-preguntas\/","title":{"rendered":"Control parlamentario: las preguntas"},"content":{"rendered":"\t\t<div data-elementor-type=\"wp-post\" data-elementor-id=\"7725\" class=\"elementor elementor-7725\">\n\t\t\t\t\t\t<section class=\"elementor-section elementor-top-section elementor-element elementor-element-e2e218e elementor-section-boxed elementor-section-height-default elementor-section-height-default\" data-id=\"e2e218e\" data-element_type=\"section\" data-e-type=\"section\">\n\t\t\t\t\t\t<div class=\"elementor-container elementor-column-gap-default\">\n\t\t\t\t\t<div class=\"elementor-column elementor-col-50 elementor-top-column elementor-element elementor-element-9414803\" data-id=\"9414803\" data-element_type=\"column\" data-e-type=\"column\">\n\t\t\t<div class=\"elementor-widget-wrap elementor-element-populated\">\n\t\t\t\t\t\t<div class=\"elementor-element elementor-element-77928bb elementor-widget elementor-widget-image\" data-id=\"77928bb\" data-element_type=\"widget\" data-e-type=\"widget\" data-widget_type=\"image.default\">\n\t\t\t\t<div class=\"elementor-widget-container\">\n\t\t\t\t\t\t\t\t\t\t\t\t<figure class=\"wp-caption\">\n\t\t\t\t\t\t\t\t\t\t\t<a href=\"https:\/\/drive.google.com\/file\/d\/1G0-Em8e9rlS7kNxHYapTM6kIN8LW0jP9\/view?usp=sharing\">\n\t\t\t\t\t\t\t<img fetchpriority=\"high\" decoding=\"async\" width=\"800\" height=\"449\" src=\"https:\/\/blogs.uned.es\/derechoyconstitucion\/wp-content\/uploads\/sites\/373\/2024\/07\/cap-preguntas.jpg\" class=\"attachment-large size-large wp-image-7741\" alt=\"\" srcset=\"https:\/\/blogs.uned.es\/derechoyconstitucion\/wp-content\/uploads\/sites\/373\/2024\/07\/cap-preguntas.jpg 878w, https:\/\/blogs.uned.es\/derechoyconstitucion\/wp-content\/uploads\/sites\/373\/2024\/07\/cap-preguntas-300x168.jpg 300w, https:\/\/blogs.uned.es\/derechoyconstitucion\/wp-content\/uploads\/sites\/373\/2024\/07\/cap-preguntas-768x431.jpg 768w\" sizes=\"(max-width: 800px) 100vw, 800px\" \/>\t\t\t\t\t\t\t\t<\/a>\n\t\t\t\t\t\t\t\t\t\t\t<figcaption class=\"widget-image-caption wp-caption-text\">INFOGRAF\u00cdA SOBRE LAS PREGUNTAS PARLAMENTARIAS<\/figcaption>\n\t\t\t\t\t\t\t\t\t\t<\/figure>\n\t\t\t\t\t\t\t\t\t<\/div>\n\t\t\t\t<\/div>\n\t\t\t\t\t<\/div>\n\t\t<\/div>\n\t\t\t\t<div class=\"elementor-column elementor-col-50 elementor-top-column elementor-element elementor-element-40a2946\" data-id=\"40a2946\" data-element_type=\"column\" data-e-type=\"column\">\n\t\t\t<div class=\"elementor-widget-wrap elementor-element-populated\">\n\t\t\t\t\t\t<div class=\"elementor-element elementor-element-bcd4fe4 elementor-widget elementor-widget-image\" data-id=\"bcd4fe4\" data-element_type=\"widget\" data-e-type=\"widget\" data-widget_type=\"image.default\">\n\t\t\t\t<div class=\"elementor-widget-container\">\n\t\t\t\t\t\t\t\t\t\t\t\t<figure class=\"wp-caption\">\n\t\t\t\t\t\t\t\t\t\t\t<a href=\"https:\/\/docs.google.com\/forms\/d\/e\/1FAIpQLSeXUhtUf5eTx47o0eunEQ_R0ZLfahbNEWtZz8eftZHIJvba9g\/viewform\">\n\t\t\t\t\t\t\t<img decoding=\"async\" width=\"150\" height=\"123\" src=\"https:\/\/blogs.uned.es\/derechoyconstitucion\/wp-content\/uploads\/sites\/373\/2023\/03\/ICO-TEST.jpg\" class=\"attachment-large size-large wp-image-2669\" alt=\"\" \/>\t\t\t\t\t\t\t\t<\/a>\n\t\t\t\t\t\t\t\t\t\t\t<figcaption class=\"widget-image-caption wp-caption-text\">TEST SOBRE LAS PREGUNTAS PARLAMENTARIAS<\/figcaption>\n\t\t\t\t\t\t\t\t\t\t<\/figure>\n\t\t\t\t\t\t\t\t\t<\/div>\n\t\t\t\t<\/div>\n\t\t\t\t\t<\/div>\n\t\t<\/div>\n\t\t\t\t\t<\/div>\n\t\t<\/section>\n\t\t\t\t<section class=\"elementor-section elementor-top-section elementor-element elementor-element-16d153e elementor-section-boxed elementor-section-height-default elementor-section-height-default\" data-id=\"16d153e\" data-element_type=\"section\" data-e-type=\"section\">\n\t\t\t\t\t\t<div class=\"elementor-container elementor-column-gap-default\">\n\t\t\t\t\t<div class=\"elementor-column elementor-col-100 elementor-top-column elementor-element elementor-element-3623339\" data-id=\"3623339\" data-element_type=\"column\" data-e-type=\"column\">\n\t\t\t<div class=\"elementor-widget-wrap elementor-element-populated\">\n\t\t\t\t\t\t<section class=\"elementor-section elementor-inner-section elementor-element elementor-element-88dcde2 elementor-section-boxed elementor-section-height-default elementor-section-height-default\" data-id=\"88dcde2\" data-element_type=\"section\" data-e-type=\"section\">\n\t\t\t\t\t\t<div class=\"elementor-container elementor-column-gap-default\">\n\t\t\t\t\t<div class=\"elementor-column elementor-col-50 elementor-inner-column elementor-element elementor-element-6c5fdda\" data-id=\"6c5fdda\" data-element_type=\"column\" data-e-type=\"column\">\n\t\t\t<div class=\"elementor-widget-wrap elementor-element-populated\">\n\t\t\t\t\t\t<div class=\"elementor-element elementor-element-c63e095 elementor-widget elementor-widget-text-editor\" data-id=\"c63e095\" data-element_type=\"widget\" data-e-type=\"widget\" data-widget_type=\"text-editor.default\">\n\t\t\t\t<div class=\"elementor-widget-container\">\n\t\t\t\t\t\t\t\t\t<p><span style=\"color: #000000\"><strong>LAS PREGUNTAS<\/strong><\/span><\/p><p><span style=\"color: #000000\"><span style=\"font-family: var( --e-global-typography-text-font-family ), Sans-serif;font-weight: var( --e-global-typography-text-font-weight )\">El art\u00edculo 111.1 CE establece que,<\/span><em style=\"font-family: var( --e-global-typography-text-font-family ), Sans-serif;font-weight: var( --e-global-typography-text-font-weight )\">\u00a0el Gobierno y cada uno de sus miembros est\u00e1n sometidos a las interpelaciones y preguntas que se le formulen en las C\u00e1maras<\/em><span style=\"font-family: var( --e-global-typography-text-font-family ), Sans-serif;font-weight: var( --e-global-typography-text-font-weight )\">.<\/span><\/span><\/p><p><span style=\"color: #000000\">Las preguntas e interpelaciones como instrumentos de control o fiscalizaci\u00f3n se diferencian principalmente por cuestiones formales m\u00e1s que de contenido o materiales.<\/span><\/p><p><span style=\"color: #000000\">Se desarrollan en los art\u00edculos 185 y siguientes del Reglamento del Congreso de los Diputados (en adelante RCD) de forma muy similar a como se regula en el resto de los reglamentos parlamentarios.<\/span><\/p><p><span style=\"color: #000000\">De estos preceptos y del art\u00edculo 111.1 CE se deduce:<\/span><\/p><p><span style=\"color: #000000\">A) Las preguntas cabe definirlas como el<span style=\"font-weight: bold\">\u00a0instrumento de control de los parlamentarios para recabar informaci\u00f3n del Gobierno<\/span>\u00a0sobre un asunto concreto y determinado o sobre una actividad que est\u00e1 desarrollando y fijar de forma concisa la postura de quien pregunta en relaci\u00f3n con la cuesti\u00f3n planteada.<\/span><\/p><p><span style=\"color: #000000\">B) Los\u00a0<span style=\"font-weight: bold\">sujetos legitimados<\/span>\u00a0para preguntar son los parlamentarios individualmente considerados. Por eso dice el art\u00edculo 185 RCD\u00a0<em>los diputados podr\u00e1n formular preguntas al gobierno y a cada uno de sus miembros<\/em>. Y este derecho de preguntar forma parte del estatuto jur\u00eddico del parlamentario que protege el art\u00edculo 23.2 CE, porque forma parte del n\u00facleo esencial de su condici\u00f3n de representante.<\/span><\/p><p><span style=\"color: #000000\">C) El\u00a0<span style=\"font-weight: bold\">objeto de una pregunta<\/span>\u00a0no viene limitado por la CE, pero el art\u00edculo 186 RCD, de forma similar al resto de los reglamentos parlamentarios establece que deben referirse a la actividad del Gobierno en cuanto a tal y por lo tanto no pueden ser de exclusivo inter\u00e9s personal de quien la formula o de cualquier otra persona singularizada ni suponer una consulta de \u00edndole estrictamente jur\u00eddica.<\/span><\/p><p><span style=\"color: #000000\">Por otro lado, el derecho a preguntar, seg\u00fan la jurisprudencia constitucional tiene una limitaci\u00f3n y es que han de versar sobre competencias del Gobierno y este derecho no conlleva la obligaci\u00f3n a obtener una respuesta concreta o satisfactoria (SSTC 44\/2001 y 27\/2011, etc.).<\/span><\/p><p><span style=\"color: #000000\">Las preguntas pueden formularse de dos maneras: para ser respondidas por escrito o para ser respondidas oralmente en comisi\u00f3n o en pleno.<\/span><\/p>\t\t\t\t\t\t\t\t<\/div>\n\t\t\t\t<\/div>\n\t\t\t\t\t<\/div>\n\t\t<\/div>\n\t\t\t\t<div class=\"elementor-column elementor-col-50 elementor-inner-column elementor-element elementor-element-ea7f921\" data-id=\"ea7f921\" data-element_type=\"column\" data-e-type=\"column\">\n\t\t\t<div class=\"elementor-widget-wrap elementor-element-populated\">\n\t\t\t\t\t\t<div class=\"elementor-element elementor-element-1d9f6fa elementor-widget elementor-widget-text-editor\" data-id=\"1d9f6fa\" data-element_type=\"widget\" data-e-type=\"widget\" data-widget_type=\"text-editor.default\">\n\t\t\t\t<div class=\"elementor-widget-container\">\n\t\t\t\t\t\t\t\t\t<p><span style=\"color: #000000;font-family: var( --e-global-typography-text-font-family ), Sans-serif;font-weight: var( --e-global-typography-text-font-weight )\">D) El <\/span><b style=\"color: #000000;font-family: var( --e-global-typography-text-font-family ), Sans-serif\"><em>iter<\/em> procedimental<\/b><span style=\"color: #000000;font-family: var( --e-global-typography-text-font-family ), Sans-serif;font-weight: var( --e-global-typography-text-font-weight )\"> es el siguiente:<\/span><\/p><p><span style=\"color: #000000\">&#8211; Ha de presentarse por escrito ante la Mesa de la C\u00e1mara que la calificar\u00e1 y admitir\u00e1 a tr\u00e1mite si se ajusta a lo establecido en el Reglamento (art. 186.1 y 3 RCD). Una vez admitida a tr\u00e1mite:<\/span><\/p><p><span style=\"color: #000000\">&#8211; En defecto de indicaci\u00f3n, se entender\u00e1 que quien formula la pregunta solicita respuesta por escrito y si solicita respuesta oral y no indica si en pleno o en comisi\u00f3n, se entender\u00e1 que \u00e9sta ha de tener lugar en la comisi\u00f3n correspondiente (art. 187 RCD) y, si no se tramiten las preguntas orales en un periodo de sesiones, al finalizar este periodo se transformar\u00e1n en preguntas escritas.<\/span><\/p><p><span style=\"color: #000000\">&#8211; Si la pregunta es de respuesta escrita: el Gobierno debe responder en los 20 d\u00edas siguientes a su publicaci\u00f3n en el Bolet\u00edn de la C\u00e1mara, pudiendo solicitar pr\u00f3rroga del plazo a petici\u00f3n motivada y por acuerdo de la Mesa de la C\u00e1mara (art. 190 RCD).<\/span><\/p><p><span style=\"color: #000000\">&#8211; Si la pregunta es de respuesta oral en <b>comisi\u00f3n<\/b>: se podr\u00e1 incluir en el orden del d\u00eda de esa comisi\u00f3n, en el caso del Congreso de los Diputados, transcurridos 7 d\u00edas desde su publicaci\u00f3n. Con car\u00e1cter general el debate suele tener una duraci\u00f3n de 10 minutos a repartir entre el parlamentario que pregunta y el Gobierno que contesta y suele ser en cuatro turnos. Tras la escueta formulaci\u00f3n de la pregunta por el parlamentario, contesta el Gobierno y aquel podr\u00e1 intervenir a continuaci\u00f3n para replicar o repreguntar y tras la nueva intervenci\u00f3n en duplica o de nueva contestaci\u00f3n del Gobierno termina el debate. Estas preguntas pueden ser contestadas o directamente por los miembros del Gobierno o por cualquier alto cargo de su departamento (secretarios de Estado en el caso del Congreso de los Diputados, art. 189 RCD)<\/span><\/p><p><span style=\"color: #000000\">&#8211; Si la pregunta es de respuesta oral en <b>pleno<\/b>: corresponder\u00e1 al presidente de acuerdo con la Junta de Portavoces se\u00f1alar el n\u00famero y las preguntas que se van a incluir en el orden del d\u00eda de una sesi\u00f3n plenaria y las que corresponder\u00e1n a cada Grupo parlamentario. Con car\u00e1cter general el debate es igual que en comisi\u00f3n, pero con menos tiempo pues suele ser 5 minutos a repartir entre el parlamentario que pregunta y el Gobierno. En estas preguntas no cabe delegaci\u00f3n y se pueden dirigir tanto a los ministros o consejeros como al presidente del Gobierno (art. 188 RCD). Con car\u00e1cter general, el Gobierno puede solicitar motivadamente la posposici\u00f3n por una sola vez de una pregunta, para que se sustancie en la sesi\u00f3n siguiente.<\/span><\/p><p><span style=\"color: #000000\">E) Este <b>derecho puede ser lesionado<\/b> tanto por el Ejecutivo como por los propios \u00f3rganos parlamentarios.<\/span><\/p><p><span style=\"color: #000000\">\u00a0&#8211; Si la Mesa de la C\u00e1mara es el \u00f3rgano que inadmite tras agotar la reclamaci\u00f3n ante la Mesa cabe interponer un recurso de amparo ante el Tribunal Constitucional para la protecci\u00f3n del <em>ius in officium <\/em>apelando al derecho del art\u00edculo 23.2 CE, seg\u00fan lo previsto en el art. 42 de la Ley Org\u00e1nica del Tribunal Constitucional.<\/span><\/p><p><span style=\"color: #000000\">&#8211; Si es el Gobierno quien incumple y no responde a la pregunta escrita, el Presidente de la C\u00e1mara a petici\u00f3n del autor de la pregunta ordenar\u00e1 que se incluya en la siguiente sesi\u00f3n de la comisi\u00f3n competente para su respuesta oral (art. 190 RCD). Aunque lo habitual es optar por el recurso, contencioso-administrativo ante el Tribunal Supremo o el Tribunal Superior de Justicia seg\u00fan el Parlamento, previo amparo a la Mesa de la C\u00e1mara. <\/span><\/p>\t\t\t\t\t\t\t\t<\/div>\n\t\t\t\t<\/div>\n\t\t\t\t\t<\/div>\n\t\t<\/div>\n\t\t\t\t\t<\/div>\n\t\t<\/section>\n\t\t\t\t\t<\/div>\n\t\t<\/div>\n\t\t\t\t\t<\/div>\n\t\t<\/section>\n\t\t\t\t<section class=\"elementor-section elementor-top-section elementor-element elementor-element-9995213 elementor-section-boxed elementor-section-height-default elementor-section-height-default\" data-id=\"9995213\" data-element_type=\"section\" data-e-type=\"section\">\n\t\t\t\t\t\t<div class=\"elementor-container elementor-column-gap-default\">\n\t\t\t\t\t<div class=\"elementor-column elementor-col-50 elementor-top-column elementor-element elementor-element-c71f6c4\" data-id=\"c71f6c4\" data-element_type=\"column\" data-e-type=\"column\">\n\t\t\t<div class=\"elementor-widget-wrap elementor-element-populated\">\n\t\t\t\t\t\t<div class=\"elementor-element elementor-element-8dcf43a elementor-widget elementor-widget-text-editor\" data-id=\"8dcf43a\" data-element_type=\"widget\" data-e-type=\"widget\" data-widget_type=\"text-editor.default\">\n\t\t\t\t<div class=\"elementor-widget-container\">\n\t\t\t\t\t\t\t\t\t<p><span style=\"color: #000000;font-family: var( --e-global-typography-text-font-family ), Sans-serif;font-weight: bold\">Fecha de \u00faltima actualizaci\u00f3n:<\/span><span style=\"color: #000000;font-family: var( --e-global-typography-text-font-family ), Sans-serif;font-weight: var( --e-global-typography-text-font-weight )\">\u00a023 de julio de 2024.<\/span><\/p><p><span style=\"color: #000000\"><span style=\"font-weight: bold\">Autor de la entrada:<\/span>\u00a0Blanca Cid Villagrasa<\/span><\/p>\t\t\t\t\t\t\t\t<\/div>\n\t\t\t\t<\/div>\n\t\t\t\t\t<\/div>\n\t\t<\/div>\n\t\t\t\t<div class=\"elementor-column elementor-col-50 elementor-top-column elementor-element elementor-element-ae9f45c\" data-id=\"ae9f45c\" data-element_type=\"column\" data-e-type=\"column\">\n\t\t\t<div class=\"elementor-widget-wrap elementor-element-populated\">\n\t\t\t\t\t\t<div class=\"elementor-element elementor-element-31f61e7 elementor-widget elementor-widget-text-editor\" data-id=\"31f61e7\" data-element_type=\"widget\" data-e-type=\"widget\" data-widget_type=\"text-editor.default\">\n\t\t\t\t<div class=\"elementor-widget-container\">\n\t\t\t\t\t\t\t\t\t<p><span style=\"color: #000000\">Entradas relacionadas con el control parlamentario de la acci\u00f3n pol\u00edtica del Gobierno:<\/span><\/p><ul><li><span style=\"color: #000000\"><a style=\"color: #000000\" href=\"https:\/\/blogs.uned.es\/derechoyconstitucion\/control-parlamentario-clasificacion-de-instrumentos\/\">Clasificaci\u00f3n de instrumentos<\/a><\/span><\/li><li><span style=\"color: #000000\"><a style=\"color: #000000\" href=\"https:\/\/blogs.uned.es\/derechoyconstitucion\/control-parlamentario-las-preguntas\/\">Preguntas<\/a><\/span><\/li><li><span style=\"color: #000000\"><a style=\"color: #000000\" href=\"https:\/\/blogs.uned.es\/derechoyconstitucion\/control-parlamentario-las-solicitudes-de-informacion\/\">Solicitudes de informaci\u00f3n<\/a><\/span><\/li><li><span style=\"color: #000000\"><a style=\"color: #000000\" href=\"https:\/\/blogs.uned.es\/derechoyconstitucion\/control-parlamentario-las-comparecencias\/\">Comparecencias<\/a><\/span><\/li><\/ul><ul>\n<\/ul>\t\t\t\t\t\t\t\t<\/div>\n\t\t\t\t<\/div>\n\t\t\t\t\t<\/div>\n\t\t<\/div>\n\t\t\t\t\t<\/div>\n\t\t<\/section>\n\t\t\t\t<\/div>\n\t\t","protected":false},"excerpt":{"rendered":"<p>INFOGRAF\u00cdA SOBRE LAS PREGUNTAS PARLAMENTARIAS TEST SOBRE LAS PREGUNTAS PARLAMENTARIAS LAS PREGUNTAS El art\u00edculo 111.1 CE establece que,\u00a0el Gobierno y cada uno de sus miembros est\u00e1n sometidos a las interpelaciones y preguntas que se le formulen en las C\u00e1maras. Las preguntas e interpelaciones como instrumentos de control o fiscalizaci\u00f3n se diferencian principalmente por cuestiones formales m\u00e1s que de contenido o materiales. Se desarrollan en los art\u00edculos 185 y siguientes del Reglamento del Congreso de los Diputados (en adelante RCD) de forma muy similar a como se regula en el resto de los reglamentos parlamentarios. De estos preceptos y del art\u00edculo 111.1 CE se deduce: A) Las preguntas cabe definirlas como el\u00a0instrumento de control de los parlamentarios para recabar informaci\u00f3n del Gobierno\u00a0sobre un asunto concreto y determinado o sobre una actividad que est\u00e1 desarrollando y fijar de forma concisa la postura de quien pregunta en relaci\u00f3n con la cuesti\u00f3n planteada. B)&hellip;<\/p>\n<p> <a class=\"more-link\" href=\"https:\/\/blogs.uned.es\/derechoyconstitucion\/control-parlamentario-las-preguntas\/\">Leer m\u00e1s<\/a><\/p>\n","protected":false},"author":7621,"featured_media":0,"comment_status":"closed","ping_status":"open","sticky":false,"template":"","format":"standard","meta":{"footnotes":""},"categories":[7],"tags":[],"class_list":{"0":"post-7725","1":"post","2":"type-post","3":"status-publish","4":"format-standard","6":"category-entradas-articulos"},"_links":{"self":[{"href":"https:\/\/blogs.uned.es\/derechoyconstitucion\/wp-json\/wp\/v2\/posts\/7725","targetHints":{"allow":["GET"]}}],"collection":[{"href":"https:\/\/blogs.uned.es\/derechoyconstitucion\/wp-json\/wp\/v2\/posts"}],"about":[{"href":"https:\/\/blogs.uned.es\/derechoyconstitucion\/wp-json\/wp\/v2\/types\/post"}],"author":[{"embeddable":true,"href":"https:\/\/blogs.uned.es\/derechoyconstitucion\/wp-json\/wp\/v2\/users\/7621"}],"replies":[{"embeddable":true,"href":"https:\/\/blogs.uned.es\/derechoyconstitucion\/wp-json\/wp\/v2\/comments?post=7725"}],"version-history":[{"count":22,"href":"https:\/\/blogs.uned.es\/derechoyconstitucion\/wp-json\/wp\/v2\/posts\/7725\/revisions"}],"predecessor-version":[{"id":7849,"href":"https:\/\/blogs.uned.es\/derechoyconstitucion\/wp-json\/wp\/v2\/posts\/7725\/revisions\/7849"}],"wp:attachment":[{"href":"https:\/\/blogs.uned.es\/derechoyconstitucion\/wp-json\/wp\/v2\/media?parent=7725"}],"wp:term":[{"taxonomy":"category","embeddable":true,"href":"https:\/\/blogs.uned.es\/derechoyconstitucion\/wp-json\/wp\/v2\/categories?post=7725"},{"taxonomy":"post_tag","embeddable":true,"href":"https:\/\/blogs.uned.es\/derechoyconstitucion\/wp-json\/wp\/v2\/tags?post=7725"}],"curies":[{"name":"wp","href":"https:\/\/api.w.org\/{rel}","templated":true}]}}