{"id":7379,"date":"2024-03-25T08:35:56","date_gmt":"2024-03-25T07:35:56","guid":{"rendered":"https:\/\/blogs.uned.es\/derechoyconstitucion\/?p=7379"},"modified":"2024-04-22T12:50:59","modified_gmt":"2024-04-22T10:50:59","slug":"el-articulo-101-ce-el-gobierno-en-funciones","status":"publish","type":"post","link":"https:\/\/blogs.uned.es\/derechoyconstitucion\/el-articulo-101-ce-el-gobierno-en-funciones\/","title":{"rendered":"El art\u00edculo 101 CE. El Gobierno en funciones"},"content":{"rendered":"\t\t<div data-elementor-type=\"wp-post\" data-elementor-id=\"7379\" class=\"elementor elementor-7379\">\n\t\t\t\t\t\t<section class=\"elementor-section elementor-top-section elementor-element elementor-element-16d153e elementor-section-boxed elementor-section-height-default elementor-section-height-default\" data-id=\"16d153e\" data-element_type=\"section\" data-e-type=\"section\">\n\t\t\t\t\t\t<div class=\"elementor-container elementor-column-gap-default\">\n\t\t\t\t\t<div class=\"elementor-column elementor-col-100 elementor-top-column elementor-element elementor-element-3623339\" data-id=\"3623339\" data-element_type=\"column\" data-e-type=\"column\">\n\t\t\t<div class=\"elementor-widget-wrap elementor-element-populated\">\n\t\t\t\t\t\t<section class=\"elementor-section elementor-inner-section elementor-element elementor-element-88dcde2 elementor-section-boxed elementor-section-height-default elementor-section-height-default\" data-id=\"88dcde2\" data-element_type=\"section\" data-e-type=\"section\">\n\t\t\t\t\t\t<div class=\"elementor-container elementor-column-gap-default\">\n\t\t\t\t\t<div class=\"elementor-column elementor-col-50 elementor-inner-column elementor-element elementor-element-6c5fdda\" data-id=\"6c5fdda\" data-element_type=\"column\" data-e-type=\"column\">\n\t\t\t<div class=\"elementor-widget-wrap elementor-element-populated\">\n\t\t\t\t\t\t<div class=\"elementor-element elementor-element-c63e095 elementor-widget elementor-widget-text-editor\" data-id=\"c63e095\" data-element_type=\"widget\" data-e-type=\"widget\" data-widget_type=\"text-editor.default\">\n\t\t\t\t<div class=\"elementor-widget-container\">\n\t\t\t\t\t\t\t\t\t<p class=\"MsoNormal\" style=\"text-align: justify\"><span style=\"font-size: 12.0pt;line-height: 107%;font-family: 'Arial',sans-serif\">El <\/span><a href=\"https:\/\/app.congreso.es\/consti\/constitucion\/indice\/titulos\/articulos.jsp?ini=97&amp;fin=107&amp;tipo=2\"><span style=\"font-size: 12.0pt;line-height: 107%;font-family: 'Arial',sans-serif\">T\u00edtulo IV<\/span><\/a><span style=\"font-size: 12.0pt;line-height: 107%;font-family: 'Arial',sans-serif\"> de la Constituci\u00f3n (arts. 97 a 107) est\u00e1 dedicado al Gobierno y a la Administraci\u00f3n; por su parte, en el <\/span><a href=\"https:\/\/app.congreso.es\/consti\/constitucion\/indice\/titulos\/articulos.jsp?ini=108&amp;fin=116&amp;tipo=2\"><span style=\"font-size: 12.0pt;line-height: 107%;font-family: 'Arial',sans-serif\">T\u00edtulo V<\/span><\/a><span style=\"font-size: 12.0pt;line-height: 107%;font-family: 'Arial',sans-serif\"> (arts. 108 a 116) se regulan las relaciones entre el Gobierno y las Cortes Generales. <\/span><\/p><p class=\"MsoNormal\" style=\"text-align: justify\"><span style=\"font-size: 12.0pt;line-height: 107%;font-family: 'Arial',sans-serif\">Se recogen all\u00ed, con diferente detalle, cuestiones como las competencias, composici\u00f3n, formaci\u00f3n, estatuto de sus miembros, o relaciones con otros \u00f3rganos, articulando su estructura mediante los principios presidencial y de colegialidad (y consiguiente responsabilidad solidaria), y la responsabilidad ministerial derivada de la acci\u00f3n gubernamental. <\/span><\/p><p class=\"MsoNormal\" style=\"text-align: justify\"><span style=\"font-size: 12.0pt;line-height: 107%;font-family: 'Arial',sans-serif\">Pero el Constituyente, a diferencia de lo que suele ser habitual en sede constitucional, no se limit\u00f3 a perfilar estas cuestiones, sino que, m\u00e1s a\u00fan, contempl\u00f3 en su <\/span><a href=\"https:\/\/app.congreso.es\/consti\/constitucion\/indice\/titulos\/articulos.jsp?ini=101&amp;tipo=2\"><span style=\"font-size: 12.0pt;line-height: 107%;font-family: 'Arial',sans-serif\">art\u00edculo 101<\/span><\/a><span style=\"font-size: 12.0pt;line-height: 107%;font-family: 'Arial',sans-serif\"> los supuestos de cese del gobierno: celebraci\u00f3n de elecciones generales, p\u00e9rdida de la confianza parlamentaria -moci\u00f3n de censura y cuesti\u00f3n de confianza-, y dimisi\u00f3n o fallecimiento del Presidente. <\/span><\/p><p class=\"MsoNormal\" style=\"text-align: justify\"><span style=\"font-size: 12.0pt;line-height: 107%;font-family: 'Arial',sans-serif\">Tambi\u00e9n \u00a0resolvi\u00f3 all\u00ed el problema de la sucesi\u00f3n entre Gobiernos, al determinar que el Gobierno ha de continuar \u201cen funciones\u201d hasta la toma de posesi\u00f3n del siguiente Gobierno. La actividad del Gobierno cesante <span style=\"letter-spacing: -.15pt\">debe continuar, por tanto, hasta el acaecimiento de otro suceso (hecho-condici\u00f3n), que ser\u00e1 la toma de posesi\u00f3n de los nuevos titulares del mismo. Este acontecimiento ha de llegar, mas se desconoce el momento exacto en que el mismo se verificar\u00e1 (<i>certus an, incertus quando); <\/i>si bien tiende a ser breve, lo cierto es que puede dilatarse mucho en el tiempo. Tras las elecciones de 2015 fueron m\u00e1s de trescientos d\u00edas los que el Gobierno permaneci\u00f3 en esta situaci\u00f3n de interinidad. <\/span><\/span><\/p><p>\u00a0<\/p><p class=\"MsoNormal\" style=\"text-align: justify\">\u00a0<\/p>\t\t\t\t\t\t\t\t<\/div>\n\t\t\t\t<\/div>\n\t\t\t\t\t<\/div>\n\t\t<\/div>\n\t\t\t\t<div class=\"elementor-column elementor-col-50 elementor-inner-column elementor-element elementor-element-ea7f921\" data-id=\"ea7f921\" data-element_type=\"column\" data-e-type=\"column\">\n\t\t\t<div class=\"elementor-widget-wrap elementor-element-populated\">\n\t\t\t\t\t\t<div class=\"elementor-element elementor-element-1d9f6fa elementor-widget elementor-widget-text-editor\" data-id=\"1d9f6fa\" data-element_type=\"widget\" data-e-type=\"widget\" data-widget_type=\"text-editor.default\">\n\t\t\t\t<div class=\"elementor-widget-container\">\n\t\t\t\t\t\t\t\t\t<p class=\"MsoNormal\" style=\"text-align: justify\"><span style=\"font-size: 12.0pt;line-height: 107%;font-family: 'Arial',sans-serif\"><span style=\"font-size: 12pt;line-height: 17.12px\">No se estableci\u00f3 por el contrario ninguna previsi\u00f3n sobre su \u00e1mbito de actuaci\u00f3n (algo que s\u00ed encontramos en las Constituciones portuguesa o danesa -limitaci\u00f3n a los actos estrictamente necesarios para asegurar la gesti\u00f3n de los negocios p\u00fablicos o al despacho de asuntos ordinarios, respectivamente-), teniendo que esperar para ello a la aprobaci\u00f3n de la\u00a0<\/span><a style=\"background-color: #ffffff;font-family: Roboto, sans-serif;font-size: 15px\" href=\"https:\/\/www.boe.es\/buscar\/pdf\/1997\/BOE-A-1997-25336-consolidado.pdf\"><span style=\"font-size: 12pt;line-height: 17.12px;font-family: Arial, sans-serif\">Ley del Gobierno<\/span><\/a><span style=\"font-size: 12pt;line-height: 17.12px\">\u00a0casi veinte a\u00f1os despu\u00e9s.\u00a0<\/span><br \/><\/span><\/p><p class=\"MsoNormal\" style=\"text-align: justify\"><span style=\"font-size: 12.0pt;line-height: 107%;font-family: 'Arial',sans-serif\">Se trat\u00f3 de un art\u00edculo bastante pac\u00edfico durante su tramitaci\u00f3n, aunque si que tuvo algunos cambios destacados, como la desaparici\u00f3n de la incapacidad como supuesto de cese (por obra de la Comisi\u00f3n Mixta, pese a que no hubo discrepancias entre el Congreso y el Senado en este punto), o el hecho de que en el Anteproyecto de Constituci\u00f3n se recogieran diferencias en la composici\u00f3n del Gobierno en funciones al decretarse la continuidad del Presidente \u00fanicamente para el cese derivado de la celebraci\u00f3n de elecciones generales. La discontinuidad del Presidente del Gobierno se tomaba all\u00ed como regla, por m\u00e1s que su continuidad resultaba exigida para el supuesto que habr\u00eda de resultar te\u00f3ricamente m\u00e1s frecuente; recordemos que, desde 1978, salvo en dos momentos, 1981, con la dimisi\u00f3n de A. Su\u00e1rez, y 2018, con la moci\u00f3n de censura triunfante presentada contra M. Rajoy, todos los ceses se han debido a la celebraci\u00f3n de elecciones generales.<\/span><\/p><p><span style=\"font-size: 12.0pt;line-height: 107%;font-family: 'Arial',sans-serif\">En el blog se incorpora una video clase en la que se analiza este art\u00edculo 101, incorpor\u00e1ndose, asimismo, unos peque\u00f1os ejercicios test autocorrectivos.<\/span><\/p><p><span style=\"color: #000000\">\u00a0<\/span><\/p><p><span style=\"color: #000000\"><b>ENTRADAS RELACIONADAS:\u00a0<\/b><br \/><\/span><\/p><ul><li><span style=\"color: #000000\"><a href=\"https:\/\/blogs.uned.es\/derechoyconstitucion\/control-gobierno-funciones\/\">El Control del Gobierno en funciones<\/a><\/span><\/li><\/ul>\t\t\t\t\t\t\t\t<\/div>\n\t\t\t\t<\/div>\n\t\t\t\t\t<\/div>\n\t\t<\/div>\n\t\t\t\t\t<\/div>\n\t\t<\/section>\n\t\t\t\t\t<\/div>\n\t\t<\/div>\n\t\t\t\t\t<\/div>\n\t\t<\/section>\n\t\t\t\t<section class=\"elementor-section elementor-top-section elementor-element elementor-element-e2e218e elementor-section-boxed elementor-section-height-default elementor-section-height-default\" data-id=\"e2e218e\" data-element_type=\"section\" data-e-type=\"section\">\n\t\t\t\t\t\t<div class=\"elementor-container elementor-column-gap-default\">\n\t\t\t\t\t<div class=\"elementor-column elementor-col-50 elementor-top-column elementor-element elementor-element-9414803\" data-id=\"9414803\" data-element_type=\"column\" data-e-type=\"column\">\n\t\t\t<div class=\"elementor-widget-wrap elementor-element-populated\">\n\t\t\t\t\t\t<div class=\"elementor-element elementor-element-cb69bd9 elementor-widget elementor-widget-image\" data-id=\"cb69bd9\" data-element_type=\"widget\" data-e-type=\"widget\" data-widget_type=\"image.default\">\n\t\t\t\t<div class=\"elementor-widget-container\">\n\t\t\t\t\t\t\t\t\t\t\t\t<figure class=\"wp-caption\">\n\t\t\t\t\t\t\t\t\t\t\t<a href=\"https:\/\/canal.uned.es\/video\/65699e5e371fa055ce0691aa\">\n\t\t\t\t\t\t\t<img fetchpriority=\"high\" decoding=\"async\" width=\"553\" height=\"258\" src=\"https:\/\/blogs.uned.es\/derechoyconstitucion\/wp-content\/uploads\/sites\/373\/2024\/03\/reviri1.jpg\" class=\"attachment-large size-large wp-image-7387\" alt=\"\" srcset=\"https:\/\/blogs.uned.es\/derechoyconstitucion\/wp-content\/uploads\/sites\/373\/2024\/03\/reviri1.jpg 553w, https:\/\/blogs.uned.es\/derechoyconstitucion\/wp-content\/uploads\/sites\/373\/2024\/03\/reviri1-300x140.jpg 300w\" sizes=\"(max-width: 553px) 100vw, 553px\" \/>\t\t\t\t\t\t\t\t<\/a>\n\t\t\t\t\t\t\t\t\t\t\t<figcaption class=\"widget-image-caption wp-caption-text\">Videoclase el art\u00edculo 101 CE<\/figcaption>\n\t\t\t\t\t\t\t\t\t\t<\/figure>\n\t\t\t\t\t\t\t\t\t<\/div>\n\t\t\t\t<\/div>\n\t\t\t\t\t<\/div>\n\t\t<\/div>\n\t\t\t\t<div class=\"elementor-column elementor-col-50 elementor-top-column elementor-element elementor-element-40a2946\" data-id=\"40a2946\" data-element_type=\"column\" data-e-type=\"column\">\n\t\t\t<div class=\"elementor-widget-wrap elementor-element-populated\">\n\t\t\t\t\t\t<div class=\"elementor-element elementor-element-8e30846 elementor-widget elementor-widget-image\" data-id=\"8e30846\" data-element_type=\"widget\" data-e-type=\"widget\" data-widget_type=\"image.default\">\n\t\t\t\t<div class=\"elementor-widget-container\">\n\t\t\t\t\t\t\t\t\t\t\t\t<figure class=\"wp-caption\">\n\t\t\t\t\t\t\t\t\t\t\t<a href=\"https:\/\/docs.google.com\/forms\/d\/e\/1FAIpQLSdeR54bBPAT_XJD89Wm0S_ZXTpoNI_iMmCYOS2_g5goE_WjZA\/viewform\">\n\t\t\t\t\t\t\t<img decoding=\"async\" width=\"150\" height=\"123\" src=\"https:\/\/blogs.uned.es\/derechoyconstitucion\/wp-content\/uploads\/sites\/373\/2023\/03\/ICO-TEST.jpg\" class=\"attachment-large size-large wp-image-2669\" alt=\"\" \/>\t\t\t\t\t\t\t\t<\/a>\n\t\t\t\t\t\t\t\t\t\t\t<figcaption class=\"widget-image-caption wp-caption-text\">TEST SOBRE EL GOBIERNO EN FUNCIONES (ART. 101 CE)<\/figcaption>\n\t\t\t\t\t\t\t\t\t\t<\/figure>\n\t\t\t\t\t\t\t\t\t<\/div>\n\t\t\t\t<\/div>\n\t\t\t\t\t<\/div>\n\t\t<\/div>\n\t\t\t\t\t<\/div>\n\t\t<\/section>\n\t\t\t\t<section class=\"elementor-section elementor-top-section elementor-element elementor-element-9995213 elementor-section-boxed elementor-section-height-default elementor-section-height-default\" data-id=\"9995213\" data-element_type=\"section\" data-e-type=\"section\">\n\t\t\t\t\t\t<div class=\"elementor-container elementor-column-gap-default\">\n\t\t\t\t\t<div class=\"elementor-column elementor-col-50 elementor-top-column elementor-element elementor-element-c71f6c4\" data-id=\"c71f6c4\" data-element_type=\"column\" data-e-type=\"column\">\n\t\t\t<div class=\"elementor-widget-wrap elementor-element-populated\">\n\t\t\t\t\t\t<div class=\"elementor-element elementor-element-8dcf43a elementor-widget elementor-widget-text-editor\" data-id=\"8dcf43a\" data-element_type=\"widget\" data-e-type=\"widget\" data-widget_type=\"text-editor.default\">\n\t\t\t\t<div class=\"elementor-widget-container\">\n\t\t\t\t\t\t\t\t\t<p><span style=\"font-family: var( --e-global-typography-text-font-family ), Sans-serif;font-weight: bold\">Fecha de \u00faltima actualizaci\u00f3n:<\/span><span style=\"font-family: var( --e-global-typography-text-font-family ), Sans-serif;font-weight: var( --e-global-typography-text-font-weight )\">&nbsp;25 de marzo de 2024.<\/span><br><\/p>\n<p><span style=\"color: #000000\"><span style=\"font-weight: bold\">Autor de la entrada:<\/span>&nbsp;Fernando Reviriego Pic\u00f3n<\/span><\/p>\t\t\t\t\t\t\t\t<\/div>\n\t\t\t\t<\/div>\n\t\t\t\t\t<\/div>\n\t\t<\/div>\n\t\t\t\t<div class=\"elementor-column elementor-col-50 elementor-top-column elementor-element elementor-element-ae9f45c\" data-id=\"ae9f45c\" data-element_type=\"column\" data-e-type=\"column\">\n\t\t\t<div class=\"elementor-widget-wrap\">\n\t\t\t\t\t\t\t<\/div>\n\t\t<\/div>\n\t\t\t\t\t<\/div>\n\t\t<\/section>\n\t\t\t\t<\/div>\n\t\t","protected":false},"excerpt":{"rendered":"<p>El T\u00edtulo IV de la Constituci\u00f3n (arts. 97 a 107) est\u00e1 dedicado al Gobierno y a la Administraci\u00f3n; por su parte, en el T\u00edtulo V (arts. 108 a 116) se regulan las relaciones entre el Gobierno y las Cortes Generales. Se recogen all\u00ed, con diferente detalle, cuestiones como las competencias, composici\u00f3n, formaci\u00f3n, estatuto de sus miembros, o relaciones con otros \u00f3rganos, articulando su estructura mediante los principios presidencial y de colegialidad (y consiguiente responsabilidad solidaria), y la responsabilidad ministerial derivada de la acci\u00f3n gubernamental. Pero el Constituyente, a diferencia de lo que suele ser habitual en sede constitucional, no se limit\u00f3 a perfilar estas cuestiones, sino que, m\u00e1s a\u00fan, contempl\u00f3 en su art\u00edculo 101 los supuestos de cese del gobierno: celebraci\u00f3n de elecciones generales, p\u00e9rdida de la confianza parlamentaria -moci\u00f3n de censura y cuesti\u00f3n de confianza-, y dimisi\u00f3n o fallecimiento del Presidente. Tambi\u00e9n \u00a0resolvi\u00f3 all\u00ed el problema de la sucesi\u00f3n&hellip;<\/p>\n<p> <a class=\"more-link\" href=\"https:\/\/blogs.uned.es\/derechoyconstitucion\/el-articulo-101-ce-el-gobierno-en-funciones\/\">Leer m\u00e1s<\/a><\/p>\n","protected":false},"author":7621,"featured_media":0,"comment_status":"closed","ping_status":"open","sticky":false,"template":"","format":"standard","meta":{"footnotes":""},"categories":[7],"tags":[],"class_list":{"0":"post-7379","1":"post","2":"type-post","3":"status-publish","4":"format-standard","6":"category-entradas-articulos"},"_links":{"self":[{"href":"https:\/\/blogs.uned.es\/derechoyconstitucion\/wp-json\/wp\/v2\/posts\/7379","targetHints":{"allow":["GET"]}}],"collection":[{"href":"https:\/\/blogs.uned.es\/derechoyconstitucion\/wp-json\/wp\/v2\/posts"}],"about":[{"href":"https:\/\/blogs.uned.es\/derechoyconstitucion\/wp-json\/wp\/v2\/types\/post"}],"author":[{"embeddable":true,"href":"https:\/\/blogs.uned.es\/derechoyconstitucion\/wp-json\/wp\/v2\/users\/7621"}],"replies":[{"embeddable":true,"href":"https:\/\/blogs.uned.es\/derechoyconstitucion\/wp-json\/wp\/v2\/comments?post=7379"}],"version-history":[{"count":19,"href":"https:\/\/blogs.uned.es\/derechoyconstitucion\/wp-json\/wp\/v2\/posts\/7379\/revisions"}],"predecessor-version":[{"id":7625,"href":"https:\/\/blogs.uned.es\/derechoyconstitucion\/wp-json\/wp\/v2\/posts\/7379\/revisions\/7625"}],"wp:attachment":[{"href":"https:\/\/blogs.uned.es\/derechoyconstitucion\/wp-json\/wp\/v2\/media?parent=7379"}],"wp:term":[{"taxonomy":"category","embeddable":true,"href":"https:\/\/blogs.uned.es\/derechoyconstitucion\/wp-json\/wp\/v2\/categories?post=7379"},{"taxonomy":"post_tag","embeddable":true,"href":"https:\/\/blogs.uned.es\/derechoyconstitucion\/wp-json\/wp\/v2\/tags?post=7379"}],"curies":[{"name":"wp","href":"https:\/\/api.w.org\/{rel}","templated":true}]}}