{"id":4483,"date":"2023-08-30T12:10:33","date_gmt":"2023-08-30T10:10:33","guid":{"rendered":"https:\/\/blogs.uned.es\/derechoyconstitucion\/?p=4483"},"modified":"2023-11-17T19:34:51","modified_gmt":"2023-11-17T18:34:51","slug":"pena-de-muerte-art-15-ce","status":"publish","type":"post","link":"https:\/\/blogs.uned.es\/derechoyconstitucion\/pena-de-muerte-art-15-ce\/","title":{"rendered":"Pena de muerte (art. 15 CE)"},"content":{"rendered":"\t\t<div data-elementor-type=\"wp-post\" data-elementor-id=\"4483\" class=\"elementor elementor-4483\">\n\t\t\t\t\t\t<section class=\"elementor-section elementor-top-section elementor-element elementor-element-21858d5 elementor-section-boxed elementor-section-height-default elementor-section-height-default\" data-id=\"21858d5\" data-element_type=\"section\" data-e-type=\"section\">\n\t\t\t\t\t\t<div class=\"elementor-container elementor-column-gap-default\">\n\t\t\t\t\t<div class=\"elementor-column elementor-col-50 elementor-top-column elementor-element elementor-element-73e5ce6\" data-id=\"73e5ce6\" data-element_type=\"column\" data-e-type=\"column\">\n\t\t\t<div class=\"elementor-widget-wrap elementor-element-populated\">\n\t\t\t\t\t\t<div class=\"elementor-element elementor-element-45235da elementor-widget elementor-widget-image\" data-id=\"45235da\" data-element_type=\"widget\" data-e-type=\"widget\" data-widget_type=\"image.default\">\n\t\t\t\t<div class=\"elementor-widget-container\">\n\t\t\t\t\t\t\t\t\t\t\t\t<figure class=\"wp-caption\">\n\t\t\t\t\t\t\t\t\t\t\t<a href=\"https:\/\/drive.google.com\/file\/d\/1mtKe3kxWT4Va6gD6g4lC__UQXogKG7Ta\/view?usp=sharing\">\n\t\t\t\t\t\t\t<img fetchpriority=\"high\" decoding=\"async\" width=\"300\" height=\"201\" src=\"https:\/\/blogs.uned.es\/derechoyconstitucion\/wp-content\/uploads\/sites\/373\/2023\/08\/pena-muerte.jpg\" class=\"attachment-large size-large wp-image-5895\" alt=\"\" \/>\t\t\t\t\t\t\t\t<\/a>\n\t\t\t\t\t\t\t\t\t\t\t<figcaption class=\"widget-image-caption wp-caption-text\">Infograf\u00eda sobre la PENA DE MUERTE<\/figcaption>\n\t\t\t\t\t\t\t\t\t\t<\/figure>\n\t\t\t\t\t\t\t\t\t<\/div>\n\t\t\t\t<\/div>\n\t\t\t\t\t<\/div>\n\t\t<\/div>\n\t\t\t\t<div class=\"elementor-column elementor-col-50 elementor-top-column elementor-element elementor-element-2ca50af\" data-id=\"2ca50af\" data-element_type=\"column\" data-e-type=\"column\">\n\t\t\t<div class=\"elementor-widget-wrap elementor-element-populated\">\n\t\t\t\t\t\t<div class=\"elementor-element elementor-element-5929863 elementor-widget elementor-widget-image\" data-id=\"5929863\" data-element_type=\"widget\" data-e-type=\"widget\" data-widget_type=\"image.default\">\n\t\t\t\t<div class=\"elementor-widget-container\">\n\t\t\t\t\t\t\t\t\t\t\t\t<figure class=\"wp-caption\">\n\t\t\t\t\t\t\t\t\t\t\t<a href=\"https:\/\/docs.google.com\/forms\/d\/e\/1FAIpQLScrUrgvaazdQ92Bc1v8WRwrBkWQxV4hlx7r2o7JdkmtaoIa-g\/viewform\">\n\t\t\t\t\t\t\t<img decoding=\"async\" width=\"150\" height=\"123\" src=\"https:\/\/blogs.uned.es\/derechoyconstitucion\/wp-content\/uploads\/sites\/373\/2023\/03\/ICO-TEST.jpg\" class=\"attachment-large size-large wp-image-2669\" alt=\"\" \/>\t\t\t\t\t\t\t\t<\/a>\n\t\t\t\t\t\t\t\t\t\t\t<figcaption class=\"widget-image-caption wp-caption-text\">Test sobre la pena de muerte en Espa\u00f1a<\/figcaption>\n\t\t\t\t\t\t\t\t\t\t<\/figure>\n\t\t\t\t\t\t\t\t\t<\/div>\n\t\t\t\t<\/div>\n\t\t\t\t\t<\/div>\n\t\t<\/div>\n\t\t\t\t\t<\/div>\n\t\t<\/section>\n\t\t\t\t<section class=\"elementor-section elementor-top-section elementor-element elementor-element-1a7b3d2 elementor-section-boxed elementor-section-height-default elementor-section-height-default\" data-id=\"1a7b3d2\" data-element_type=\"section\" data-e-type=\"section\">\n\t\t\t\t\t\t<div class=\"elementor-container elementor-column-gap-default\">\n\t\t\t\t\t<div class=\"elementor-column elementor-col-100 elementor-top-column elementor-element elementor-element-9fc8789\" data-id=\"9fc8789\" data-element_type=\"column\" data-e-type=\"column\">\n\t\t\t<div class=\"elementor-widget-wrap elementor-element-populated\">\n\t\t\t\t\t\t<div class=\"elementor-element elementor-element-ee7edc5 elementor-widget elementor-widget-text-editor\" data-id=\"ee7edc5\" data-element_type=\"widget\" data-e-type=\"widget\" data-widget_type=\"text-editor.default\">\n\t\t\t\t<div class=\"elementor-widget-container\">\n\t\t\t\t\t\t\t\t\t<p><span style=\"color: #000000\"><b>PENA DE MUERTE<\/b><\/span><\/p><p><span style=\"color: #000000\"><strong>La pena de muerte en la Constituci\u00f3n<\/strong><\/span><\/p><p><span style=\"color: #000000\">El art\u00edculo 15 CE expresa entre sus contenidos \u00abQueda abolida la pena de muerte, salvo lo que puedan disponer las leyes penales militares para tiempos de guerra\u00bb. Se trata de una abolici\u00f3n general de la pena de muerte\u00a0que\u00a0remite\u00a0a ley penal militar para regular lo que deba proceder en el\u00a0caso excepcional de guerra. El legislador determin\u00f3 a trav\u00e9s de la L.O. 11\/1995, de 27 de noviembre, la abolici\u00f3n de la pena de muerte tambi\u00e9n en este supuesto.\u00a0<\/span><\/p><p><span style=\"color: #000000\">Por ello, lo establecido en la Constituci\u00f3n, por s\u00ed solo,\u00a0no establece\u00a0la pena de muerte para tiempos de guerra, simplemente no se pronuncia en un sentido u otro, sino que remite a la Ley. Adem\u00e1s, cuando se ratific\u00f3 el Protocolo 13 del Convenio Europeo de Derechos Humanos (CEDH) -relativo a la abolici\u00f3n de la pena de muerte ante cualquier circunstancia- ya se estaba en sinton\u00eda con la abolici\u00f3n total de la pena de muerte, ya que \u00e9sta se hab\u00eda producido con la citada L.O. de 1995.\u00a0<\/span><\/p><p><span style=\"color: #000000\"><strong>\u00bfContradicci\u00f3n entre la previsi\u00f3n constitucional y los tratados?<\/strong><\/span><\/p><p><span style=\"color: #000000\">Hay autores que entienden que existe contradicci\u00f3n entre el art\u00edculo 15 CE y las normas internacionales suscritas por Espa\u00f1a, lo\u00a0que deber\u00eda conllevar que tarde o temprano se modifique este precepto constitucional (v\u00e9ase JIMENA, 2002: 159).\u00a0En todo caso, hay que recordar que deber\u00eda ser el Tribunal Constitucional quien aprecie si existe cualquier contradicci\u00f3n entre la CE y un tratado internacional.<\/span><\/p><p><span style=\"color: #000000\">Aun as\u00ed, conviene recordar que la posici\u00f3n de los tratados es infraconstitucional, de ah\u00ed que el art\u00edculo 95.1 CE establece que antes de firmar un tratado que pueda contener \u00abestipulaciones contrarias a la Constituci\u00f3n exigir\u00e1 la previa revisi\u00f3n constitucional\u00bb, dado que la Constituci\u00f3n siempre va a estar por encima de cualquier tratado internacional.<\/span><\/p><p><span style=\"color: #000000\">Seg\u00fan mi criterio -que no es compartido por alguna doctrina-, se ve colmado el objetivo de la abolici\u00f3n con el art\u00edculo 15 CE y su concreci\u00f3n para los tiempos de guerra con la L.O. mencionada, por lo que es suficiente como para dar por cumplido el protocolo 13 del CEDH. No obstante, en una posible reforma constitucional se puede abordar el art\u00edculo 15 CE para hacerlo m\u00e1s acorde a los tratados y acuerdos firmados por Espa\u00f1a sobre derechos humanos.<\/span><\/p><p><span style=\"color: #000000\">La diferencia de este asunto con la reforma constitucional que permiti\u00f3 el sufragio pasivo en las elecciones locales a los extranjeros es que hab\u00eda una manifiesta contradicci\u00f3n entre lo que pretend\u00eda el tratado y el literal de la CE, por lo que s\u00ed era necesaria la reforma constitucional.<\/span><\/p><p><span style=\"color: #000000\"><strong>REFERENCIAS:<\/strong><\/span><\/p><ul><li><span style=\"color: #000000\"><strong>Jimena Quesada, L. (2002). \u201cLa reforma de la Carta Magna de 1978: requisito para la asunci\u00f3n de determinados compromisos constitucionales europeos\u201d.<\/strong> <em>Cuadernos de la C\u00e1tedra Fadrique Furi\u00f3 Ceriol<\/em>, n\u00fam. 40: 155-166<br \/><\/span><\/li><li><span style=\"color: #000000\">Los tratados internacionales en el sistema jur\u00eddico espa\u00f1ol:<\/span>\u00a0<a href=\"https:\/\/canal.uned.es\/video\/5a6f6bb7b1111fe0498b458d\">https:\/\/canal.uned.es\/video\/5a6f6bb7b1111fe0498b458d<\/a><\/li><li><p><span style=\"color: #000000\">Instrumento de Ratificaci\u00f3n del Protocolo n\u00famero 13 al Convenio para la protecci\u00f3n de los Derechos Humanos y las Libertades Fundamentales, relativo a la abolici\u00f3n de la pena de muerte en todas las circunstancias<\/span>: https:\/\/www.boe.es\/buscar\/doc.php?id=BOE-A-2010-5208<\/p><\/li><\/ul>\t\t\t\t\t\t\t\t<\/div>\n\t\t\t\t<\/div>\n\t\t\t\t\t<\/div>\n\t\t<\/div>\n\t\t\t\t\t<\/div>\n\t\t<\/section>\n\t\t\t\t<section class=\"elementor-section elementor-top-section elementor-element elementor-element-29ad91b elementor-section-boxed elementor-section-height-default elementor-section-height-default\" data-id=\"29ad91b\" data-element_type=\"section\" data-e-type=\"section\">\n\t\t\t\t\t\t<div class=\"elementor-container elementor-column-gap-default\">\n\t\t\t\t\t<div class=\"elementor-column elementor-col-50 elementor-top-column elementor-element elementor-element-9436d9e\" data-id=\"9436d9e\" data-element_type=\"column\" data-e-type=\"column\">\n\t\t\t<div class=\"elementor-widget-wrap elementor-element-populated\">\n\t\t\t\t\t\t<div class=\"elementor-element elementor-element-ac97702 elementor-widget elementor-widget-text-editor\" data-id=\"ac97702\" data-element_type=\"widget\" data-e-type=\"widget\" data-widget_type=\"text-editor.default\">\n\t\t\t\t<div class=\"elementor-widget-container\">\n\t\t\t\t\t\t\t\t\t<p><span style=\"color: #000000\">Autor: Javier Sierra Rodr\u00edguez<\/span><\/p><p><span style=\"color: #000000\">Fecha de \u00faltima actualizaci\u00f3n: 30\/07\/2023<\/span><\/p>\t\t\t\t\t\t\t\t<\/div>\n\t\t\t\t<\/div>\n\t\t\t\t\t<\/div>\n\t\t<\/div>\n\t\t\t\t<div class=\"elementor-column elementor-col-50 elementor-top-column elementor-element elementor-element-24484c3\" data-id=\"24484c3\" data-element_type=\"column\" data-e-type=\"column\">\n\t\t\t<div class=\"elementor-widget-wrap\">\n\t\t\t\t\t\t\t<\/div>\n\t\t<\/div>\n\t\t\t\t\t<\/div>\n\t\t<\/section>\n\t\t\t\t<\/div>\n\t\t","protected":false},"excerpt":{"rendered":"<p>Infograf\u00eda sobre la PENA DE MUERTE Test sobre la pena de muerte en Espa\u00f1a PENA DE MUERTE La pena de muerte en la Constituci\u00f3n El art\u00edculo 15 CE expresa entre sus contenidos \u00abQueda abolida la pena de muerte, salvo lo que puedan disponer las leyes penales militares para tiempos de guerra\u00bb. Se trata de una abolici\u00f3n general de la pena de muerte\u00a0que\u00a0remite\u00a0a ley penal militar para regular lo que deba proceder en el\u00a0caso excepcional de guerra. El legislador determin\u00f3 a trav\u00e9s de la L.O. 11\/1995, de 27 de noviembre, la abolici\u00f3n de la pena de muerte tambi\u00e9n en este supuesto.\u00a0 Por ello, lo establecido en la Constituci\u00f3n, por s\u00ed solo,\u00a0no establece\u00a0la pena de muerte para tiempos de guerra, simplemente no se pronuncia en un sentido u otro, sino que remite a la Ley. Adem\u00e1s, cuando se ratific\u00f3 el Protocolo 13 del Convenio Europeo de Derechos Humanos (CEDH) -relativo a la&hellip;<\/p>\n<p> <a class=\"more-link\" href=\"https:\/\/blogs.uned.es\/derechoyconstitucion\/pena-de-muerte-art-15-ce\/\">Leer m\u00e1s<\/a><\/p>\n","protected":false},"author":7621,"featured_media":0,"comment_status":"closed","ping_status":"open","sticky":false,"template":"","format":"standard","meta":{"footnotes":""},"categories":[7],"tags":[17],"class_list":{"0":"post-4483","1":"post","2":"type-post","3":"status-publish","4":"format-standard","6":"category-entradas-articulos","7":"tag-infografias"},"_links":{"self":[{"href":"https:\/\/blogs.uned.es\/derechoyconstitucion\/wp-json\/wp\/v2\/posts\/4483","targetHints":{"allow":["GET"]}}],"collection":[{"href":"https:\/\/blogs.uned.es\/derechoyconstitucion\/wp-json\/wp\/v2\/posts"}],"about":[{"href":"https:\/\/blogs.uned.es\/derechoyconstitucion\/wp-json\/wp\/v2\/types\/post"}],"author":[{"embeddable":true,"href":"https:\/\/blogs.uned.es\/derechoyconstitucion\/wp-json\/wp\/v2\/users\/7621"}],"replies":[{"embeddable":true,"href":"https:\/\/blogs.uned.es\/derechoyconstitucion\/wp-json\/wp\/v2\/comments?post=4483"}],"version-history":[{"count":28,"href":"https:\/\/blogs.uned.es\/derechoyconstitucion\/wp-json\/wp\/v2\/posts\/4483\/revisions"}],"predecessor-version":[{"id":5901,"href":"https:\/\/blogs.uned.es\/derechoyconstitucion\/wp-json\/wp\/v2\/posts\/4483\/revisions\/5901"}],"wp:attachment":[{"href":"https:\/\/blogs.uned.es\/derechoyconstitucion\/wp-json\/wp\/v2\/media?parent=4483"}],"wp:term":[{"taxonomy":"category","embeddable":true,"href":"https:\/\/blogs.uned.es\/derechoyconstitucion\/wp-json\/wp\/v2\/categories?post=4483"},{"taxonomy":"post_tag","embeddable":true,"href":"https:\/\/blogs.uned.es\/derechoyconstitucion\/wp-json\/wp\/v2\/tags?post=4483"}],"curies":[{"name":"wp","href":"https:\/\/api.w.org\/{rel}","templated":true}]}}