{"id":11599,"date":"2026-04-27T09:28:00","date_gmt":"2026-04-27T07:28:00","guid":{"rendered":"https:\/\/blogs.uned.es\/derechoyconstitucion\/?p=11599"},"modified":"2026-04-27T09:34:05","modified_gmt":"2026-04-27T07:34:05","slug":"regencia-2","status":"publish","type":"post","link":"https:\/\/blogs.uned.es\/derechoyconstitucion\/regencia-2\/","title":{"rendered":"Regencia"},"content":{"rendered":"\t\t<div data-elementor-type=\"wp-post\" data-elementor-id=\"11599\" class=\"elementor elementor-11599\">\n\t\t\t\t\t\t<section class=\"elementor-section elementor-top-section elementor-element elementor-element-ed65149 elementor-section-boxed elementor-section-height-default elementor-section-height-default\" data-id=\"ed65149\" data-element_type=\"section\" data-e-type=\"section\">\n\t\t\t\t\t\t<div class=\"elementor-container elementor-column-gap-default\">\n\t\t\t\t\t<div class=\"elementor-column elementor-col-100 elementor-top-column elementor-element elementor-element-e6f0448\" data-id=\"e6f0448\" data-element_type=\"column\" data-e-type=\"column\">\n\t\t\t<div class=\"elementor-widget-wrap elementor-element-populated\">\n\t\t\t\t\t\t\t<\/div>\n\t\t<\/div>\n\t\t\t\t\t<\/div>\n\t\t<\/section>\n\t\t\t\t<section class=\"elementor-section elementor-top-section elementor-element elementor-element-bdaec35 elementor-section-boxed elementor-section-height-default elementor-section-height-default\" data-id=\"bdaec35\" data-element_type=\"section\" data-e-type=\"section\">\n\t\t\t\t\t\t<div class=\"elementor-container elementor-column-gap-default\">\n\t\t\t\t\t<div class=\"elementor-column elementor-col-50 elementor-top-column elementor-element elementor-element-f38b9c8\" data-id=\"f38b9c8\" data-element_type=\"column\" data-e-type=\"column\">\n\t\t\t<div class=\"elementor-widget-wrap elementor-element-populated\">\n\t\t\t\t\t\t<div class=\"elementor-element elementor-element-f013bf0 elementor-widget elementor-widget-image\" data-id=\"f013bf0\" data-element_type=\"widget\" data-e-type=\"widget\" data-widget_type=\"image.default\">\n\t\t\t\t<div class=\"elementor-widget-container\">\n\t\t\t\t\t\t\t\t\t\t\t\t<figure class=\"wp-caption\">\n\t\t\t\t\t\t\t\t\t\t\t<a href=\"https:\/\/drive.google.com\/file\/d\/1wxH71YipmU9eEWqZGWx52ckjrgdKALND\/view?usp=sharing\">\n\t\t\t\t\t\t\t<img fetchpriority=\"high\" decoding=\"async\" width=\"626\" height=\"306\" src=\"https:\/\/blogs.uned.es\/derechoyconstitucion\/wp-content\/uploads\/sites\/373\/2026\/04\/regencia.jpg\" class=\"attachment-large size-large wp-image-11603\" alt=\"\" srcset=\"https:\/\/blogs.uned.es\/derechoyconstitucion\/wp-content\/uploads\/sites\/373\/2026\/04\/regencia.jpg 626w, https:\/\/blogs.uned.es\/derechoyconstitucion\/wp-content\/uploads\/sites\/373\/2026\/04\/regencia-300x147.jpg 300w\" sizes=\"(max-width: 626px) 100vw, 626px\" \/>\t\t\t\t\t\t\t\t<\/a>\n\t\t\t\t\t\t\t\t\t\t\t<figcaption class=\"widget-image-caption wp-caption-text\">INFOGRAF\u00cdA SOBRE LA REGENCIA<\/figcaption>\n\t\t\t\t\t\t\t\t\t\t<\/figure>\n\t\t\t\t\t\t\t\t\t<\/div>\n\t\t\t\t<\/div>\n\t\t\t\t\t<\/div>\n\t\t<\/div>\n\t\t\t\t<div class=\"elementor-column elementor-col-50 elementor-top-column elementor-element elementor-element-23755cd\" data-id=\"23755cd\" data-element_type=\"column\" data-e-type=\"column\">\n\t\t\t<div class=\"elementor-widget-wrap elementor-element-populated\">\n\t\t\t\t\t\t<div class=\"elementor-element elementor-element-2181852 elementor-widget elementor-widget-image\" data-id=\"2181852\" data-element_type=\"widget\" data-e-type=\"widget\" data-widget_type=\"image.default\">\n\t\t\t\t<div class=\"elementor-widget-container\">\n\t\t\t\t\t\t\t\t\t\t\t\t<figure class=\"wp-caption\">\n\t\t\t\t\t\t\t\t\t\t\t<a href=\"https:\/\/docs.google.com\/forms\/d\/e\/1FAIpQLSds-wgDqF5ATsa36TmAlr8ViQKcu67QqON4YWfni013DswdOQ\/viewform\">\n\t\t\t\t\t\t\t<img decoding=\"async\" width=\"150\" height=\"123\" src=\"https:\/\/blogs.uned.es\/derechoyconstitucion\/wp-content\/uploads\/sites\/373\/2023\/03\/ICO-TEST.jpg\" class=\"attachment-large size-large wp-image-2669\" alt=\"\" \/>\t\t\t\t\t\t\t\t<\/a>\n\t\t\t\t\t\t\t\t\t\t\t<figcaption class=\"widget-image-caption wp-caption-text\">TEST SOBRE LA REGENCIA<\/figcaption>\n\t\t\t\t\t\t\t\t\t\t<\/figure>\n\t\t\t\t\t\t\t\t\t<\/div>\n\t\t\t\t<\/div>\n\t\t\t\t\t<\/div>\n\t\t<\/div>\n\t\t\t\t\t<\/div>\n\t\t<\/section>\n\t\t\t\t<section class=\"elementor-section elementor-top-section elementor-element elementor-element-1a7b3d2 elementor-section-boxed elementor-section-height-default elementor-section-height-default\" data-id=\"1a7b3d2\" data-element_type=\"section\" data-e-type=\"section\">\n\t\t\t\t\t\t<div class=\"elementor-container elementor-column-gap-default\">\n\t\t\t\t\t<div class=\"elementor-column elementor-col-100 elementor-top-column elementor-element elementor-element-9fc8789\" data-id=\"9fc8789\" data-element_type=\"column\" data-e-type=\"column\">\n\t\t\t<div class=\"elementor-widget-wrap elementor-element-populated\">\n\t\t\t\t\t\t<div class=\"elementor-element elementor-element-ee7edc5 elementor-widget elementor-widget-text-editor\" data-id=\"ee7edc5\" data-element_type=\"widget\" data-e-type=\"widget\" data-widget_type=\"text-editor.default\">\n\t\t\t\t<div class=\"elementor-widget-container\">\n\t\t\t\t\t\t\t\t\t<p style=\"text-align: center\"><span style=\"color: #000000\"><strong>REGENCIA<\/strong><\/span><\/p><p style=\"text-align: center\"><span style=\"color: #000000\">Antonia Navas Castillo (UNED)<br \/>Curso de \u00faltima actualizaci\u00f3n: 2025\/2026<\/span><\/p><p><span style=\"color: #000000\"><strong>\u00bfQU\u00c9 ES LA REGENCIA?<\/strong><\/span><\/p><p><span style=\"color: #000000\"><strong>La Regencia es una instituci\u00f3n de car\u00e1cter interino mediante la que se otorga continuidad al ejercicio de las funciones del Jefe del Estado en una Monarqu\u00eda cuando su titular, el Rey\/la Reina, no puede hacerse cargo de ellas. A trav\u00e9s de esta instituci\u00f3n se solventa la eventual vacancia en la Jefatura del Estado mon\u00e1rquica.<\/strong><\/span><\/p><p><span style=\"color: #000000\"><strong>\u00a0<\/strong><\/span><strong style=\"color: #000000;font-family: var( --e-global-typography-text-font-family ), Sans-serif\">\u00bfCU\u00c1L ES SU REGULACI\u00d3N CONSTITUCIONAL?<\/strong><\/p><p><span style=\"color: #000000\">La Regencia ha sido regulada en todas las Constituciones mon\u00e1rquicas espa\u00f1olas, si bien, su regulaci\u00f3n presenta caracter\u00edsticas distintas entre aquellas Constituciones de car\u00e1cter progresista , en las que se opta por una Regencia integrada por tres o cinco personas (Constituci\u00f3n de 1812) o una, tres o cinco personas (Constituciones de 1837 y 1869)\u00a0 elegidas por las Cortes Generales; y aquellas otras Constituciones de corte conservador (Constituci\u00f3n de 1845 y 1876), en las que existe una preferencia por la Regencia leg\u00edtima o <em>de iure <\/em>de car\u00e1cter unipersonal, es decir, por la designaci\u00f3n a trav\u00e9s del propio Texto Constitucional de los que est\u00e1n llamados a ocupar la Regencia atendiendo a criterios de parentesco, previendo, en su caso, la elecci\u00f3n de la Regencia por las Cortes Generales cuando no hubiese ninguna persona a quien correspondiera de derecho la Regencia.<\/span><\/p><p><span style=\"color: #000000\">A pesar de su car\u00e1cter progresista, as\u00ed como de establecer una Monarqu\u00eda Parlamentaria en la que la soberan\u00eda nacional reside en el pueblo espa\u00f1ol, la actual Constituci\u00f3n espa\u00f1ola de 1978 ha optado, en su art\u00edculo 59, por el establecimiento de una Regencia <em>de iure<\/em> de car\u00e1cter unipersonal, preceptuando, para supuestos excepcionales, una Regencia electiva colegiada. Regulaci\u00f3n constitucional que, junto al art\u00edculo 59, se viene a completar a trav\u00e9s de las referencias que a esta instituci\u00f3n se llevan a cabo en los art\u00edculos 58, 60 y 61 del Texto Constitucional.<\/span><\/p><p><span style=\"color: #000000\"><strong>\u00bfQU\u00c9 CAUSAS DAN ORIGEN A LA REGENCIA EN ESPA\u00d1A?<\/strong><\/span><\/p><p><span style=\"color: #000000\">Del mismo modo que nuestras Constituciones mon\u00e1rquicas hist\u00f3ricas, el art\u00edculo 59 de la Constituci\u00f3n espa\u00f1ola reconoce dos supuestos distintos que habilitan esta instituci\u00f3n: la minor\u00eda de edad del Rey\/Reina y la inhabilitaci\u00f3n del Rey. La Constituci\u00f3n espa\u00f1ola silencia, entonces, la ausencia prolongada del Rey del territorio nacional como causa que habilite la instituci\u00f3n.<\/span><\/p><p><span style=\"color: #000000\"><strong>Minor\u00eda de edad del Rey\/Reina (art. 59.1 CE)<\/strong><\/span><\/p><p><span style=\"color: #000000\">La Regencia, en este supuesto, alcanza el tiempo que dura la minor\u00eda de edad del Rey menor, finalizando cuando el Rey llegue a la mayor\u00eda de edad que, de conformidad con el art\u00edculo 12 de la Constituci\u00f3n, ser\u00e1 el d\u00eda que cumpla 18 a\u00f1os de edad, fecha establecida con car\u00e1cter general por el Texto Constitucional para la adquisici\u00f3n de la mayor\u00eda de edad para todos los espa\u00f1oles.<\/span><\/p><p><span style=\"color: #000000\">A diferencia de otros Textos Constitucionales, como la Constituci\u00f3n de los Pa\u00edses Bajos (art. 37.1 b)), la Constituci\u00f3n espa\u00f1ola no contempla expresamente el supuesto de un heredero al trono concebido, pero a\u00fan no nacido, si bien, podr\u00eda considerarse como un supuesto que tiene cabida en la Regencia prevista en caso de minor\u00eda de edad regia.<\/span><\/p><p><span style=\"color: #000000\"><strong>Inhabilitaci\u00f3n del Rey (art. 59.2 CE)<\/strong><\/span><\/p><p><span style=\"color: #000000\">De acuerdo con el precepto constitucional, la Regencia se encuentra habilitada cuando el Rey\/Reina se encuentre inhabilitado para el ejercicio de su autoridad y esta imposibilidad fuese reconocida por las Cortes Generales. En tal caso, el\/la Regente entrar\u00e1 a ejercer de forma inmediata la Regencia asumiendo las funciones que corresponden al Rey\/Reina como Jefe del Estado.<\/span><\/p><p><span style=\"color: #000000\">Sobre las causas de \u201cinhabilitaci\u00f3n\u201d del Rey para el ejercicio de su autoridad, deben de comprenderse incluidas todas aquellas circunstancias que impidan al Rey el ejercicio de sus funciones, alcanzando, en consecuencia, a aquellas causas de incapacitaci\u00f3n de las personas f\u00edsicas previstas en el C\u00f3digo Civil (art. 200). Por su parte, las Cortes Generales deber\u00e1n reconocer que la imposibilidad regia existe.<\/span><\/p><p><span style=\"color: #000000\"><strong>\u00bfQU\u00c9 TIPOS DE REGENCIA REGULA LA CONSTITUCI\u00d3N ESPA\u00d1OLA?<\/strong><\/span><\/p><p><span style=\"color: #000000\">La Constituci\u00f3n espa\u00f1ola regula dos formas de Regencia en funci\u00f3n del procedimiento a seguir para su nombramiento y de la persona o personas a las que deba corresponder su ejercicio, present\u00e1ndose importantes diferencias entre ellas: Regencia <em>de iure<\/em> y Regencia electiva.<\/span><\/p><p><span style=\"color: #000000\"><strong>Regencia leg\u00edtima o <em>de iure <\/em>(art. 59.1 y 2 CE)<\/strong><\/span><\/p><p><span style=\"color: #000000\">Regencia que se atribuye a los sujetos que expresamente establece nuestro Texto Constitucional atendiendo a criterios de parentesco. En todo caso ser\u00e1 unipersonal. El ejercicio de la Regencia deber\u00e1 de ser inmediato, esto es, desde que se produce la causa que la origina. El\/la Regente deber\u00e1 de ser persona espa\u00f1ola mayor de edad (art. 59.4 CE).<\/span><\/p><p><span style=\"color: #000000\"><strong>Regencia electiva (art. 59.3 CE)<\/strong><\/span><\/p><p><span style=\"color: #000000\">Regencia de car\u00e1cter subsidiario a la Regencia <em>de iure<\/em>. Cuando no exista ninguna persona a la que corresponda la Regencia, ser\u00e1n las Cortes Generales las que deber\u00e1n proceder a su nombramiento. Para su nombramiento, las Cortes generales no est\u00e1n obligadas constitucionalmente a atender a criterios de parentesco, si bien, deber\u00e1 de recaer, en todo caso, en persona espa\u00f1ola mayor de edad (art. 59.4 CE). Puede ser unipersonal o colegiada, pudiendo estar formada, en este \u00faltimo supuesto, por tres o cinco personas. El ejercicio de la Regencia ser\u00e1 inmediato al nombramiento parlamentario.<\/span><\/p><p><span style=\"color: #000000\"><strong>\u00bfQUI\u00c9NES SON LOS SUJETOS QUE ASUMEN LA REGENCIA EN ESPA\u00d1A?<\/strong><\/span><\/p><p><span style=\"color: #000000\">La Constituci\u00f3n espa\u00f1ola toma como precedente a las Constituciones mon\u00e1rquicas de 1845 y 1876 y opta por la Regencia leg\u00edtima<em> o de iure<\/em>. Como nuestros Textos Constitucionales hist\u00f3ricos opta por la Regencia unipersonal estableciendo, entre los parientes del Rey, a qui\u00e9n corresponde, en cada caso, ser llamado a la Regencia. S\u00f3lo con car\u00e1cter subsidiario, como as\u00ed mismo hiciesen los Textos Constitucionales citados, prev\u00e9 la Regencia nombrada por las Cortes Generales, esto es, la Regencia electiva. Con ello, el constituyente quiso evitar la lucha de partidos que pudiera producirse como consecuencia del nombramiento de la Jefatura del Estado de car\u00e1cter interino.<\/span><\/p><p><span style=\"color: #000000\"><strong>Sujeto Regente durante la Minor\u00eda de edad del Rey\/Reina (art. 59.1 CE)<\/strong><\/span><\/p><p><span style=\"color: #000000\">La Constituci\u00f3n espa\u00f1ola en su art\u00edculo 59.1 adopta para este supuesto la misma f\u00f3rmula empleada en los art\u00edculos 57 de la Constituci\u00f3n de 1845 y 67 de la Constituci\u00f3n de 1876, estableci\u00e9ndose, con ello, el mismo orden de prelaci\u00f3n que en los Textos Constitucionales hist\u00f3ricos para los llamados a la Regencia:<\/span><\/p><ul><li><span style=\"color: #000000\">El padre o la madre del Rey\/Reina menor de edad.<\/span><\/li><li><span style=\"color: #000000\">En su defecto, el pariente mayor de edad m\u00e1s pr\u00f3ximo a suceder en la Corona, seg\u00fan el orden establecido en la Constituci\u00f3n.<\/span><\/li><\/ul><p><span style=\"color: #000000\"><strong>Sujeto Regente durante la inhabilitaci\u00f3n del Rey\/Reina (art. 59.2 CE)<\/strong><\/span><\/p><p><span style=\"color: #000000\">La Regencia por inhabilitaci\u00f3n regia para el ejercicio de su autoridad tambi\u00e9n se encuentra reconocida en nuestras Constituciones hist\u00f3ricas mon\u00e1rquicas, si bien, el art\u00edculo 59.2 de la Constituci\u00f3n espa\u00f1ola, adopta una f\u00f3rmula muy pr\u00f3xima a la establecida en los art\u00edculos 61 de la Constituci\u00f3n de 1845 y 71 de la Constituci\u00f3n de 1876. As\u00ed es, la imposibilidad del Rey\/Reina para el ejercicio de sus funciones deber\u00e1 de ser reconocida por las Cortes Generales, pasando a ejercer de forma autom\u00e1tica la Regencia:<\/span><\/p><ul><li><span style=\"color: #000000\">El Pr\u00edncipe heredero de la Corona, si fuese mayor de edad.<\/span><\/li><li><span style=\"color: #000000\">Si no lo fuere, se procede del mismo modo que para la minor\u00eda de edad del Rey\/Reina, es decir: el padre o madre del Rey\/Reina y en su defecto, el pariente mayor de edad m\u00e1s pr\u00f3ximo a suceder en la Corona. En estos supuestos, hasta la mayor\u00eda de edad del Pr\u00edncipe heredero, en caso de que el Rey\/Reina todav\u00eda estuviese inhabilitado para el ejercicio de su autoridad.<\/span><\/li><\/ul><p><span style=\"color: #000000\"><strong>Sujeto\/s Regentes por nombramiento de las Cortes Generales (art. 59.3 CE)<\/strong><\/span><\/p><p><span style=\"color: #000000\">Si no hubiese ninguna persona a quien corresponda la Regencia, tanto en el supuesto de minor\u00eda de edad como en el de inhabilitaci\u00f3n del Rey\/Reina, ser\u00e1n las Cortes Generales las que tienen la competencia para nombrar la Regencia. En este supuesto, las Cortes Generales podr\u00e1n optar por el nombramiento de una Regencia unipersonal o una Regencia colegiada formada por tres o cinco personas. La \u00fanica exigencia que, para este supuesto, establece la Constituci\u00f3n es la que requiere, con car\u00e1cter general, en el apartado 4 del art\u00edculo 59 para el ejercicio de la Regencia, es decir, que el nombramiento parlamentario recaiga siempre sobre persona espa\u00f1ola mayor de edad.<\/span><\/p><p><span style=\"color: #000000\"><strong>\u00bfQU\u00c9 FUNCIONES CORRESPONDEN A LA REGENCIA?<\/strong><\/span><\/p><p><span style=\"color: #000000\">Las personas llamadas a la Regencia sustituyen al Rey\/Reina en el ejercicio de las funciones que constitucionalmente le corresponden, de ah\u00ed que asuman el ejercicio de todas las funciones que corresponden al Rey\/Reina durante la menor edad o incapacidad del titular de la Corona. Su ejercicio se lleva a cabo por mandato constitucional y siempre en nombre del Rey\/Reina (art. 59.5 CE). En consecuencia, sus actos estar\u00e1n sometidos a refrendo en los mismos t\u00e9rminos que los actos del Rey\/Reina.<\/span><\/p><p><span style=\"color: #000000\">Al asumir las funciones regias en nombre del Rey, se exige constitucionalmente al Regente que preste juramento de desempe\u00f1ar fielmente sus funciones, guardar y hacer guardar la Constituci\u00f3n y las leyes y respetar los derechos de los ciudadanos y de las Comunidades Aut\u00f3nomas, as\u00ed como de fidelidad al Rey (arts. 61 CE).<\/span><\/p><p>\u00a0<\/p><p><span style=\"color: #000000\"><strong>Bibliograf\u00eda de referencia:<\/strong><\/span><\/p><p><span style=\"color: #000000\"><strong>\u00c1lvarez Rodriguez, Ignacio; Alzaga Villaamil, Oscar:<\/strong> <em>Derecho pol\u00edtico espa\u00f1ol seg\u00fan la Constituci\u00f3n de 1978. Tomo II. Derechos fundamentales y \u00f3rganos del Estado, <\/em>Marcial Pons, 2021.<\/span><\/p><p><span style=\"color: #000000\"><strong>G\u00f3mez S\u00e1nchez, Yolanda:<\/strong> <em>La Monarqu\u00eda Parlamentaria: Familia Real y Sucesi\u00f3n a la Corona, <\/em>Ediciones HIDALGU\u00cdA-UNED, 2008.<\/span><\/p><p><span style=\"color: #000000\"><strong>Navas Castillo, Antonia:<\/strong> \u201cLas &lt;&lt;competencias no legislativas&gt;&gt; de las Cortes Generales en relaci\u00f3n con la Corona\u201d, <em>Monarqu\u00eda y Constituci\u00f3n (Dir. Torres del Moral, Antonio)<\/em>, Colex, 2001.<\/span><\/p><p><span style=\"color: #000000\"><strong>Pascual Medrano, Amelia:<\/strong> \u201cLa Regencia<em>\u201d, Monarqu\u00eda y Constituci\u00f3n (Dir. Torres del Moral, Antonio<\/em>), Colex, 2001.<\/span><\/p>\t\t\t\t\t\t\t\t<\/div>\n\t\t\t\t<\/div>\n\t\t\t\t\t<\/div>\n\t\t<\/div>\n\t\t\t\t\t<\/div>\n\t\t<\/section>\n\t\t\t\t<\/div>\n\t\t","protected":false},"excerpt":{"rendered":"<p>INFOGRAF\u00cdA SOBRE LA REGENCIA TEST SOBRE LA REGENCIA REGENCIA Antonia Navas Castillo (UNED)Curso de \u00faltima actualizaci\u00f3n: 2025\/2026 \u00bfQU\u00c9 ES LA REGENCIA? La Regencia es una instituci\u00f3n de car\u00e1cter interino mediante la que se otorga continuidad al ejercicio de las funciones del Jefe del Estado en una Monarqu\u00eda cuando su titular, el Rey\/la Reina, no puede hacerse cargo de ellas. A trav\u00e9s de esta instituci\u00f3n se solventa la eventual vacancia en la Jefatura del Estado mon\u00e1rquica. \u00a0\u00bfCU\u00c1L ES SU REGULACI\u00d3N CONSTITUCIONAL? La Regencia ha sido regulada en todas las Constituciones mon\u00e1rquicas espa\u00f1olas, si bien, su regulaci\u00f3n presenta caracter\u00edsticas distintas entre aquellas Constituciones de car\u00e1cter progresista , en las que se opta por una Regencia integrada por tres o cinco personas (Constituci\u00f3n de 1812) o una, tres o cinco personas (Constituciones de 1837 y 1869)\u00a0 elegidas por las Cortes Generales; y aquellas otras Constituciones de corte conservador (Constituci\u00f3n de 1845 y 1876),&hellip;<\/p>\n<p> <a class=\"more-link\" href=\"https:\/\/blogs.uned.es\/derechoyconstitucion\/regencia-2\/\">Leer m\u00e1s<\/a><\/p>\n","protected":false},"author":7621,"featured_media":0,"comment_status":"closed","ping_status":"open","sticky":false,"template":"","format":"standard","meta":{"footnotes":""},"categories":[7],"tags":[17],"class_list":{"0":"post-11599","1":"post","2":"type-post","3":"status-publish","4":"format-standard","6":"category-entradas-articulos","7":"tag-infografias"},"_links":{"self":[{"href":"https:\/\/blogs.uned.es\/derechoyconstitucion\/wp-json\/wp\/v2\/posts\/11599","targetHints":{"allow":["GET"]}}],"collection":[{"href":"https:\/\/blogs.uned.es\/derechoyconstitucion\/wp-json\/wp\/v2\/posts"}],"about":[{"href":"https:\/\/blogs.uned.es\/derechoyconstitucion\/wp-json\/wp\/v2\/types\/post"}],"author":[{"embeddable":true,"href":"https:\/\/blogs.uned.es\/derechoyconstitucion\/wp-json\/wp\/v2\/users\/7621"}],"replies":[{"embeddable":true,"href":"https:\/\/blogs.uned.es\/derechoyconstitucion\/wp-json\/wp\/v2\/comments?post=11599"}],"version-history":[{"count":10,"href":"https:\/\/blogs.uned.es\/derechoyconstitucion\/wp-json\/wp\/v2\/posts\/11599\/revisions"}],"predecessor-version":[{"id":11621,"href":"https:\/\/blogs.uned.es\/derechoyconstitucion\/wp-json\/wp\/v2\/posts\/11599\/revisions\/11621"}],"wp:attachment":[{"href":"https:\/\/blogs.uned.es\/derechoyconstitucion\/wp-json\/wp\/v2\/media?parent=11599"}],"wp:term":[{"taxonomy":"category","embeddable":true,"href":"https:\/\/blogs.uned.es\/derechoyconstitucion\/wp-json\/wp\/v2\/categories?post=11599"},{"taxonomy":"post_tag","embeddable":true,"href":"https:\/\/blogs.uned.es\/derechoyconstitucion\/wp-json\/wp\/v2\/tags?post=11599"}],"curies":[{"name":"wp","href":"https:\/\/api.w.org\/{rel}","templated":true}]}}