{"id":11551,"date":"2026-04-22T08:05:22","date_gmt":"2026-04-22T06:05:22","guid":{"rendered":"https:\/\/blogs.uned.es\/derechoyconstitucion\/?p=11551"},"modified":"2026-04-22T08:37:10","modified_gmt":"2026-04-22T06:37:10","slug":"derecho-a-la-propia-imagen","status":"publish","type":"post","link":"https:\/\/blogs.uned.es\/derechoyconstitucion\/derecho-a-la-propia-imagen\/","title":{"rendered":"Derecho a la propia imagen"},"content":{"rendered":"\t\t<div data-elementor-type=\"wp-post\" data-elementor-id=\"11551\" class=\"elementor elementor-11551\">\n\t\t\t\t\t\t<section class=\"elementor-section elementor-top-section elementor-element elementor-element-ed65149 elementor-section-boxed elementor-section-height-default elementor-section-height-default\" data-id=\"ed65149\" data-element_type=\"section\" data-e-type=\"section\">\n\t\t\t\t\t\t<div class=\"elementor-container elementor-column-gap-default\">\n\t\t\t\t\t<div class=\"elementor-column elementor-col-100 elementor-top-column elementor-element elementor-element-e6f0448\" data-id=\"e6f0448\" data-element_type=\"column\" data-e-type=\"column\">\n\t\t\t<div class=\"elementor-widget-wrap elementor-element-populated\">\n\t\t\t\t\t\t\t<\/div>\n\t\t<\/div>\n\t\t\t\t\t<\/div>\n\t\t<\/section>\n\t\t\t\t<section class=\"elementor-section elementor-top-section elementor-element elementor-element-bdaec35 elementor-section-boxed elementor-section-height-default elementor-section-height-default\" data-id=\"bdaec35\" data-element_type=\"section\" data-e-type=\"section\">\n\t\t\t\t\t\t<div class=\"elementor-container elementor-column-gap-default\">\n\t\t\t\t\t<div class=\"elementor-column elementor-col-50 elementor-top-column elementor-element elementor-element-f38b9c8\" data-id=\"f38b9c8\" data-element_type=\"column\" data-e-type=\"column\">\n\t\t\t<div class=\"elementor-widget-wrap elementor-element-populated\">\n\t\t\t\t\t\t<div class=\"elementor-element elementor-element-f013bf0 elementor-widget elementor-widget-image\" data-id=\"f013bf0\" data-element_type=\"widget\" data-e-type=\"widget\" data-widget_type=\"image.default\">\n\t\t\t\t<div class=\"elementor-widget-container\">\n\t\t\t\t\t\t\t\t\t\t\t\t<figure class=\"wp-caption\">\n\t\t\t\t\t\t\t\t\t\t\t<a href=\"https:\/\/drive.google.com\/file\/d\/1jt3XGCdZezaWHOWNpN3yXeeSxdqW8DbJ\/view\">\n\t\t\t\t\t\t\t<img fetchpriority=\"high\" decoding=\"async\" width=\"250\" height=\"201\" src=\"https:\/\/blogs.uned.es\/derechoyconstitucion\/wp-content\/uploads\/sites\/373\/2026\/04\/propia-imagen.jpg\" class=\"attachment-large size-large wp-image-11561\" alt=\"\" \/>\t\t\t\t\t\t\t\t<\/a>\n\t\t\t\t\t\t\t\t\t\t\t<figcaption class=\"widget-image-caption wp-caption-text\">INFOGRAF\u00cdA SOBRE EL DERECHO A LA PROPIA IMAGEN<\/figcaption>\n\t\t\t\t\t\t\t\t\t\t<\/figure>\n\t\t\t\t\t\t\t\t\t<\/div>\n\t\t\t\t<\/div>\n\t\t\t\t\t<\/div>\n\t\t<\/div>\n\t\t\t\t<div class=\"elementor-column elementor-col-50 elementor-top-column elementor-element elementor-element-23755cd\" data-id=\"23755cd\" data-element_type=\"column\" data-e-type=\"column\">\n\t\t\t<div class=\"elementor-widget-wrap elementor-element-populated\">\n\t\t\t\t\t\t<div class=\"elementor-element elementor-element-2181852 elementor-widget elementor-widget-image\" data-id=\"2181852\" data-element_type=\"widget\" data-e-type=\"widget\" data-widget_type=\"image.default\">\n\t\t\t\t<div class=\"elementor-widget-container\">\n\t\t\t\t\t\t\t\t\t\t\t\t<figure class=\"wp-caption\">\n\t\t\t\t\t\t\t\t\t\t<img decoding=\"async\" width=\"150\" height=\"123\" src=\"https:\/\/blogs.uned.es\/derechoyconstitucion\/wp-content\/uploads\/sites\/373\/2023\/03\/ICO-TEST.jpg\" class=\"attachment-large size-large wp-image-2669\" alt=\"\" \/>\t\t\t\t\t\t\t\t\t\t\t<figcaption class=\"widget-image-caption wp-caption-text\">TEST<\/figcaption>\n\t\t\t\t\t\t\t\t\t\t<\/figure>\n\t\t\t\t\t\t\t\t\t<\/div>\n\t\t\t\t<\/div>\n\t\t\t\t\t<\/div>\n\t\t<\/div>\n\t\t\t\t\t<\/div>\n\t\t<\/section>\n\t\t\t\t<section class=\"elementor-section elementor-top-section elementor-element elementor-element-1a7b3d2 elementor-section-boxed elementor-section-height-default elementor-section-height-default\" data-id=\"1a7b3d2\" data-element_type=\"section\" data-e-type=\"section\">\n\t\t\t\t\t\t<div class=\"elementor-container elementor-column-gap-default\">\n\t\t\t\t\t<div class=\"elementor-column elementor-col-100 elementor-top-column elementor-element elementor-element-9fc8789\" data-id=\"9fc8789\" data-element_type=\"column\" data-e-type=\"column\">\n\t\t\t<div class=\"elementor-widget-wrap elementor-element-populated\">\n\t\t\t\t\t\t<div class=\"elementor-element elementor-element-ee7edc5 elementor-widget elementor-widget-text-editor\" data-id=\"ee7edc5\" data-element_type=\"widget\" data-e-type=\"widget\" data-widget_type=\"text-editor.default\">\n\t\t\t\t<div class=\"elementor-widget-container\">\n\t\t\t\t\t\t\t\t\t<p style=\"text-align: center\"><span style=\"color: #000000\"><strong>DERECHO A LA PROPIA IMAGEN<\/strong><\/span><\/p><p style=\"text-align: center\"><span style=\"color: #000000\">Ana Gald\u00e1mez Morales (UNED)<br \/>Curso de \u00faltima actualizaci\u00f3n: 2025\/2026<\/span><\/p><p><span style=\"color: #000000\">Reconocido en el art\u00edculo 18.1 CE, el derecho a la propia imagen es un derecho fundamental que forma parte de la Secci\u00f3n I del Cap\u00edtulo II del T\u00edtulo I, por lo que goza de la m\u00e1xima protecci\u00f3n: eficacia jur\u00eddica directa, reserva de Ley, vinculaci\u00f3n a todos los poderes p\u00fablicos, indisponibilidad para el legislador, contenido esencial, control judicial y control constitucional. Los mecanismos de tutela que pueden activarse por vulneraci\u00f3n de este derecho son el procedimiento preferente y sumario ante los tribunales de justicia y el recurso de amparo ante el Tribunal Constitucional.\u00a0<\/span><\/p><p><span style=\"color: #000000\">Su contenido est\u00e1 directamente vinculado con la dignidad y su titularidad pertenece a las personas individualmente consideradas. Ha dicho el TC que es \u00abel derecho a determinar la informaci\u00f3n gr\u00e1fica generada por los rasgos f\u00edsicos personales de su titular que puede tener difusi\u00f3n p\u00fablica\u00bb.<\/span><\/p><p><span style=\"color: #000000\">Nos protege frente a los usos no consentidos de la representaci\u00f3n p\u00fablica de la persona, especialmente frente al uso de la imagen con fines lucrativos. Asegura la indisponibilidad ajena de aquello que representa a la persona, como la voz, el nombre o las cualidades definitorias, tambi\u00e9n cuando se trata de una representaci\u00f3n gr\u00e1fica como un dibujo o una escultura.<\/span><\/p><p><span style=\"color: #000000\">El derecho a la propia imagen no impide la captaci\u00f3n y reproducci\u00f3n de im\u00e1genes de cargos p\u00fablicos o personas que ejercen profesiones de notoriedad, durante un acto p\u00fablico o en lugares abiertos al p\u00fablico. No se considera injerencia en el derecho a la propia imagen la toma o difusi\u00f3n de la imagen de una persona que aparezca como meramente accesoria en la informaci\u00f3n gr\u00e1fica de un suceso o acontecimiento.<\/span><\/p><p><span style=\"color: #000000\">El derecho a la propia imagen no impide la utilizaci\u00f3n de la caricatura de las personas, de acuerdo con el uso social. El TC determina que el uso de la caricatura debe tener un fin de cr\u00edtica social para que se considere de inter\u00e9s p\u00fablico. No ser\u00eda leg\u00edtimo cuando simplemente se limite a producir burla o mofa sobre la persona; en este caso, el derecho a la propia imagen estar\u00eda protegido frente a la libertad de expresi\u00f3n. (STC 23\/2010, de 27 de abril).<\/span><\/p><p><span style=\"color: #000000\">La jurisprudencia del TC es muy estricta en relaci\u00f3n con el uso de la c\u00e1mara oculta. No se admite, incluso cuando el contenido de la informaci\u00f3n se considere de relevancia p\u00fablica.<\/span><\/p>\t\t\t\t\t\t\t\t<\/div>\n\t\t\t\t<\/div>\n\t\t\t\t\t<\/div>\n\t\t<\/div>\n\t\t\t\t\t<\/div>\n\t\t<\/section>\n\t\t\t\t<\/div>\n\t\t","protected":false},"excerpt":{"rendered":"<p>INFOGRAF\u00cdA SOBRE EL DERECHO A LA PROPIA IMAGEN TEST DERECHO A LA PROPIA IMAGEN Ana Gald\u00e1mez Morales (UNED)Curso de \u00faltima actualizaci\u00f3n: 2025\/2026 Reconocido en el art\u00edculo 18.1 CE, el derecho a la propia imagen es un derecho fundamental que forma parte de la Secci\u00f3n I del Cap\u00edtulo II del T\u00edtulo I, por lo que goza de la m\u00e1xima protecci\u00f3n: eficacia jur\u00eddica directa, reserva de Ley, vinculaci\u00f3n a todos los poderes p\u00fablicos, indisponibilidad para el legislador, contenido esencial, control judicial y control constitucional. Los mecanismos de tutela que pueden activarse por vulneraci\u00f3n de este derecho son el procedimiento preferente y sumario ante los tribunales de justicia y el recurso de amparo ante el Tribunal Constitucional.\u00a0 Su contenido est\u00e1 directamente vinculado con la dignidad y su titularidad pertenece a las personas individualmente consideradas. Ha dicho el TC que es \u00abel derecho a determinar la informaci\u00f3n gr\u00e1fica generada por los rasgos f\u00edsicos personales&hellip;<\/p>\n<p> <a class=\"more-link\" href=\"https:\/\/blogs.uned.es\/derechoyconstitucion\/derecho-a-la-propia-imagen\/\">Leer m\u00e1s<\/a><\/p>\n","protected":false},"author":7621,"featured_media":0,"comment_status":"closed","ping_status":"open","sticky":false,"template":"","format":"standard","meta":{"footnotes":""},"categories":[7],"tags":[17],"class_list":{"0":"post-11551","1":"post","2":"type-post","3":"status-publish","4":"format-standard","6":"category-entradas-articulos","7":"tag-infografias"},"_links":{"self":[{"href":"https:\/\/blogs.uned.es\/derechoyconstitucion\/wp-json\/wp\/v2\/posts\/11551","targetHints":{"allow":["GET"]}}],"collection":[{"href":"https:\/\/blogs.uned.es\/derechoyconstitucion\/wp-json\/wp\/v2\/posts"}],"about":[{"href":"https:\/\/blogs.uned.es\/derechoyconstitucion\/wp-json\/wp\/v2\/types\/post"}],"author":[{"embeddable":true,"href":"https:\/\/blogs.uned.es\/derechoyconstitucion\/wp-json\/wp\/v2\/users\/7621"}],"replies":[{"embeddable":true,"href":"https:\/\/blogs.uned.es\/derechoyconstitucion\/wp-json\/wp\/v2\/comments?post=11551"}],"version-history":[{"count":10,"href":"https:\/\/blogs.uned.es\/derechoyconstitucion\/wp-json\/wp\/v2\/posts\/11551\/revisions"}],"predecessor-version":[{"id":11573,"href":"https:\/\/blogs.uned.es\/derechoyconstitucion\/wp-json\/wp\/v2\/posts\/11551\/revisions\/11573"}],"wp:attachment":[{"href":"https:\/\/blogs.uned.es\/derechoyconstitucion\/wp-json\/wp\/v2\/media?parent=11551"}],"wp:term":[{"taxonomy":"category","embeddable":true,"href":"https:\/\/blogs.uned.es\/derechoyconstitucion\/wp-json\/wp\/v2\/categories?post=11551"},{"taxonomy":"post_tag","embeddable":true,"href":"https:\/\/blogs.uned.es\/derechoyconstitucion\/wp-json\/wp\/v2\/tags?post=11551"}],"curies":[{"name":"wp","href":"https:\/\/api.w.org\/{rel}","templated":true}]}}