{"id":829,"date":"2021-02-17T11:21:55","date_gmt":"2021-02-17T10:21:55","guid":{"rendered":"http:\/\/blogs.uned.es\/derechoclimatico\/?p=829"},"modified":"2024-09-16T16:30:34","modified_gmt":"2024-09-16T14:30:34","slug":"derecho-climatico-europeo","status":"publish","type":"post","link":"https:\/\/blogs.uned.es\/derechoclimatico\/?p=829","title":{"rendered":"Curso de Formaci\u00f3n Permanente \u00abDerecho Clim\u00e1tico Europeo\u00bb"},"content":{"rendered":"\t\t<div data-elementor-type=\"wp-post\" data-elementor-id=\"829\" class=\"elementor elementor-829\" data-elementor-post-type=\"post\">\n\t\t\t\t\t\t<section class=\"elementor-section elementor-top-section elementor-element elementor-element-955b515 elementor-section-boxed elementor-section-height-default elementor-section-height-default\" data-id=\"955b515\" data-element_type=\"section\" data-e-type=\"section\">\n\t\t\t\t\t\t<div class=\"elementor-container elementor-column-gap-default\">\n\t\t\t\t\t<div class=\"elementor-column elementor-col-33 elementor-top-column elementor-element elementor-element-12ef30c\" data-id=\"12ef30c\" data-element_type=\"column\" data-e-type=\"column\">\n\t\t\t<div class=\"elementor-widget-wrap elementor-element-populated\">\n\t\t\t\t\t\t<div class=\"elementor-element elementor-element-7614f04 elementor-widget elementor-widget-image\" data-id=\"7614f04\" data-element_type=\"widget\" data-e-type=\"widget\" data-widget_type=\"image.default\">\n\t\t\t\t<div class=\"elementor-widget-container\">\n\t\t\t\t\t\t\t\t\t\t\t\t\t\t\t<img fetchpriority=\"high\" decoding=\"async\" width=\"1024\" height=\"1024\" src=\"https:\/\/blogs.uned.es\/derechoclimatico\/wp-content\/uploads\/sites\/269\/2021\/02\/vlad-hilitanu-pt7QzB4ZLWw-unsplash-1.jpg\" class=\"attachment-large size-large wp-image-2511\" alt=\"\" \/>\t\t\t\t\t\t\t\t\t\t\t\t\t\t\t<\/div>\n\t\t\t\t<\/div>\n\t\t\t\t\t<\/div>\n\t\t<\/div>\n\t\t\t\t<div class=\"elementor-column elementor-col-66 elementor-top-column elementor-element elementor-element-2b668e5\" data-id=\"2b668e5\" data-element_type=\"column\" data-e-type=\"column\" data-settings=\"{&quot;background_background&quot;:&quot;classic&quot;}\">\n\t\t\t<div class=\"elementor-widget-wrap elementor-element-populated\">\n\t\t\t\t\t\t<div class=\"elementor-element elementor-element-68fd100 elementor-widget elementor-widget-text-editor\" data-id=\"68fd100\" data-element_type=\"widget\" data-e-type=\"widget\" data-widget_type=\"text-editor.default\">\n\t\t\t\t<div class=\"elementor-widget-container\">\n\t\t\t\t\t\t\t\t\t<p><span style=\"color: #000000\">Este curso explica la legislaci\u00f3n europea en materia de cambio clim\u00e1tico de un modo llano y accesible para juristas y no juristas. El programa incluye una aproximaci\u00f3n a la pol\u00edtica clim\u00e1tica de la UE, la regulaci\u00f3n en materia de econom\u00eda circular, el esquema europeo de derechos de emisi\u00f3n, legislaci\u00f3n sobre eficiencia energ\u00e9tica, pol\u00edtica agr\u00edcola de bajas emisiones y el pacto verde de la UE. Especialmente recomendados para graduados en Ciencias Ambientales, cuenta con reconocimiento de cr\u00e9ditos por la Facultad de Ciencias (Grado en Ciencias Ambientales) y por la Facultad de Derecho (Grado en Derecho).<\/span><\/p><p><span style=\"color: #000000\">Se incluyen materiales docentes para el estudio, video-clases, cuestionarios de auto-evaluaci\u00f3n, y dem\u00e1s medios de pedagog\u00eda a distancia a trav\u00e9s de la plataforma Alf (Formaci\u00f3n Permanente).<\/span><\/p><p><span style=\"color: #000000\">La matr\u00edcula tiene precios p\u00fablicos, se prev\u00e9n descuentos de hasta el 30% para colectivos espec\u00edficos y becas de matr\u00edcula financiadas con el patrocinio del programa Jean Monnet de la UE.<\/span><\/p>\t\t\t\t\t\t\t\t<\/div>\n\t\t\t\t<\/div>\n\t\t\t\t<section class=\"elementor-section elementor-inner-section elementor-element elementor-element-6061414 elementor-section-boxed elementor-section-height-default elementor-section-height-default\" data-id=\"6061414\" data-element_type=\"section\" data-e-type=\"section\">\n\t\t\t\t\t\t<div class=\"elementor-container elementor-column-gap-default\">\n\t\t\t\t\t<div class=\"elementor-column elementor-col-25 elementor-inner-column elementor-element elementor-element-5ac709a\" data-id=\"5ac709a\" data-element_type=\"column\" data-e-type=\"column\">\n\t\t\t<div class=\"elementor-widget-wrap elementor-element-populated\">\n\t\t\t\t\t\t<div class=\"elementor-element elementor-element-330c663 elementor-button-danger elementor-widget elementor-widget-button\" data-id=\"330c663\" data-element_type=\"widget\" data-e-type=\"widget\" data-widget_type=\"button.default\">\n\t\t\t\t<div class=\"elementor-widget-container\">\n\t\t\t\t\t\t\t\t\t<div class=\"elementor-button-wrapper\">\n\t\t\t\t\t<a class=\"elementor-button elementor-button-link elementor-size-sm\" href=\"https:\/\/formacionpermanente.uned.es\/tp_actividad\/actividad\/derecho-climatico-europeo\" target=\"_blank\">\n\t\t\t\t\t\t<span class=\"elementor-button-content-wrapper\">\n\t\t\t\t\t\t<span class=\"elementor-button-icon\">\n\t\t\t\t<i aria-hidden=\"true\" class=\"fas fa-external-link-alt\"><\/i>\t\t\t<\/span>\n\t\t\t\t\t\t\t\t\t<span class=\"elementor-button-text\">Curso 2023-2024<\/span>\n\t\t\t\t\t<\/span>\n\t\t\t\t\t<\/a>\n\t\t\t\t<\/div>\n\t\t\t\t\t\t\t\t<\/div>\n\t\t\t\t<\/div>\n\t\t\t\t\t<\/div>\n\t\t<\/div>\n\t\t\t\t<div class=\"elementor-column elementor-col-25 elementor-inner-column elementor-element elementor-element-f44d766\" data-id=\"f44d766\" data-element_type=\"column\" data-e-type=\"column\">\n\t\t\t<div class=\"elementor-widget-wrap elementor-element-populated\">\n\t\t\t\t\t\t<div class=\"elementor-element elementor-element-741f451 elementor-button-danger elementor-widget elementor-widget-button\" data-id=\"741f451\" data-element_type=\"widget\" data-e-type=\"widget\" data-widget_type=\"button.default\">\n\t\t\t\t<div class=\"elementor-widget-container\">\n\t\t\t\t\t\t\t\t\t<div class=\"elementor-button-wrapper\">\n\t\t\t\t\t<a class=\"elementor-button elementor-button-link elementor-size-sm\" href=\"https:\/\/blogs.uned.es\/derechoclimatico\/?p=4245\" target=\"_blank\">\n\t\t\t\t\t\t<span class=\"elementor-button-content-wrapper\">\n\t\t\t\t\t\t<span class=\"elementor-button-icon\">\n\t\t\t\t<i aria-hidden=\"true\" class=\"fas fa-external-link-alt\"><\/i>\t\t\t<\/span>\n\t\t\t\t\t\t\t\t\t<span class=\"elementor-button-text\">Testimonios<\/span>\n\t\t\t\t\t<\/span>\n\t\t\t\t\t<\/a>\n\t\t\t\t<\/div>\n\t\t\t\t\t\t\t\t<\/div>\n\t\t\t\t<\/div>\n\t\t\t\t\t<\/div>\n\t\t<\/div>\n\t\t\t\t<div class=\"elementor-column elementor-col-25 elementor-inner-column elementor-element elementor-element-522528c\" data-id=\"522528c\" data-element_type=\"column\" data-e-type=\"column\">\n\t\t\t<div class=\"elementor-widget-wrap elementor-element-populated\">\n\t\t\t\t\t\t<div class=\"elementor-element elementor-element-1218a24 elementor-button-danger elementor-widget elementor-widget-button\" data-id=\"1218a24\" data-element_type=\"widget\" data-e-type=\"widget\" data-widget_type=\"button.default\">\n\t\t\t\t<div class=\"elementor-widget-container\">\n\t\t\t\t\t\t\t\t\t<div class=\"elementor-button-wrapper\">\n\t\t\t\t\t<a class=\"elementor-button elementor-button-link elementor-size-sm\" href=\"https:\/\/blogs.uned.es\/derechoclimatico\/wp-content\/uploads\/sites\/269\/2023\/10\/COMPLETO-Materiales-didacticos.pdf\" target=\"_blank\" download=\"\">\n\t\t\t\t\t\t<span class=\"elementor-button-content-wrapper\">\n\t\t\t\t\t\t<span class=\"elementor-button-icon\">\n\t\t\t\t<i aria-hidden=\"true\" class=\"fas fa-external-link-alt\"><\/i>\t\t\t<\/span>\n\t\t\t\t\t\t\t\t\t<span class=\"elementor-button-text\">Materiales<\/span>\n\t\t\t\t\t<\/span>\n\t\t\t\t\t<\/a>\n\t\t\t\t<\/div>\n\t\t\t\t\t\t\t\t<\/div>\n\t\t\t\t<\/div>\n\t\t\t\t\t<\/div>\n\t\t<\/div>\n\t\t\t\t<div class=\"elementor-column elementor-col-25 elementor-inner-column elementor-element elementor-element-171c136\" data-id=\"171c136\" data-element_type=\"column\" data-e-type=\"column\">\n\t\t\t<div class=\"elementor-widget-wrap\">\n\t\t\t\t\t\t\t<\/div>\n\t\t<\/div>\n\t\t\t\t\t<\/div>\n\t\t<\/section>\n\t\t\t\t<section class=\"elementor-section elementor-inner-section elementor-element elementor-element-d113902 elementor-section-boxed elementor-section-height-default elementor-section-height-default\" data-id=\"d113902\" data-element_type=\"section\" data-e-type=\"section\">\n\t\t\t\t\t\t<div class=\"elementor-container elementor-column-gap-default\">\n\t\t\t\t\t<div class=\"elementor-column elementor-col-25 elementor-inner-column elementor-element elementor-element-9bec0f3\" data-id=\"9bec0f3\" data-element_type=\"column\" data-e-type=\"column\">\n\t\t\t<div class=\"elementor-widget-wrap elementor-element-populated\">\n\t\t\t\t\t\t<div class=\"elementor-element elementor-element-bc977ed elementor-button-danger elementor-widget elementor-widget-button\" data-id=\"bc977ed\" data-element_type=\"widget\" data-e-type=\"widget\" data-widget_type=\"button.default\">\n\t\t\t\t<div class=\"elementor-widget-container\">\n\t\t\t\t\t\t\t\t\t<div class=\"elementor-button-wrapper\">\n\t\t\t\t\t<a class=\"elementor-button elementor-button-link elementor-size-sm\" href=\"https:\/\/formacionpermanente.uned.es\/tp_actividad\/idactividad\/13071\" target=\"_blank\">\n\t\t\t\t\t\t<span class=\"elementor-button-content-wrapper\">\n\t\t\t\t\t\t<span class=\"elementor-button-icon\">\n\t\t\t\t<i aria-hidden=\"true\" class=\"fas fa-external-link-alt\"><\/i>\t\t\t<\/span>\n\t\t\t\t\t\t\t\t\t<span class=\"elementor-button-text\">Curso 2022-2023<\/span>\n\t\t\t\t\t<\/span>\n\t\t\t\t\t<\/a>\n\t\t\t\t<\/div>\n\t\t\t\t\t\t\t\t<\/div>\n\t\t\t\t<\/div>\n\t\t\t\t\t<\/div>\n\t\t<\/div>\n\t\t\t\t<div class=\"elementor-column elementor-col-25 elementor-inner-column elementor-element elementor-element-12668d1\" data-id=\"12668d1\" data-element_type=\"column\" data-e-type=\"column\">\n\t\t\t<div class=\"elementor-widget-wrap elementor-element-populated\">\n\t\t\t\t\t\t<div class=\"elementor-element elementor-element-008706e elementor-button-danger elementor-widget elementor-widget-button\" data-id=\"008706e\" data-element_type=\"widget\" data-e-type=\"widget\" data-widget_type=\"button.default\">\n\t\t\t\t<div class=\"elementor-widget-container\">\n\t\t\t\t\t\t\t\t\t<div class=\"elementor-button-wrapper\">\n\t\t\t\t\t<a class=\"elementor-button elementor-button-link elementor-size-sm\" href=\"https:\/\/formacionpermanente.uned.es\/tp_actividad\/idactividad\/12412\" target=\"_blank\">\n\t\t\t\t\t\t<span class=\"elementor-button-content-wrapper\">\n\t\t\t\t\t\t<span class=\"elementor-button-icon\">\n\t\t\t\t<i aria-hidden=\"true\" class=\"fas fa-external-link-alt\"><\/i>\t\t\t<\/span>\n\t\t\t\t\t\t\t\t\t<span class=\"elementor-button-text\">Curso 2021-2022<\/span>\n\t\t\t\t\t<\/span>\n\t\t\t\t\t<\/a>\n\t\t\t\t<\/div>\n\t\t\t\t\t\t\t\t<\/div>\n\t\t\t\t<\/div>\n\t\t\t\t\t<\/div>\n\t\t<\/div>\n\t\t\t\t<div class=\"elementor-column elementor-col-25 elementor-inner-column elementor-element elementor-element-109097f\" data-id=\"109097f\" data-element_type=\"column\" data-e-type=\"column\">\n\t\t\t<div class=\"elementor-widget-wrap elementor-element-populated\">\n\t\t\t\t\t\t<div class=\"elementor-element elementor-element-fcba0dd elementor-button-danger elementor-widget elementor-widget-button\" data-id=\"fcba0dd\" data-element_type=\"widget\" data-e-type=\"widget\" data-widget_type=\"button.default\">\n\t\t\t\t<div class=\"elementor-widget-container\">\n\t\t\t\t\t\t\t\t\t<div class=\"elementor-button-wrapper\">\n\t\t\t\t\t<a class=\"elementor-button elementor-button-link elementor-size-sm\" href=\"https:\/\/formacionpermanente.uned.es\/tp_actividad\/idactividad\/11787\" target=\"_blank\">\n\t\t\t\t\t\t<span class=\"elementor-button-content-wrapper\">\n\t\t\t\t\t\t<span class=\"elementor-button-icon\">\n\t\t\t\t<i aria-hidden=\"true\" class=\"fas fa-external-link-alt\"><\/i>\t\t\t<\/span>\n\t\t\t\t\t\t\t\t\t<span class=\"elementor-button-text\">Curso 2020-2021<\/span>\n\t\t\t\t\t<\/span>\n\t\t\t\t\t<\/a>\n\t\t\t\t<\/div>\n\t\t\t\t\t\t\t\t<\/div>\n\t\t\t\t<\/div>\n\t\t\t\t\t<\/div>\n\t\t<\/div>\n\t\t\t\t<div class=\"elementor-column elementor-col-25 elementor-inner-column elementor-element elementor-element-0f66544\" data-id=\"0f66544\" data-element_type=\"column\" data-e-type=\"column\">\n\t\t\t<div class=\"elementor-widget-wrap\">\n\t\t\t\t\t\t\t<\/div>\n\t\t<\/div>\n\t\t\t\t\t<\/div>\n\t\t<\/section>\n\t\t\t\t\t<\/div>\n\t\t<\/div>\n\t\t\t\t\t<\/div>\n\t\t<\/section>\n\t\t\t\t<section class=\"elementor-section elementor-top-section elementor-element elementor-element-240ef3ec elementor-section-boxed elementor-section-height-default elementor-section-height-default\" data-id=\"240ef3ec\" data-element_type=\"section\" data-e-type=\"section\">\n\t\t\t\t\t\t<div class=\"elementor-container elementor-column-gap-default\">\n\t\t\t\t\t<div class=\"elementor-column elementor-col-100 elementor-top-column elementor-element elementor-element-6f4e5546\" data-id=\"6f4e5546\" data-element_type=\"column\" data-e-type=\"column\">\n\t\t\t<div class=\"elementor-widget-wrap elementor-element-populated\">\n\t\t\t\t\t\t<div class=\"elementor-element elementor-element-310b183 elementor-widget elementor-widget-heading\" data-id=\"310b183\" data-element_type=\"widget\" data-e-type=\"widget\" data-widget_type=\"heading.default\">\n\t\t\t\t<div class=\"elementor-widget-container\">\n\t\t\t\t\t<h2 class=\"elementor-heading-title elementor-size-default\">ENTRADAS RELACIONADAS<\/h2>\t\t\t\t<\/div>\n\t\t\t\t<\/div>\n\t\t\t\t\t<\/div>\n\t\t<\/div>\n\t\t\t\t\t<\/div>\n\t\t<\/section>\n\t\t\t\t<section class=\"elementor-section elementor-top-section elementor-element elementor-element-60bc1193 elementor-section-boxed elementor-section-height-default elementor-section-height-default\" data-id=\"60bc1193\" data-element_type=\"section\" data-e-type=\"section\">\n\t\t\t\t\t\t<div class=\"elementor-container elementor-column-gap-default\">\n\t\t\t\t\t<div class=\"elementor-column elementor-col-100 elementor-top-column elementor-element elementor-element-7489339d\" data-id=\"7489339d\" data-element_type=\"column\" data-e-type=\"column\">\n\t\t\t<div class=\"elementor-widget-wrap elementor-element-populated\">\n\t\t\t\t\t\t<div class=\"elementor-element elementor-element-f50a192 elementor-grid-eael-col-3 elementor-grid-tablet-eael-col-2 elementor-grid-mobile-eael-col-1 elementor-widget elementor-widget-eael-post-grid\" data-id=\"f50a192\" data-element_type=\"widget\" data-e-type=\"widget\" data-settings=\"{&quot;eael_post_grid_columns&quot;:&quot;eael-col-3&quot;,&quot;eael_post_grid_columns_tablet&quot;:&quot;eael-col-2&quot;,&quot;eael_post_grid_columns_mobile&quot;:&quot;eael-col-1&quot;}\" data-widget_type=\"eael-post-grid.default\">\n\t\t\t\t<div class=\"elementor-widget-container\">\n\t\t\t\t\t<div id=\"eael-post-grid-f50a192\" class=\"eael-post-grid-container\">\n            <div class=\"eael-post-grid eael-post-appender eael-post-appender-f50a192 eael-post-grid-style-one\" data-layout-mode=\"grid\"><article class=\"eael-grid-post  eael-post-grid-column eael-pg-post-9743 category-cursos-de-verano tags-condicionalidad-climatica-control-de-fronteras-diplomacia-climatica-europea-formacion-permanente-migrantes-climaticos-seguridad-alimentaria\" data-id=\"9743\">\n        <div class=\"eael-grid-post-holder\">\n            <div class=\"eael-grid-post-holder-inner\"><div class=\"eael-entry-wrapper\"><header class=\"eael-entry-header\"><h2 class=\"eael-entry-title\"><a class=\"eael-grid-post-link\" href=\"https:\/\/blogs.uned.es\/derechoclimatico\/?p=9743\" title=\"Curso de Extensi\u00f3n \u00abDesplazamiento ambiental y Derecho internacional: estado de la cuesti\u00f3n y v\u00edas de protecci\u00f3n de los desplazados\u00bb (7 al 9 de octubre de 2025)\">Curso de Extensi\u00f3n \u00abDesplazamiento ambiental y Derecho internacional: estado de la cuesti\u00f3n y v\u00edas de protecci\u00f3n de los desplazados\u00bb (7 al 9 de octubre de 2025)<\/a><\/h2><\/header><div class=\"eael-entry-footer\"><div class=\"eael-entry-meta\"><span class=\"eael-posted-on\"><time datetime=\"14 octubre, 2025\">14 octubre, 2025<\/time><\/span><\/div><\/div><\/div><\/div>\n        <\/div>\n    <\/article><article class=\"eael-grid-post  eael-post-grid-column eael-pg-post-7727 category-cursos-de-verano tags-condicionalidad-climatica-control-de-fronteras-diplomacia-climatica-europea-formacion-permanente-migrantes-climaticos-seguridad-alimentaria\" data-id=\"7727\">\n        <div class=\"eael-grid-post-holder\">\n            <div class=\"eael-grid-post-holder-inner\"><div class=\"eael-entry-wrapper\"><header class=\"eael-entry-header\"><h2 class=\"eael-entry-title\"><a class=\"eael-grid-post-link\" href=\"https:\/\/blogs.uned.es\/derechoclimatico\/?p=7727\" title=\"Curso Extensi\u00f3n Universitaria: \u2018Justicia Clim\u00e1tica: Una Perspectiva Europea\u2019 (9, 10 y 11 de octubre 2023)\">Curso Extensi\u00f3n Universitaria: \u2018Justicia Clim\u00e1tica: Una Perspectiva Europea\u2019 (9, 10 y 11 de octubre 2023)<\/a><\/h2><\/header><div class=\"eael-entry-footer\"><div class=\"eael-entry-meta\"><span class=\"eael-posted-on\"><time datetime=\"14 septiembre, 2023\">14 septiembre, 2023<\/time><\/span><\/div><\/div><\/div><\/div>\n        <\/div>\n    <\/article><article class=\"eael-grid-post  eael-post-grid-column eael-pg-post-5901 category-cursos-de-verano tags-condicionalidad-climatica-control-de-fronteras-diplomacia-climatica-europea-formacion-permanente-migrantes-climaticos-seguridad-alimentaria\" data-id=\"5901\">\n        <div class=\"eael-grid-post-holder\">\n            <div class=\"eael-grid-post-holder-inner\"><div class=\"eael-entry-wrapper\"><header class=\"eael-entry-header\"><h2 class=\"eael-entry-title\"><a class=\"eael-grid-post-link\" href=\"https:\/\/blogs.uned.es\/derechoclimatico\/?p=5901\" title=\"Curso de Extensi\u00f3n Universitaria \u2018Pol\u00edticas Econ\u00f3micas Europeas y Fiscalidad ante la Transici\u00f3n Clim\u00e1tica\u2019 coorganizado con el Instituto de Estudios Fiscales del Ministerio de Hacienda (13 y 14 de febrero 2023)\">Curso de Extensi\u00f3n Universitaria \u2018Pol\u00edticas Econ\u00f3micas Europeas y Fiscalidad ante la Transici\u00f3n Clim\u00e1tica\u2019 coorganizado con el Instituto de Estudios Fiscales del Ministerio de Hacienda (13 y 14 de febrero 2023)<\/a><\/h2><\/header><div class=\"eael-entry-footer\"><div class=\"eael-entry-meta\"><span class=\"eael-posted-on\"><time datetime=\"10 enero, 2023\">10 enero, 2023<\/time><\/span><\/div><\/div><\/div><\/div>\n        <\/div>\n    <\/article><article class=\"eael-grid-post  eael-post-grid-column eael-pg-post-5543 category-cursos-de-verano tags-condicionalidad-climatica-control-de-fronteras-diplomacia-climatica-europea-formacion-permanente-migrantes-climaticos-seguridad-alimentaria\" data-id=\"5543\">\n        <div class=\"eael-grid-post-holder\">\n            <div class=\"eael-grid-post-holder-inner\"><div class=\"eael-entry-wrapper\"><header class=\"eael-entry-header\"><h2 class=\"eael-entry-title\"><a class=\"eael-grid-post-link\" href=\"https:\/\/blogs.uned.es\/derechoclimatico\/?p=5543\" title=\"Curso de Verano \u201cEl cambio clim\u00e1tico en las pol\u00edticas de la UE: regulaci\u00f3n e impacto econ\u00f3mico\u201d\">Curso de Verano \u201cEl cambio clim\u00e1tico en las pol\u00edticas de la UE: regulaci\u00f3n e impacto econ\u00f3mico\u201d<\/a><\/h2><\/header><div class=\"eael-entry-footer\"><div class=\"eael-entry-meta\"><span class=\"eael-posted-on\"><time datetime=\"10 junio, 2022\">10 junio, 2022<\/time><\/span><\/div><\/div><\/div><\/div>\n        <\/div>\n    <\/article><article class=\"eael-grid-post  eael-post-grid-column eael-pg-post-4245 category-curso-formacion-permanente-cursos-publicaciones-divulgativas tags-formacion-permanente\" data-id=\"4245\">\n        <div class=\"eael-grid-post-holder\">\n            <div class=\"eael-grid-post-holder-inner\"><div class=\"eael-entry-wrapper\"><header class=\"eael-entry-header\"><h2 class=\"eael-entry-title\"><a class=\"eael-grid-post-link\" href=\"https:\/\/blogs.uned.es\/derechoclimatico\/?p=4245\" title=\"Testimonios de alumnos del Curso en Derecho Clim\u00e1tico Europeo\">Testimonios de alumnos del Curso en Derecho Clim\u00e1tico Europeo<\/a><\/h2><\/header><div class=\"eael-entry-footer\"><div class=\"eael-entry-meta\"><span class=\"eael-posted-on\"><time datetime=\"18 noviembre, 2021\">18 noviembre, 2021<\/time><\/span><\/div><\/div><\/div><\/div>\n        <\/div>\n    <\/article><article class=\"eael-grid-post  eael-post-grid-column eael-pg-post-623 category-cursos-de-verano tags-condicionalidad-climatica-control-de-fronteras-diplomacia-climatica-europea-formacion-permanente-migrantes-climaticos-seguridad-alimentaria\" data-id=\"623\">\n        <div class=\"eael-grid-post-holder\">\n            <div class=\"eael-grid-post-holder-inner\"><div class=\"eael-entry-wrapper\"><header class=\"eael-entry-header\"><h2 class=\"eael-entry-title\"><a class=\"eael-grid-post-link\" href=\"https:\/\/blogs.uned.es\/derechoclimatico\/?p=623\" title=\"Curso de Verano: \u00abAcci\u00f3n clim\u00e1tica exterior de la Uni\u00f3n Europea\u00bb\">Curso de Verano: \u00abAcci\u00f3n clim\u00e1tica exterior de la Uni\u00f3n Europea\u00bb<\/a><\/h2><\/header><div class=\"eael-entry-footer\"><div class=\"eael-entry-meta\"><span class=\"eael-posted-on\"><time datetime=\"16 febrero, 2021\">16 febrero, 2021<\/time><\/span><\/div><\/div><\/div><\/div>\n        <\/div>\n    <\/article><\/div>\n            <div class=\"clearfix\"><\/div>\n        <\/div>\t\t\t\t<\/div>\n\t\t\t\t<\/div>\n\t\t\t\t\t<\/div>\n\t\t<\/div>\n\t\t\t\t\t<\/div>\n\t\t<\/section>\n\t\t\t\t<\/div>\n\t\t","protected":false},"excerpt":{"rendered":"<p>Este curso explica la legislaci\u00f3n europea en materia de cambio clim\u00e1tico de un modo llano y accesible para juristas y no juristas. El programa incluye una aproximaci\u00f3n a la pol\u00edtica [&hellip;]<\/p>\n","protected":false},"author":7401,"featured_media":0,"comment_status":"closed","ping_status":"open","sticky":false,"template":"","format":"standard","meta":{"footnotes":""},"categories":[49,263],"tags":[73,53,57,65,69,275,77,61,81],"class_list":["post-829","post","type-post","status-publish","format-standard","hentry","category-curso-formacion-permanente","category-cursos-publicaciones-divulgativas","tag-agricultura-y-cambio-climatico","tag-derechos-de-emision","tag-economia-circular","tag-eficiencia-energetica","tag-energia-renovables","tag-formacion-permanente","tag-pacto-verde-europeo","tag-reciclado","tag-transicion-justa"],"_links":{"self":[{"href":"https:\/\/blogs.uned.es\/derechoclimatico\/index.php?rest_route=\/wp\/v2\/posts\/829","targetHints":{"allow":["GET"]}}],"collection":[{"href":"https:\/\/blogs.uned.es\/derechoclimatico\/index.php?rest_route=\/wp\/v2\/posts"}],"about":[{"href":"https:\/\/blogs.uned.es\/derechoclimatico\/index.php?rest_route=\/wp\/v2\/types\/post"}],"author":[{"embeddable":true,"href":"https:\/\/blogs.uned.es\/derechoclimatico\/index.php?rest_route=\/wp\/v2\/users\/7401"}],"replies":[{"embeddable":true,"href":"https:\/\/blogs.uned.es\/derechoclimatico\/index.php?rest_route=%2Fwp%2Fv2%2Fcomments&post=829"}],"version-history":[{"count":106,"href":"https:\/\/blogs.uned.es\/derechoclimatico\/index.php?rest_route=\/wp\/v2\/posts\/829\/revisions"}],"predecessor-version":[{"id":8647,"href":"https:\/\/blogs.uned.es\/derechoclimatico\/index.php?rest_route=\/wp\/v2\/posts\/829\/revisions\/8647"}],"wp:attachment":[{"href":"https:\/\/blogs.uned.es\/derechoclimatico\/index.php?rest_route=%2Fwp%2Fv2%2Fmedia&parent=829"}],"wp:term":[{"taxonomy":"category","embeddable":true,"href":"https:\/\/blogs.uned.es\/derechoclimatico\/index.php?rest_route=%2Fwp%2Fv2%2Fcategories&post=829"},{"taxonomy":"post_tag","embeddable":true,"href":"https:\/\/blogs.uned.es\/derechoclimatico\/index.php?rest_route=%2Fwp%2Fv2%2Ftags&post=829"}],"curies":[{"name":"wp","href":"https:\/\/api.w.org\/{rel}","templated":true}]}}