{"id":7855,"date":"2023-10-17T20:02:57","date_gmt":"2023-10-17T18:02:57","guid":{"rendered":"https:\/\/blogs.uned.es\/derechoclimatico\/?p=7855"},"modified":"2023-10-17T22:00:14","modified_gmt":"2023-10-17T20:00:14","slug":"entrevista-a-cristina-garcia-diaz-subdireccion-general-de-mercados-de-carbono-ministerio-transicion-ecologica-y-reto-demografico","status":"publish","type":"post","link":"https:\/\/blogs.uned.es\/derechoclimatico\/?p=7855","title":{"rendered":"Entrevista a Cristina Garc\u00eda D\u00edaz (Subdirecci\u00f3n General de Mercados de Carbono &#8211; Ministerio Transici\u00f3n Ecol\u00f3gica y Reto Demogr\u00e1fico)"},"content":{"rendered":"\t\t<div data-elementor-type=\"wp-post\" data-elementor-id=\"7855\" class=\"elementor elementor-7855\" data-elementor-post-type=\"post\">\n\t\t\t\t\t\t<section class=\"elementor-section elementor-top-section elementor-element elementor-element-42fcb9c elementor-section-boxed elementor-section-height-default elementor-section-height-default\" data-id=\"42fcb9c\" data-element_type=\"section\" data-e-type=\"section\">\n\t\t\t\t\t\t<div class=\"elementor-container elementor-column-gap-default\">\n\t\t\t\t\t<div class=\"elementor-column elementor-col-50 elementor-top-column elementor-element elementor-element-cb80af5\" data-id=\"cb80af5\" data-element_type=\"column\" data-e-type=\"column\" data-settings=\"{&quot;background_background&quot;:&quot;classic&quot;}\">\n\t\t\t<div class=\"elementor-widget-wrap elementor-element-populated\">\n\t\t\t\t\t\t<div class=\"elementor-element elementor-element-5be7397 elementor-widget elementor-widget-text-editor\" data-id=\"5be7397\" data-element_type=\"widget\" data-e-type=\"widget\" data-widget_type=\"text-editor.default\">\n\t\t\t\t<div class=\"elementor-widget-container\">\n\t\t\t\t\t\t\t\t\t<p>La lucha contra el cambio clim\u00e1tico exige un cambio de nuestro modo de vida y, particularmente, de nuestro modelo de producci\u00f3n y de consumo. Nuestra econom\u00eda de mercado necesita que dichos cambios se hagan manteniendo la libertad en la toma de decisiones de los actores. Por ello mecanismos de mercado que incentivan dichas decisiones sin imponerlas son los m\u00e1s eficaces en el proceso de descarbonizaci\u00f3n del tejido productivo y los h\u00e1bitos de consumo.<br \/>En el programa de hoy hablaremos con Cristina Garc\u00eda D\u00edaz, Consejera T\u00e9cnica de la Subdirecci\u00f3n General de Mercados de Carbono de la Oficina Espa\u00f1ola del Cambio Clim\u00e1tico, para que nos cuente c\u00f3mo funciona el mecanismo, c\u00f3mo ha ido evolucionando en estos 20 a\u00f1os de aplicaci\u00f3n y a qu\u00e9 desaf\u00edos se enfrenta, en particular con la reciente reforma de mayo de 2023.<\/p><p>Fecha de Emisi\u00f3n: 4\/10\/2023 (Canal UNED)<\/p>\t\t\t\t\t\t\t\t<\/div>\n\t\t\t\t<\/div>\n\t\t\t\t<div class=\"elementor-element elementor-element-9583556 elementor-align-left elementor-widget elementor-widget-button\" data-id=\"9583556\" data-element_type=\"widget\" data-e-type=\"widget\" data-widget_type=\"button.default\">\n\t\t\t\t<div class=\"elementor-widget-container\">\n\t\t\t\t\t\t\t\t\t<div class=\"elementor-button-wrapper\">\n\t\t\t\t\t<a class=\"elementor-button elementor-button-link elementor-size-sm\" href=\"https:\/\/canal.uned.es\/video\/6514176b32e2ca2e756d38e2\" target=\"_blank\">\n\t\t\t\t\t\t<span class=\"elementor-button-content-wrapper\">\n\t\t\t\t\t\t\t\t\t<span class=\"elementor-button-text\">Enlace a RNE<\/span>\n\t\t\t\t\t<\/span>\n\t\t\t\t\t<\/a>\n\t\t\t\t<\/div>\n\t\t\t\t\t\t\t\t<\/div>\n\t\t\t\t<\/div>\n\t\t\t\t\t<\/div>\n\t\t<\/div>\n\t\t\t\t<div class=\"elementor-column elementor-col-50 elementor-top-column elementor-element elementor-element-2ec8714\" data-id=\"2ec8714\" data-element_type=\"column\" data-e-type=\"column\">\n\t\t\t<div class=\"elementor-widget-wrap elementor-element-populated\">\n\t\t\t\t\t\t<div class=\"elementor-element elementor-element-1389f3b elementor-widget elementor-widget-shortcode\" data-id=\"1389f3b\" data-element_type=\"widget\" data-e-type=\"widget\" data-widget_type=\"shortcode.default\">\n\t\t\t\t<div class=\"elementor-widget-container\">\n\t\t\t\t\t\t\t<div class=\"elementor-shortcode\">\n<!-- iframe plugin v.6.0 wordpress.org\/plugins\/iframe\/ -->\n<iframe src=\"https:\/\/canal.uned.es\/iframe\/6514176b32e2ca2e756d38e2\" width=\"100%\" height=\"315px\" scrolling=\"yes\" class=\"iframe-class\" frameborder=\"0\"><\/iframe>\n<\/div>\n\t\t\t\t\t\t<\/div>\n\t\t\t\t<\/div>\n\t\t\t\t\t<\/div>\n\t\t<\/div>\n\t\t\t\t\t<\/div>\n\t\t<\/section>\n\t\t\t\t<\/div>\n\t\t","protected":false},"excerpt":{"rendered":"<p>La lucha contra el cambio clim\u00e1tico exige un cambio de nuestro modo de vida y, particularmente, de nuestro modelo de producci\u00f3n y de consumo. Nuestra econom\u00eda de mercado necesita que [&hellip;]<\/p>\n","protected":false},"author":7403,"featured_media":0,"comment_status":"closed","ping_status":"open","sticky":false,"template":"","format":"standard","meta":{"footnotes":""},"categories":[101],"tags":[],"class_list":["post-7855","post","type-post","status-publish","format-standard","hentry","category-entrevistas"],"_links":{"self":[{"href":"https:\/\/blogs.uned.es\/derechoclimatico\/index.php?rest_route=\/wp\/v2\/posts\/7855","targetHints":{"allow":["GET"]}}],"collection":[{"href":"https:\/\/blogs.uned.es\/derechoclimatico\/index.php?rest_route=\/wp\/v2\/posts"}],"about":[{"href":"https:\/\/blogs.uned.es\/derechoclimatico\/index.php?rest_route=\/wp\/v2\/types\/post"}],"author":[{"embeddable":true,"href":"https:\/\/blogs.uned.es\/derechoclimatico\/index.php?rest_route=\/wp\/v2\/users\/7403"}],"replies":[{"embeddable":true,"href":"https:\/\/blogs.uned.es\/derechoclimatico\/index.php?rest_route=%2Fwp%2Fv2%2Fcomments&post=7855"}],"version-history":[{"count":6,"href":"https:\/\/blogs.uned.es\/derechoclimatico\/index.php?rest_route=\/wp\/v2\/posts\/7855\/revisions"}],"predecessor-version":[{"id":7893,"href":"https:\/\/blogs.uned.es\/derechoclimatico\/index.php?rest_route=\/wp\/v2\/posts\/7855\/revisions\/7893"}],"wp:attachment":[{"href":"https:\/\/blogs.uned.es\/derechoclimatico\/index.php?rest_route=%2Fwp%2Fv2%2Fmedia&parent=7855"}],"wp:term":[{"taxonomy":"category","embeddable":true,"href":"https:\/\/blogs.uned.es\/derechoclimatico\/index.php?rest_route=%2Fwp%2Fv2%2Fcategories&post=7855"},{"taxonomy":"post_tag","embeddable":true,"href":"https:\/\/blogs.uned.es\/derechoclimatico\/index.php?rest_route=%2Fwp%2Fv2%2Ftags&post=7855"}],"curies":[{"name":"wp","href":"https:\/\/api.w.org\/{rel}","templated":true}]}}