{"id":4897,"date":"2021-12-16T04:28:25","date_gmt":"2021-12-16T03:28:25","guid":{"rendered":"https:\/\/blogs.uned.es\/derechoclimatico\/?p=4897"},"modified":"2022-01-24T17:18:06","modified_gmt":"2022-01-24T16:18:06","slug":"interviewing-ana-digon-and-francisco-javier-garcia-from-agricultura-regenerativa-iberica","status":"publish","type":"post","link":"https:\/\/blogs.uned.es\/derechoclimatico\/?p=4897&lang=en","title":{"rendered":"Interviewing Ana Dig\u00f3n and Francisco Javier Garc\u00eda, from Agricultura Regenerativa Ib\u00e9rica"},"content":{"rendered":"\t\t<div data-elementor-type=\"wp-post\" data-elementor-id=\"4897\" class=\"elementor elementor-4897\" data-elementor-post-type=\"post\">\n\t\t\t\t\t\t<section class=\"elementor-section elementor-top-section elementor-element elementor-element-42fcb9c elementor-section-boxed elementor-section-height-default elementor-section-height-default\" data-id=\"42fcb9c\" data-element_type=\"section\" data-e-type=\"section\">\n\t\t\t\t\t\t<div class=\"elementor-container elementor-column-gap-default\">\n\t\t\t\t\t<div class=\"elementor-column elementor-col-50 elementor-top-column elementor-element elementor-element-cb80af5\" data-id=\"cb80af5\" data-element_type=\"column\" data-e-type=\"column\" data-settings=\"{&quot;background_background&quot;:&quot;classic&quot;}\">\n\t\t\t<div class=\"elementor-widget-wrap elementor-element-populated\">\n\t\t\t\t\t\t<div class=\"elementor-element elementor-element-5be7397 elementor-widget elementor-widget-text-editor\" data-id=\"5be7397\" data-element_type=\"widget\" data-e-type=\"widget\" data-widget_type=\"text-editor.default\">\n\t\t\t\t<div class=\"elementor-widget-container\">\n\t\t\t\t\t\t\t\t\t<p><span lang=\"EN\">Agriculture is responsible for 10% of greenhouse gas emissions in the European Union and 70% are due to livestock. Unlike other more emissive sectors, such as industry or transport, agricultural emissions have hardly been reduced in the last 10 years. It is a difficult task, since their emissions are essentially a consequence of the digestion processes. In this sense, strategies have been reoriented from seeking the reduction of said emissions, towards compensating them through carbon capture. One of these strategies is regenerative agriculture, a bridge between soil health, animal welfare and C02 absorption; a way of doing agriculture that is born from the systemic nature of life and the need to regenerate the land that results in our quality of life. In short, a transversal application of climate policies from agricultural policy.<\/span><\/p><p><span lang=\"EN\">Broadcast Date: January 15th, 2021 (Radio 3)<\/span><\/p>\t\t\t\t\t\t\t\t<\/div>\n\t\t\t\t<\/div>\n\t\t\t\t<div class=\"elementor-element elementor-element-723ad32 elementor-align-left elementor-widget elementor-widget-button\" data-id=\"723ad32\" data-element_type=\"widget\" data-e-type=\"widget\" data-widget_type=\"button.default\">\n\t\t\t\t<div class=\"elementor-widget-container\">\n\t\t\t\t\t\t\t\t\t<div class=\"elementor-button-wrapper\">\n\t\t\t\t\t<a class=\"elementor-button elementor-button-link elementor-size-sm\" href=\"https:\/\/www.rtve.es\/play\/audios\/uned\/uned-2022-01-15-sin-distancias\/6295642\/\">\n\t\t\t\t\t\t<span class=\"elementor-button-content-wrapper\">\n\t\t\t\t\t\t\t\t\t<span class=\"elementor-button-text\">Link to the RNE's broadcasting<\/span>\n\t\t\t\t\t<\/span>\n\t\t\t\t\t<\/a>\n\t\t\t\t<\/div>\n\t\t\t\t\t\t\t\t<\/div>\n\t\t\t\t<\/div>\n\t\t\t\t\t<\/div>\n\t\t<\/div>\n\t\t\t\t<div class=\"elementor-column elementor-col-50 elementor-top-column elementor-element elementor-element-2ec8714\" data-id=\"2ec8714\" data-element_type=\"column\" data-e-type=\"column\">\n\t\t\t<div class=\"elementor-widget-wrap elementor-element-populated\">\n\t\t\t\t\t\t<div class=\"elementor-element elementor-element-1389f3b elementor-widget elementor-widget-shortcode\" data-id=\"1389f3b\" data-element_type=\"widget\" data-e-type=\"widget\" data-widget_type=\"shortcode.default\">\n\t\t\t\t<div class=\"elementor-widget-container\">\n\t\t\t\t\t\t\t<div class=\"elementor-shortcode\">\n<!-- iframe plugin v.6.0 wordpress.org\/plugins\/iframe\/ -->\n<iframe src=\"https:\/\/canal.uned.es\/iframe\/61a9d727b609237b8b38b572\" width=\"100%\" height=\"315px\" scrolling=\"yes\" class=\"iframe-class\" frameborder=\"0\"><\/iframe>\n\n\n<\/div>\n\t\t\t\t\t\t<\/div>\n\t\t\t\t<\/div>\n\t\t\t\t\t<\/div>\n\t\t<\/div>\n\t\t\t\t\t<\/div>\n\t\t<\/section>\n\t\t\t\t<\/div>\n\t\t","protected":false},"excerpt":{"rendered":"<p>Agriculture is responsible for 10% of greenhouse gas emissions in the European Union and 70% are due to livestock. Unlike other more emissive sectors, such as industry or transport, agricultural [&hellip;]<\/p>\n","protected":false},"author":7403,"featured_media":0,"comment_status":"closed","ping_status":"open","sticky":false,"template":"","format":"standard","meta":{"footnotes":""},"categories":[285],"tags":[],"class_list":["post-4897","post","type-post","status-publish","format-standard","hentry","category-interviews"],"_links":{"self":[{"href":"https:\/\/blogs.uned.es\/derechoclimatico\/index.php?rest_route=\/wp\/v2\/posts\/4897","targetHints":{"allow":["GET"]}}],"collection":[{"href":"https:\/\/blogs.uned.es\/derechoclimatico\/index.php?rest_route=\/wp\/v2\/posts"}],"about":[{"href":"https:\/\/blogs.uned.es\/derechoclimatico\/index.php?rest_route=\/wp\/v2\/types\/post"}],"author":[{"embeddable":true,"href":"https:\/\/blogs.uned.es\/derechoclimatico\/index.php?rest_route=\/wp\/v2\/users\/7403"}],"replies":[{"embeddable":true,"href":"https:\/\/blogs.uned.es\/derechoclimatico\/index.php?rest_route=%2Fwp%2Fv2%2Fcomments&post=4897"}],"version-history":[{"count":20,"href":"https:\/\/blogs.uned.es\/derechoclimatico\/index.php?rest_route=\/wp\/v2\/posts\/4897\/revisions"}],"predecessor-version":[{"id":5523,"href":"https:\/\/blogs.uned.es\/derechoclimatico\/index.php?rest_route=\/wp\/v2\/posts\/4897\/revisions\/5523"}],"wp:attachment":[{"href":"https:\/\/blogs.uned.es\/derechoclimatico\/index.php?rest_route=%2Fwp%2Fv2%2Fmedia&parent=4897"}],"wp:term":[{"taxonomy":"category","embeddable":true,"href":"https:\/\/blogs.uned.es\/derechoclimatico\/index.php?rest_route=%2Fwp%2Fv2%2Fcategories&post=4897"},{"taxonomy":"post_tag","embeddable":true,"href":"https:\/\/blogs.uned.es\/derechoclimatico\/index.php?rest_route=%2Fwp%2Fv2%2Ftags&post=4897"}],"curies":[{"name":"wp","href":"https:\/\/api.w.org\/{rel}","templated":true}]}}