{"id":4083,"date":"2021-11-04T01:04:19","date_gmt":"2021-11-04T00:04:19","guid":{"rendered":"https:\/\/blogs.uned.es\/derechoclimatico\/?p=4083"},"modified":"2021-11-05T04:24:53","modified_gmt":"2021-11-05T03:24:53","slug":"dissemination-1-2021-cuentos-juegos-y-otras-actividades-didacticas-para-llevar-el-pacto-verde-europeo-a-la-sociedad","status":"publish","type":"post","link":"https:\/\/blogs.uned.es\/derechoclimatico\/?p=4083","title":{"rendered":"Dissemination 1\/2021: \u00abCuentos, juegos, y otras actividades did\u00e1cticas para llevar el Pacto Verde Europeo a la sociedad\u00bb"},"content":{"rendered":"\t\t<div data-elementor-type=\"wp-post\" data-elementor-id=\"4083\" class=\"elementor elementor-4083\" data-elementor-post-type=\"post\">\n\t\t\t\t\t\t<section class=\"elementor-section elementor-top-section elementor-element elementor-element-dd8c027 elementor-section-boxed elementor-section-height-default elementor-section-height-default\" data-id=\"dd8c027\" data-element_type=\"section\" data-e-type=\"section\">\n\t\t\t\t\t\t<div class=\"elementor-container elementor-column-gap-default\">\n\t\t\t\t\t<div class=\"elementor-column elementor-col-50 elementor-top-column elementor-element elementor-element-8c8e5c7\" data-id=\"8c8e5c7\" data-element_type=\"column\" data-e-type=\"column\">\n\t\t\t<div class=\"elementor-widget-wrap elementor-element-populated\">\n\t\t\t\t\t\t<div class=\"elementor-element elementor-element-038548a elementor-widget elementor-widget-text-editor\" data-id=\"038548a\" data-element_type=\"widget\" data-e-type=\"widget\" data-widget_type=\"text-editor.default\">\n\t\t\t\t<div class=\"elementor-widget-container\">\n\t\t\t\t\t\t\t\t\t<p>Esta publicaci\u00f3n recopila una selecci\u00f3n de los trabajos divulgativos elaborados por los estudiantes que completaron con \u00e9xito el Curso de Derecho Clim\u00e1tico Europeo. Se presentan: un folleto sobre transici\u00f3n energ\u00e9tica que combina la informaci\u00f3n clim\u00e1tica con la realizaci\u00f3n de un crucigrama; un juego que permite comprender imaginativamente la compleja realidad de la compraventa de derechos de emisi\u00f3n;\u00a0actividades pr\u00e1cticas orientadas a concienciar sobre la econom\u00eda circular y su relevancia en cuestiones clim\u00e1ticas; un programa educativo para ni\u00f1os de siete a once a\u00f1os que relaciona la econom\u00eda circular y el medio ambiente; la historia de Clea, una joven empresaria decidida a liderar el necesario cambio de conducta en diversos sectores econ\u00f3micos; y varias recetas para, en el marco de la econom\u00eda circular, reducir el desperdicio de alimentos.<\/p>\t\t\t\t\t\t\t\t<\/div>\n\t\t\t\t<\/div>\n\t\t\t\t<section class=\"elementor-section elementor-inner-section elementor-element elementor-element-047a02f elementor-section-boxed elementor-section-height-default elementor-section-height-default\" data-id=\"047a02f\" data-element_type=\"section\" data-e-type=\"section\">\n\t\t\t\t\t\t<div class=\"elementor-container elementor-column-gap-default\">\n\t\t\t\t\t<div class=\"elementor-column elementor-col-33 elementor-inner-column elementor-element elementor-element-d6d4620\" data-id=\"d6d4620\" data-element_type=\"column\" data-e-type=\"column\">\n\t\t\t<div class=\"elementor-widget-wrap elementor-element-populated\">\n\t\t\t\t\t\t<div class=\"elementor-element elementor-element-f66a5ad elementor-widget elementor-widget-button\" data-id=\"f66a5ad\" data-element_type=\"widget\" data-e-type=\"widget\" data-widget_type=\"button.default\">\n\t\t\t\t<div class=\"elementor-widget-container\">\n\t\t\t\t\t\t\t\t\t<div class=\"elementor-button-wrapper\">\n\t\t\t\t\t<a class=\"elementor-button elementor-button-link elementor-size-sm\" href=\"https:\/\/blogs.uned.es\/derechoclimatico\/wp-content\/uploads\/sites\/269\/2021\/11\/Publicacion-FINAL_REV3.pdf\" target=\"_blank\">\n\t\t\t\t\t\t<span class=\"elementor-button-content-wrapper\">\n\t\t\t\t\t\t\t\t\t<span class=\"elementor-button-text\">Dissemination 1\/2021<\/span>\n\t\t\t\t\t<\/span>\n\t\t\t\t\t<\/a>\n\t\t\t\t<\/div>\n\t\t\t\t\t\t\t\t<\/div>\n\t\t\t\t<\/div>\n\t\t\t\t\t<\/div>\n\t\t<\/div>\n\t\t\t\t<div class=\"elementor-column elementor-col-33 elementor-inner-column elementor-element elementor-element-4b41d73\" data-id=\"4b41d73\" data-element_type=\"column\" data-e-type=\"column\">\n\t\t\t<div class=\"elementor-widget-wrap\">\n\t\t\t\t\t\t\t<\/div>\n\t\t<\/div>\n\t\t\t\t<div class=\"elementor-column elementor-col-33 elementor-inner-column elementor-element elementor-element-eacac50\" data-id=\"eacac50\" data-element_type=\"column\" data-e-type=\"column\">\n\t\t\t<div class=\"elementor-widget-wrap\">\n\t\t\t\t\t\t\t<\/div>\n\t\t<\/div>\n\t\t\t\t\t<\/div>\n\t\t<\/section>\n\t\t\t\t\t<\/div>\n\t\t<\/div>\n\t\t\t\t<div class=\"elementor-column elementor-col-50 elementor-top-column elementor-element elementor-element-75c7507\" data-id=\"75c7507\" data-element_type=\"column\" data-e-type=\"column\">\n\t\t\t<div class=\"elementor-widget-wrap\">\n\t\t\t\t\t\t\t<\/div>\n\t\t<\/div>\n\t\t\t\t\t<\/div>\n\t\t<\/section>\n\t\t\t\t<\/div>\n\t\t","protected":false},"excerpt":{"rendered":"<p>Esta publicaci\u00f3n recopila una selecci\u00f3n de los trabajos divulgativos elaborados por los estudiantes que completaron con \u00e9xito el Curso de Derecho Clim\u00e1tico Europeo. Se presentan: un folleto sobre transici\u00f3n energ\u00e9tica que combina la informaci\u00f3n clim\u00e1tica con la realizaci\u00f3n de un crucigrama; un juego que permite comprender imaginativamente la compleja realidad de la compraventa de derechos de emisi\u00f3n; actividades pr\u00e1cticas orientadas a concienciar sobre la econom\u00eda circular y su relevancia en cuestiones clim\u00e1ticas; un programa educativo para ni\u00f1os de siete a once a\u00f1os que relaciona la econom\u00eda circular y el medio ambiente; la historia de Clea, una joven empresaria decidida a liderar el necesario cambio de conducta en diversos sectores econ\u00f3micos; y varias recetas para, en el marco de la econom\u00eda circular, reducir el desperdicio de alimentos.<\/p>\n","protected":false},"author":7403,"featured_media":0,"comment_status":"closed","ping_status":"open","sticky":false,"template":"","format":"standard","meta":{"footnotes":""},"categories":[263],"tags":[],"class_list":["post-4083","post","type-post","status-publish","format-standard","hentry","category-cursos-publicaciones-divulgativas"],"_links":{"self":[{"href":"https:\/\/blogs.uned.es\/derechoclimatico\/index.php?rest_route=\/wp\/v2\/posts\/4083","targetHints":{"allow":["GET"]}}],"collection":[{"href":"https:\/\/blogs.uned.es\/derechoclimatico\/index.php?rest_route=\/wp\/v2\/posts"}],"about":[{"href":"https:\/\/blogs.uned.es\/derechoclimatico\/index.php?rest_route=\/wp\/v2\/types\/post"}],"author":[{"embeddable":true,"href":"https:\/\/blogs.uned.es\/derechoclimatico\/index.php?rest_route=\/wp\/v2\/users\/7403"}],"replies":[{"embeddable":true,"href":"https:\/\/blogs.uned.es\/derechoclimatico\/index.php?rest_route=%2Fwp%2Fv2%2Fcomments&post=4083"}],"version-history":[{"count":10,"href":"https:\/\/blogs.uned.es\/derechoclimatico\/index.php?rest_route=\/wp\/v2\/posts\/4083\/revisions"}],"predecessor-version":[{"id":4105,"href":"https:\/\/blogs.uned.es\/derechoclimatico\/index.php?rest_route=\/wp\/v2\/posts\/4083\/revisions\/4105"}],"wp:attachment":[{"href":"https:\/\/blogs.uned.es\/derechoclimatico\/index.php?rest_route=%2Fwp%2Fv2%2Fmedia&parent=4083"}],"wp:term":[{"taxonomy":"category","embeddable":true,"href":"https:\/\/blogs.uned.es\/derechoclimatico\/index.php?rest_route=%2Fwp%2Fv2%2Fcategories&post=4083"},{"taxonomy":"post_tag","embeddable":true,"href":"https:\/\/blogs.uned.es\/derechoclimatico\/index.php?rest_route=%2Fwp%2Fv2%2Ftags&post=4083"}],"curies":[{"name":"wp","href":"https:\/\/api.w.org\/{rel}","templated":true}]}}