{"id":3273,"date":"2021-09-02T16:17:31","date_gmt":"2021-09-02T14:17:31","guid":{"rendered":"https:\/\/blogs.uned.es\/derechoclimatico\/?p=3273"},"modified":"2022-01-05T00:11:38","modified_gmt":"2022-01-04T23:11:38","slug":"paper-7-2021-el-concepto-de-transicion-ecologica-paradigma-o-derecho","status":"publish","type":"post","link":"https:\/\/blogs.uned.es\/derechoclimatico\/?p=3273","title":{"rendered":"Paper 7\/2021: \u201cEl concepto de transici\u00f3n ecol\u00f3gica: \u00bfParadigma o Derecho?\u201d"},"content":{"rendered":"\t\t<div data-elementor-type=\"wp-post\" data-elementor-id=\"3273\" class=\"elementor elementor-3273\" data-elementor-post-type=\"post\">\n\t\t\t\t\t\t<section class=\"elementor-section elementor-top-section elementor-element elementor-element-42fcb9c elementor-section-boxed elementor-section-height-default elementor-section-height-default\" data-id=\"42fcb9c\" data-element_type=\"section\" data-e-type=\"section\">\n\t\t\t\t\t\t<div class=\"elementor-container elementor-column-gap-default\">\n\t\t\t\t\t<div class=\"elementor-column elementor-col-50 elementor-top-column elementor-element elementor-element-cb80af5\" data-id=\"cb80af5\" data-element_type=\"column\" data-e-type=\"column\" data-settings=\"{&quot;background_background&quot;:&quot;classic&quot;}\">\n\t\t\t<div class=\"elementor-widget-wrap elementor-element-populated\">\n\t\t\t\t\t\t<div class=\"elementor-element elementor-element-5be7397 elementor-widget elementor-widget-text-editor\" data-id=\"5be7397\" data-element_type=\"widget\" data-e-type=\"widget\" data-widget_type=\"text-editor.default\">\n\t\t\t\t<div class=\"elementor-widget-container\">\n\t\t\t\t\t\t\t\t\t<p>El Prof. \u00c1lvaro Jarillo analiza el concepto de transici\u00f3n ecol\u00f3gica, sus dimensiones y su posible conceptualizaci\u00f3n como paradigma o como derecho. En este an\u00e1lisis, se estudia la evoluci\u00f3n del concepto desde otras nociones previas como el desarrollo sostenible y se examina el papel del individuo en ese proceso. De igual forma, se explora la fuerza normativa del concepto, as\u00ed como los bienes jur\u00eddicos protegidos en esa transici\u00f3n. En este marco, se prestar\u00e1 particular atenci\u00f3n a su utilizaci\u00f3n por la Uni\u00f3n Europea, as\u00ed como a otras cuestiones que afectan al papel de los Estados y de las organizaciones internacionales en el desarrollo progresivo de la transici\u00f3n ecol\u00f3gica.<\/p>\t\t\t\t\t\t\t\t<\/div>\n\t\t\t\t<\/div>\n\t\t\t\t<section class=\"elementor-section elementor-inner-section elementor-element elementor-element-6090b2b elementor-section-boxed elementor-section-height-default elementor-section-height-default\" data-id=\"6090b2b\" data-element_type=\"section\" data-e-type=\"section\">\n\t\t\t\t\t\t<div class=\"elementor-container elementor-column-gap-default\">\n\t\t\t\t\t<div class=\"elementor-column elementor-col-50 elementor-inner-column elementor-element elementor-element-c646443\" data-id=\"c646443\" data-element_type=\"column\" data-e-type=\"column\">\n\t\t\t<div class=\"elementor-widget-wrap elementor-element-populated\">\n\t\t\t\t\t\t<div class=\"elementor-element elementor-element-b838b4a elementor-widget elementor-widget-button\" data-id=\"b838b4a\" data-element_type=\"widget\" data-e-type=\"widget\" data-widget_type=\"button.default\">\n\t\t\t\t<div class=\"elementor-widget-container\">\n\t\t\t\t\t\t\t\t\t<div class=\"elementor-button-wrapper\">\n\t\t\t\t\t<a class=\"elementor-button elementor-button-link elementor-size-sm\" href=\"https:\/\/blogs.uned.es\/derechoclimatico\/wp-content\/uploads\/sites\/269\/2022\/01\/Documento-7-2021rev.pdf\" target=\"_blank\" id=\"a\">\n\t\t\t\t\t\t<span class=\"elementor-button-content-wrapper\">\n\t\t\t\t\t\t<span class=\"elementor-button-icon\">\n\t\t\t\t<i aria-hidden=\"true\" class=\"fas fa-external-link-alt\"><\/i>\t\t\t<\/span>\n\t\t\t\t\t\t\t\t\t<span class=\"elementor-button-text\">Paper 7\/2021<\/span>\n\t\t\t\t\t<\/span>\n\t\t\t\t\t<\/a>\n\t\t\t\t<\/div>\n\t\t\t\t\t\t\t\t<\/div>\n\t\t\t\t<\/div>\n\t\t\t\t\t<\/div>\n\t\t<\/div>\n\t\t\t\t<div class=\"elementor-column elementor-col-50 elementor-inner-column elementor-element elementor-element-45c6b5c\" data-id=\"45c6b5c\" data-element_type=\"column\" data-e-type=\"column\">\n\t\t\t<div class=\"elementor-widget-wrap elementor-element-populated\">\n\t\t\t\t\t\t<div class=\"elementor-element elementor-element-4527f31 elementor-widget elementor-widget-button\" data-id=\"4527f31\" data-element_type=\"widget\" data-e-type=\"widget\" data-widget_type=\"button.default\">\n\t\t\t\t<div class=\"elementor-widget-container\">\n\t\t\t\t\t\t\t\t\t<div class=\"elementor-button-wrapper\">\n\t\t\t\t\t<a class=\"elementor-button elementor-button-link elementor-size-sm\" href=\"https:\/\/papers.ssrn.com\/sol3\/papers.cfm?abstract_id=3922698\" target=\"_blank\" id=\"a\">\n\t\t\t\t\t\t<span class=\"elementor-button-content-wrapper\">\n\t\t\t\t\t\t<span class=\"elementor-button-icon\">\n\t\t\t\t<i aria-hidden=\"true\" class=\"fas fa-external-link-alt\"><\/i>\t\t\t<\/span>\n\t\t\t\t\t\t\t\t\t<span class=\"elementor-button-text\">SSRN<\/span>\n\t\t\t\t\t<\/span>\n\t\t\t\t\t<\/a>\n\t\t\t\t<\/div>\n\t\t\t\t\t\t\t\t<\/div>\n\t\t\t\t<\/div>\n\t\t\t\t\t<\/div>\n\t\t<\/div>\n\t\t\t\t\t<\/div>\n\t\t<\/section>\n\t\t\t\t\t<\/div>\n\t\t<\/div>\n\t\t\t\t<div class=\"elementor-column elementor-col-50 elementor-top-column elementor-element elementor-element-2ec8714\" data-id=\"2ec8714\" data-element_type=\"column\" data-e-type=\"column\">\n\t\t\t<div class=\"elementor-widget-wrap elementor-element-populated\">\n\t\t\t\t\t\t<div class=\"elementor-element elementor-element-c77f6dc elementor-widget elementor-widget-image\" data-id=\"c77f6dc\" data-element_type=\"widget\" data-e-type=\"widget\" data-widget_type=\"image.default\">\n\t\t\t\t<div class=\"elementor-widget-container\">\n\t\t\t\t\t\t\t\t\t\t\t\t\t\t\t<img fetchpriority=\"high\" decoding=\"async\" width=\"777\" height=\"499\" src=\"https:\/\/blogs.uned.es\/derechoclimatico\/wp-content\/uploads\/sites\/269\/2021\/06\/Paper-1-2021.png\" class=\"attachment-large size-large wp-image-3133\" alt=\"\" \/>\t\t\t\t\t\t\t\t\t\t\t\t\t\t\t<\/div>\n\t\t\t\t<\/div>\n\t\t\t\t\t<\/div>\n\t\t<\/div>\n\t\t\t\t\t<\/div>\n\t\t<\/section>\n\t\t\t\t<\/div>\n\t\t","protected":false},"excerpt":{"rendered":"<p>El Prof. \u00c1lvaro Jarillo analiza el concepto de transici\u00f3n ecol\u00f3gica, sus dimensiones y su posible conceptualizaci\u00f3n como paradigma o como derecho. En este an\u00e1lisis, se estudia la evoluci\u00f3n del concepto [&hellip;]<\/p>\n","protected":false},"author":7403,"featured_media":0,"comment_status":"closed","ping_status":"open","sticky":false,"template":"","format":"standard","meta":{"footnotes":""},"categories":[45],"tags":[271],"class_list":["post-3273","post","type-post","status-publish","format-standard","hentry","category-paper-series","tag-verano"],"_links":{"self":[{"href":"https:\/\/blogs.uned.es\/derechoclimatico\/index.php?rest_route=\/wp\/v2\/posts\/3273","targetHints":{"allow":["GET"]}}],"collection":[{"href":"https:\/\/blogs.uned.es\/derechoclimatico\/index.php?rest_route=\/wp\/v2\/posts"}],"about":[{"href":"https:\/\/blogs.uned.es\/derechoclimatico\/index.php?rest_route=\/wp\/v2\/types\/post"}],"author":[{"embeddable":true,"href":"https:\/\/blogs.uned.es\/derechoclimatico\/index.php?rest_route=\/wp\/v2\/users\/7403"}],"replies":[{"embeddable":true,"href":"https:\/\/blogs.uned.es\/derechoclimatico\/index.php?rest_route=%2Fwp%2Fv2%2Fcomments&post=3273"}],"version-history":[{"count":16,"href":"https:\/\/blogs.uned.es\/derechoclimatico\/index.php?rest_route=\/wp\/v2\/posts\/3273\/revisions"}],"predecessor-version":[{"id":5017,"href":"https:\/\/blogs.uned.es\/derechoclimatico\/index.php?rest_route=\/wp\/v2\/posts\/3273\/revisions\/5017"}],"wp:attachment":[{"href":"https:\/\/blogs.uned.es\/derechoclimatico\/index.php?rest_route=%2Fwp%2Fv2%2Fmedia&parent=3273"}],"wp:term":[{"taxonomy":"category","embeddable":true,"href":"https:\/\/blogs.uned.es\/derechoclimatico\/index.php?rest_route=%2Fwp%2Fv2%2Fcategories&post=3273"},{"taxonomy":"post_tag","embeddable":true,"href":"https:\/\/blogs.uned.es\/derechoclimatico\/index.php?rest_route=%2Fwp%2Fv2%2Ftags&post=3273"}],"curies":[{"name":"wp","href":"https:\/\/api.w.org\/{rel}","templated":true}]}}