{"id":14631,"date":"2021-11-04T20:34:02","date_gmt":"2021-11-04T19:34:02","guid":{"rendered":"https:\/\/blogs.uned.es\/cued\/?p=14631"},"modified":"2021-11-04T20:44:43","modified_gmt":"2021-11-04T19:44:43","slug":"el-homenaje-a-lorenzo-garcia-aretio-un-recorrido-lleno-de-sorpresas","status":"publish","type":"post","link":"https:\/\/blogs.uned.es\/cued\/el-homenaje-a-lorenzo-garcia-aretio-un-recorrido-lleno-de-sorpresas\/","title":{"rendered":"El homenaje a Lorenzo Garc\u00eda Aretio: un recorrido lleno de sorpresas"},"content":{"rendered":"\n<p>El pasado 25 de octubre tuvo lugar el homenaje organizado por la <a rel=\"noreferrer noopener\" href=\"https:\/\/aiesad.org\/\" data-type=\"URL\" data-id=\"https:\/\/aiesad.org\/\" target=\"_blank\"><span class=\"has-inline-color has-luminous-vivid-orange-color\">Asociaci\u00f3n Iberoamericana de Educaci\u00f3n Superior a Distancia<\/span><\/a> (AIESAD) y la <a rel=\"noreferrer noopener\" href=\"https:\/\/www.uned.es\/universidad\/inicio.html\" data-type=\"URL\" data-id=\"https:\/\/www.uned.es\/universidad\/inicio.html\" target=\"_blank\"><span class=\"has-inline-color has-luminous-vivid-orange-color\">UNED<\/span><\/a> de Espa\u00f1a al Presidente de Honor de la C\u00e1tedra UNESCO de Educaci\u00f3n a Distancia de la UNED, <a rel=\"noreferrer noopener\" href=\"https:\/\/blogs.uned.es\/cued\/\" target=\"_blank\"><span class=\"has-inline-color has-luminous-vivid-orange-color\">CUED<\/span><\/a>. <\/p>\n\n\n\n<p>El homenaje se celebr\u00f3 en Madrid, de forma presencial, en el Sal\u00f3n de Actos de la Facultad de Educaci\u00f3n, siendo adem\u00e1s retransmitido en directo a trav\u00e9s de Canal UNED con una duraci\u00f3n de cerca de tres horas en las que las sorpresas se sucedieron una tras otra, cuidadosamente preparadas durante varios meses por la Comisi\u00f3n Organizadora, presidida por Jamie Leal Afanador, presidente de AIESAD y rector de la<a rel=\"noreferrer noopener\" href=\"https:\/\/www.unad.edu.co\/\" target=\"_blank\"> <span class=\"has-inline-color has-luminous-vivid-orange-color\">UNAD<\/span><\/a> de Colombia y constituida por la Dra. Constanza Abad\u00eda, Directora Ejecutiva de AIESAD y coordinadora de la Comisi\u00f3n, el Dr. Francisco Cervantes, Rector de la <a href=\"https:\/\/mexico.unir.net\/\" target=\"_blank\" rel=\"noreferrer noopener\"><span class=\"has-inline-color has-luminous-vivid-orange-color\">UNIR-M\u00e9xico<\/span><\/a>, las Dras Mar\u00eda Jos\u00e9 Rubio y Mary Morocho, Directora de la Modalidad a Distancia y Subdirectora del CALED, respectivamente, ambas de la <a href=\"https:\/\/utpl.edu.ec\/\" target=\"_blank\" rel=\"noreferrer noopener\"><span class=\"has-inline-color has-luminous-vivid-orange-color\">UTPL<\/span><\/a> de Ecuador, la Vicerrectora de Internacionalizaci\u00f3n de la UNED, Laura Alba Juez y la actual Directora de la CUED, \u00c1ngeles S\u00e1nchez-Elvira. Paniagua, con el apoyo t\u00e9cnico de Elieth Hoyos, de la UNAD para el seguimiento de la actividades planificadas previas al evento. A esta Comisi\u00f3n se sumaron, para el desarrollo del propio evento, el Decano de la <a rel=\"noreferrer noopener\" href=\"https:\/\/www.uned.es\/universidad\/facultades\/educacion.html\" target=\"_blank\"><span class=\"has-inline-color has-luminous-vivid-orange-color\">Facultad de Educaci\u00f3n<\/span><\/a> de la UNED, Arturo Gal\u00e1n Gonz\u00e1lez y el Director del <a rel=\"noreferrer noopener\" href=\"https:\/\/r.search.yahoo.com\/_ylt=AwrIQdeaLIRhO4QAjRC_.wt.;_ylu=Y29sbwMEcG9zAzEEdnRpZAMEc2VjA3Ny\/RV=2\/RE=1636080922\/RO=10\/RU=https%3a%2f%2fwww.uned.es%2funiversidad%2finicio%2finstitucional%2fcemav.html\/RK=2\/RS=hi.oObTFgV0u5F06FE8a9pwa2mQ-\" target=\"_blank\"><span class=\"has-inline-color has-luminous-vivid-orange-color\">Centro de Medios Audiovisuales de la UNED<\/span><\/a>, CEMAV, \u00c1ngel Mancebo.<\/p>\n\n\n\n<p>Pasados unos d\u00edas, podemos ofrecer, ya, toda la informaci\u00f3n escrita y gr\u00e1fica que el evento ha producido, documentando, de esta forma, lo que ha sido para todos los que conocen al profesor Garc\u00eda Aretio desde hace a\u00f1os, y desde luego para la CUED, un homenaje con unas caracter\u00edsticas muy especiales.<\/p>\n\n\n\n<p>En primer lugar, la <a rel=\"noreferrer noopener\" href=\"http:\/\/portal.uned.es\/portal\/page?_pageid=93,71514943&amp;_dad=portal&amp;_schema=PORTAL\" data-type=\"URL\" data-id=\"http:\/\/portal.uned.es\/portal\/page?_pageid=93,71514943&amp;_dad=portal&amp;_schema=PORTAL\" target=\"_blank\"><strong><span class=\"has-inline-color has-luminous-vivid-orange-color\">noticia que la UNED ha publicado en su web<\/span><\/strong><\/a>, en la que l<strong>a Directora de la CUED relata los distintos momentos que tuvieron lugar durante el homenaje<\/strong>. En esta misma noticia se incluye el enlace al <strong><span class=\"has-inline-color has-vivid-green-cyan-color\"><a href=\"https:\/\/www.flickr.com\/photos\/uned\/albums\/72157720072725103\" target=\"_blank\" rel=\"noreferrer noopener\">\u00e1lbum de fotos del evento, en Flickr<\/a><\/span><\/strong><\/p>\n\n\n\n<div class=\"wp-block-advgb-image advgb-image-block full-width advgb-img-dfa96a3b-c207-4703-b8ac-e211fb1bfd06\" style=\"background-image:url(https:\/\/blogs.uned.es\/cued\/wp-content\/uploads\/sites\/273\/2021\/11\/homenaje-lorenzo-garcia-aretio-uned-279-25632-scaled-e1636053245742.jpg);background-position:50% 50%;height:500px;width:500px;justify-content:center;align-items:center\" data-image=\"https:\/\/blogs.uned.es\/cued\/wp-content\/uploads\/sites\/273\/2021\/11\/homenaje-lorenzo-garcia-aretio-uned-279-25632-scaled-e1636053245742.jpg\"><a class=\"advgb-image-overlay\" style=\"background-color:#000\" target=\"_blank\" rel=\"noopener noreferrer\"><\/a><p class=\"advgb-image-subtitle\" style=\"color:#fff\">Lorenzo Garc\u00eda Aretio junto a los organizadores del evento<\/p><\/div>\n\n\n\n<p>Asimismo, CanalUNED ha puesto a disposici\u00f3n el <a rel=\"noreferrer noopener\" href=\"https:\/\/canal.uned.es\/video\/6177a0d3b609234c871f9ef4\" data-type=\"URL\" data-id=\"https:\/\/canal.uned.es\/video\/6177a0d3b609234c871f9ef4\" target=\"_blank\"><strong><span class=\"has-inline-color has-luminous-vivid-orange-color\">v\u00eddeo del acto completo<\/span><\/strong><\/a> con un minutaje detallado, de forma que puedan consultarse de forma m\u00e1s r\u00e1pida las distintas intervenciones.<\/p>\n\n\n\n<p>Por \u00faltimo, el CEMAV ha producido una <span class=\"has-inline-color has-luminous-vivid-orange-color\"><strong>noticia audiovisual<\/strong><\/span> que se incluir\u00e1 en la programaci\u00f3n habitual de la UNED en TVE.<\/p>\n\n\n\n<p>No queremos dejar de destacar las propias entradas que Lorenzo Garc\u00eda Aretio ha ido realizando en su blog en estos d\u00edas, describiendo, en sus propias palabras, los distintos momentos vividos durante el evento y desglosando cada uno de ellos con su documentaci\u00f3n audiovisual, incluyendo asimismo el documento que la CUED ha elaborado, en el que se recogen todos los testimonios enviados durante la transmisi\u00f3n por <a rel=\"noreferrer noopener\" href=\"https:\/\/canal.uned.es\/\" data-type=\"URL\" data-id=\"https:\/\/canal.uned.es\/\" target=\"_blank\"><span class=\"has-inline-color has-luminous-vivid-orange-color\">CanalUNED<\/span><\/a> (a la que se conectaron m\u00e1s de 600 personas), as\u00ed como los recibidos por el Profesor Garc\u00eda Aretio.<\/p>\n\n\n\n<p><strong>E<\/strong><strong>ntradas escritas sobre:&nbsp;<\/strong><strong><em>Mi homenaje <\/em>celebrado el 25 de octubre de 2021 en la Facultad de Educaci\u00f3n de la UNED. En ellas trato de mostrar todos los detalles y mis impresiones ante un acto tan emotivo y cargado de sorpresas.<\/strong><\/p>\n\n\n\n<ul class=\"wp-block-list\"><li><a href=\"https:\/\/aretio.hypotheses.org\/6261\">0. Anuncios previos.<\/a><\/li><li><a href=\"https:\/\/aretio.hypotheses.org\/6204\">I. Acto completo.<\/a><\/li><li>II. <a href=\"https:\/\/aretio.hypotheses.org\/6208\">Un magn\u00edfico libro a m\u00ed dedicado.<\/a><\/li><li><a href=\"https:\/\/aretio.hypotheses.org\/6235\">III. Viajes sorpresa y una entra\u00f1able placa.<\/a><\/li><li><a href=\"https:\/\/aretio.hypotheses.org\/6313\">IV. Se institucionaliza un Premio de AIESAD que llevar\u00e1 mi nombre.<\/a><\/li><li><a href=\"https:\/\/aretio.hypotheses.org\/6322\">V. El hermoso Sal\u00f3n de Actos de mi Facultad llevar\u00e1 mi nombre.<\/a><\/li><li><a href=\"https:\/\/aretio.hypotheses.org\/6346\">VI. Mi intervenci\u00f3n (y algunos trazos de mi vida, en texto y fotos)<\/a><\/li><li><a href=\"https:\/\/aretio.hypotheses.org\/6483#more-6483\">VII. Informaci\u00f3n oficial. V\u00eddeo e im\u00e1genes institucionales de la UNED.<\/a><\/li><li><a href=\"https:\/\/aretio.hypotheses.org\/6522\">VIII. Algunos testimonios.<\/a><\/li><\/ul>\n\n\n\n<div data-mode=\"normal\" data-provider=\"youtube\" id=\"arve-youtube-cryluw_iatg\" class=\"arve\" class=\"wp-block-nextgenthemes-arve-block\">\n\t<div class=\"arve-inner\">\n\t\t<div class=\"arve-embed arve-embed--has-aspect-ratio\">\n\t\t\t<div class=\"arve-ar\" style=\"padding-top:56.250000%\"><\/div>\n\t\t\t<iframe allow=\"accelerometer &apos;none&apos;;autoplay &apos;none&apos;;bluetooth &apos;none&apos;;browsing-topics &apos;none&apos;;camera &apos;none&apos;;clipboard-read &apos;none&apos;;clipboard-write;display-capture &apos;none&apos;;encrypted-media &apos;none&apos;;gamepad &apos;none&apos;;geolocation &apos;none&apos;;gyroscope &apos;none&apos;;hid &apos;none&apos;;identity-credentials-get &apos;none&apos;;idle-detection &apos;none&apos;;keyboard-map &apos;none&apos;;local-fonts;magnetometer &apos;none&apos;;microphone &apos;none&apos;;midi &apos;none&apos;;otp-credentials &apos;none&apos;;payment &apos;none&apos;;picture-in-picture;publickey-credentials-create &apos;none&apos;;publickey-credentials-get &apos;none&apos;;screen-wake-lock &apos;none&apos;;serial &apos;none&apos;;summarizer &apos;none&apos;;sync-xhr;usb &apos;none&apos;;web-share;window-management &apos;none&apos;;xr-spatial-tracking &apos;none&apos;;\" allowfullscreen=\"\" class=\"arve-iframe fitvidsignore\" credentialless data-arve=\"arve-youtube-cryluw_iatg\" data-lenis-prevent=\"\" data-src-no-ap=\"https:\/\/www.youtube-nocookie.com\/embed\/cRyLuw_IATg?iv_load_policy=3&amp;modestbranding=1&amp;rel=0&amp;autohide=1&amp;playsinline=0&amp;autoplay=0\" frameborder=\"0\" height=\"0\" loading=\"lazy\" name=\"\" referrerpolicy=\"strict-origin-when-cross-origin\" sandbox=\"allow-scripts allow-same-origin allow-presentation allow-popups allow-popups-to-escape-sandbox\" scrolling=\"no\" src=\"https:\/\/www.youtube-nocookie.com\/embed\/cRyLuw_IATg?iv_load_policy=3&#038;modestbranding=1&#038;rel=0&#038;autohide=1&#038;playsinline=0&#038;autoplay=0\" title=\"Homenaje al profesor Lorenzo Garc\u00eda Aretio\" width=\"0\"><\/iframe>\n\t\t\t\n\t\t<\/div>\n\t\t\n\t<\/div>\n\t\n\t\n\t<script type=\"application\/ld+json\">{\"@context\":\"http:\\\/\\\/schema.org\\\/\",\"@id\":\"https:\\\/\\\/blogs.uned.es\\\/cued\\\/el-homenaje-a-lorenzo-garcia-aretio-un-recorrido-lleno-de-sorpresas\\\/#arve-youtube-cryluw_iatg\",\"type\":\"VideoObject\",\"embedURL\":\"https:\\\/\\\/www.youtube-nocookie.com\\\/embed\\\/cRyLuw_IATg?iv_load_policy=3&modestbranding=1&rel=0&autohide=1&playsinline=0&autoplay=0\",\"name\":\"Homenaje al profesor Lorenzo Garc\\u00eda Aretio\"}<\/script>\n\t\n<\/div>\n\n\n<p><\/p>\n<div class=\"pvc_clear\"><\/div><p id=\"pvc_stats_14631\" class=\"pvc_stats total_only  \" data-element-id=\"14631\" style=\"\"><i class=\"pvc-stats-icon medium\" aria-hidden=\"true\"><svg xmlns=\"http:\/\/www.w3.org\/2000\/svg\" version=\"1.0\" viewBox=\"0 0 502 315\" preserveAspectRatio=\"xMidYMid meet\"><g transform=\"translate(0,332) scale(0.1,-0.1)\" fill=\"\" stroke=\"none\"><path d=\"M2394 3279 l-29 -30 -3 -207 c-2 -182 0 -211 15 -242 39 -76 157 -76 196 0 15 31 17 60 15 243 l-3 209 -33 29 c-26 23 -41 29 -80 29 -41 0 -53 -5 -78 -31z\"\/><path d=\"M3085 3251 c-45 -19 -58 -50 -96 -229 -47 -217 -49 -260 -13 -295 52 -53 146 -42 177 20 16 31 87 366 87 410 0 70 -86 122 -155 94z\"\/><path d=\"M1751 3234 c-13 -9 -29 -31 -37 -50 -12 -29 -10 -49 21 -204 19 -94 39 -189 45 -210 14 -50 54 -80 110 -80 34 0 48 6 76 34 21 21 34 44 34 59 0 14 -18 113 -40 219 -37 178 -43 195 -70 221 -36 32 -101 37 -139 11z\"\/><path d=\"M1163 3073 c-36 -7 -73 -59 -73 -102 0 -56 133 -378 171 -413 34 -32 83 -37 129 -13 70 36 67 87 -16 290 -86 209 -89 214 -129 231 -35 14 -42 15 -82 7z\"\/><path d=\"M3689 3066 c-15 -9 -33 -30 -42 -48 -48 -103 -147 -355 -147 -375 0 -98 131 -148 192 -74 13 15 57 108 97 206 80 196 84 226 37 273 -30 30 -99 39 -137 18z\"\/><path d=\"M583 2784 c-38 -19 -67 -74 -58 -113 9 -42 211 -354 242 -373 16 -10 45 -18 66 -18 51 0 107 52 107 100 0 39 -1 41 -124 234 -80 126 -108 162 -133 173 -41 17 -61 16 -100 -3z\"\/><path d=\"M4250 2784 c-14 -9 -74 -91 -133 -183 -95 -150 -107 -173 -107 -213 0 -55 33 -94 87 -104 67 -13 90 8 211 198 130 202 137 225 78 284 -27 27 -42 34 -72 34 -22 0 -50 -8 -64 -16z\"\/><path d=\"M2275 2693 c-553 -48 -1095 -270 -1585 -649 -135 -104 -459 -423 -483 -476 -23 -49 -22 -139 2 -186 73 -142 361 -457 571 -626 285 -228 642 -407 990 -497 242 -63 336 -73 660 -74 310 0 370 5 595 52 535 111 1045 392 1455 803 122 121 250 273 275 326 19 41 19 137 0 174 -41 79 -309 363 -465 492 -447 370 -946 591 -1479 653 -113 14 -422 18 -536 8z m395 -428 c171 -34 330 -124 456 -258 112 -119 167 -219 211 -378 27 -96 24 -300 -5 -401 -72 -255 -236 -447 -474 -557 -132 -62 -201 -76 -368 -76 -167 0 -236 14 -368 76 -213 98 -373 271 -451 485 -162 444 86 934 547 1084 153 49 292 57 452 25z m909 -232 c222 -123 408 -262 593 -441 76 -74 138 -139 138 -144 0 -16 -233 -242 -330 -319 -155 -123 -309 -223 -461 -299 l-81 -41 32 46 c18 26 49 83 70 128 143 306 141 649 -6 957 -25 52 -61 116 -79 142 l-34 47 45 -20 c26 -10 76 -36 113 -56z m-2057 25 c-40 -58 -105 -190 -130 -263 -110 -324 -59 -707 132 -981 25 -35 42 -64 37 -64 -19 0 -241 119 -326 174 -188 122 -406 314 -532 468 l-58 71 108 103 c185 178 428 349 672 473 66 33 121 60 123 61 2 0 -10 -19 -26 -42z\"\/><path d=\"M2375 1950 c-198 -44 -350 -190 -395 -379 -18 -76 -8 -221 19 -290 114 -284 457 -406 731 -260 98 52 188 154 231 260 27 69 37 214 19 290 -38 163 -166 304 -326 360 -67 23 -215 33 -279 19z\"\/><\/g><\/svg><\/i> <img decoding=\"async\" width=\"16\" height=\"16\" alt=\"Loading\" src=\"https:\/\/blogs.uned.es\/cued\/wp-content\/plugins\/page-views-count\/ajax-loader-2x.gif\" border=0 \/><\/p><div class=\"pvc_clear\"><\/div>","protected":false},"excerpt":{"rendered":"<p>Homenaje a Lorenzo Garc\u00eda Aretio. 25 de octubre de 2021<\/p>\n<div class=\"pvc_clear\"><\/div>\n<p id=\"pvc_stats_14631\" class=\"pvc_stats total_only  \" data-element-id=\"14631\" style=\"\"><i class=\"pvc-stats-icon medium\" aria-hidden=\"true\"><svg xmlns=\"http:\/\/www.w3.org\/2000\/svg\" version=\"1.0\" viewBox=\"0 0 502 315\" preserveAspectRatio=\"xMidYMid meet\"><g transform=\"translate(0,332) scale(0.1,-0.1)\" fill=\"\" stroke=\"none\"><path d=\"M2394 3279 l-29 -30 -3 -207 c-2 -182 0 -211 15 -242 39 -76 157 -76 196 0 15 31 17 60 15 243 l-3 209 -33 29 c-26 23 -41 29 -80 29 -41 0 -53 -5 -78 -31z\"\/><path d=\"M3085 3251 c-45 -19 -58 -50 -96 -229 -47 -217 -49 -260 -13 -295 52 -53 146 -42 177 20 16 31 87 366 87 410 0 70 -86 122 -155 94z\"\/><path d=\"M1751 3234 c-13 -9 -29 -31 -37 -50 -12 -29 -10 -49 21 -204 19 -94 39 -189 45 -210 14 -50 54 -80 110 -80 34 0 48 6 76 34 21 21 34 44 34 59 0 14 -18 113 -40 219 -37 178 -43 195 -70 221 -36 32 -101 37 -139 11z\"\/><path d=\"M1163 3073 c-36 -7 -73 -59 -73 -102 0 -56 133 -378 171 -413 34 -32 83 -37 129 -13 70 36 67 87 -16 290 -86 209 -89 214 -129 231 -35 14 -42 15 -82 7z\"\/><path d=\"M3689 3066 c-15 -9 -33 -30 -42 -48 -48 -103 -147 -355 -147 -375 0 -98 131 -148 192 -74 13 15 57 108 97 206 80 196 84 226 37 273 -30 30 -99 39 -137 18z\"\/><path d=\"M583 2784 c-38 -19 -67 -74 -58 -113 9 -42 211 -354 242 -373 16 -10 45 -18 66 -18 51 0 107 52 107 100 0 39 -1 41 -124 234 -80 126 -108 162 -133 173 -41 17 -61 16 -100 -3z\"\/><path d=\"M4250 2784 c-14 -9 -74 -91 -133 -183 -95 -150 -107 -173 -107 -213 0 -55 33 -94 87 -104 67 -13 90 8 211 198 130 202 137 225 78 284 -27 27 -42 34 -72 34 -22 0 -50 -8 -64 -16z\"\/><path d=\"M2275 2693 c-553 -48 -1095 -270 -1585 -649 -135 -104 -459 -423 -483 -476 -23 -49 -22 -139 2 -186 73 -142 361 -457 571 -626 285 -228 642 -407 990 -497 242 -63 336 -73 660 -74 310 0 370 5 595 52 535 111 1045 392 1455 803 122 121 250 273 275 326 19 41 19 137 0 174 -41 79 -309 363 -465 492 -447 370 -946 591 -1479 653 -113 14 -422 18 -536 8z m395 -428 c171 -34 330 -124 456 -258 112 -119 167 -219 211 -378 27 -96 24 -300 -5 -401 -72 -255 -236 -447 -474 -557 -132 -62 -201 -76 -368 -76 -167 0 -236 14 -368 76 -213 98 -373 271 -451 485 -162 444 86 934 547 1084 153 49 292 57 452 25z m909 -232 c222 -123 408 -262 593 -441 76 -74 138 -139 138 -144 0 -16 -233 -242 -330 -319 -155 -123 -309 -223 -461 -299 l-81 -41 32 46 c18 26 49 83 70 128 143 306 141 649 -6 957 -25 52 -61 116 -79 142 l-34 47 45 -20 c26 -10 76 -36 113 -56z m-2057 25 c-40 -58 -105 -190 -130 -263 -110 -324 -59 -707 132 -981 25 -35 42 -64 37 -64 -19 0 -241 119 -326 174 -188 122 -406 314 -532 468 l-58 71 108 103 c185 178 428 349 672 473 66 33 121 60 123 61 2 0 -10 -19 -26 -42z\"\/><path d=\"M2375 1950 c-198 -44 -350 -190 -395 -379 -18 -76 -8 -221 19 -290 114 -284 457 -406 731 -260 98 52 188 154 231 260 27 69 37 214 19 290 -38 163 -166 304 -326 360 -67 23 -215 33 -279 19z\"\/><\/g><\/svg><\/i> <img decoding=\"async\" width=\"16\" height=\"16\" alt=\"Loading\" src=\"https:\/\/blogs.uned.es\/cued\/wp-content\/plugins\/page-views-count\/ajax-loader-2x.gif\" border=0 \/><\/p>\n<div class=\"pvc_clear\"><\/div>\n<p> <a class=\"more-link\" href=\"https:\/\/blogs.uned.es\/cued\/el-homenaje-a-lorenzo-garcia-aretio-un-recorrido-lleno-de-sorpresas\/\">Leer m\u00e1s<\/a><\/p>","protected":false},"author":225,"featured_media":14635,"comment_status":"closed","ping_status":"open","sticky":false,"template":"","format":"standard","meta":{"footnotes":""},"categories":[73],"tags":[],"class_list":{"0":"post-14631","1":"post","2":"type-post","3":"status-publish","4":"format-standard","5":"has-post-thumbnail","7":"category-noticias"},"_links":{"self":[{"href":"https:\/\/blogs.uned.es\/cued\/wp-json\/wp\/v2\/posts\/14631","targetHints":{"allow":["GET"]}}],"collection":[{"href":"https:\/\/blogs.uned.es\/cued\/wp-json\/wp\/v2\/posts"}],"about":[{"href":"https:\/\/blogs.uned.es\/cued\/wp-json\/wp\/v2\/types\/post"}],"author":[{"embeddable":true,"href":"https:\/\/blogs.uned.es\/cued\/wp-json\/wp\/v2\/users\/225"}],"replies":[{"embeddable":true,"href":"https:\/\/blogs.uned.es\/cued\/wp-json\/wp\/v2\/comments?post=14631"}],"version-history":[{"count":6,"href":"https:\/\/blogs.uned.es\/cued\/wp-json\/wp\/v2\/posts\/14631\/revisions"}],"predecessor-version":[{"id":14647,"href":"https:\/\/blogs.uned.es\/cued\/wp-json\/wp\/v2\/posts\/14631\/revisions\/14647"}],"wp:featuredmedia":[{"embeddable":true,"href":"https:\/\/blogs.uned.es\/cued\/wp-json\/wp\/v2\/media\/14635"}],"wp:attachment":[{"href":"https:\/\/blogs.uned.es\/cued\/wp-json\/wp\/v2\/media?parent=14631"}],"wp:term":[{"taxonomy":"category","embeddable":true,"href":"https:\/\/blogs.uned.es\/cued\/wp-json\/wp\/v2\/categories?post=14631"},{"taxonomy":"post_tag","embeddable":true,"href":"https:\/\/blogs.uned.es\/cued\/wp-json\/wp\/v2\/tags?post=14631"}],"curies":[{"name":"wp","href":"https:\/\/api.w.org\/{rel}","templated":true}]}}