{"id":253,"date":"2018-10-23T14:54:16","date_gmt":"2018-10-23T14:54:16","guid":{"rendered":"http:\/\/blogs.uned.es\/coren\/?p=253"},"modified":"2018-10-23T14:56:54","modified_gmt":"2018-10-23T14:56:54","slug":"videoclase-narrativa-digital-e-innovacion-educativa-david-garcia","status":"publish","type":"post","link":"https:\/\/blogs.uned.es\/coren\/2018\/10\/23\/videoclase-narrativa-digital-e-innovacion-educativa-david-garcia\/","title":{"rendered":"Videoclase Narrativa digital e innovaci\u00f3n educativa"},"content":{"rendered":"<p>Profesor David Gar\u00eda,<br \/>\nVideoclase Narrativa digital e innovaci\u00f3n educativa (M\u00e1ster Comunicaci\u00f3n y Educaci\u00f3n en la red),\u00a0<a href=\"https:\/\/canal.uned.es\/video\/5b446e47b1111f91098b456a\">https:\/\/canal.uned.es\/video\/5b446e47b1111f91098b456a<\/a><script><\/p>\n<p><\/script><script><\/script><script><\/script><\/p>\n","protected":false},"excerpt":{"rendered":"<p>Profesor David Gar\u00eda, Videoclase Narrativa digital e innovaci\u00f3n educativa (M\u00e1ster Comunicaci\u00f3n y Educaci\u00f3n en la red),\u00a0https:\/\/canal.uned.es\/video\/5b446e47b1111f91098b456a<\/p>\n","protected":false},"author":215,"featured_media":0,"comment_status":"open","ping_status":"open","sticky":false,"template":"","format":"standard","meta":{"footnotes":""},"categories":[15],"tags":[],"class_list":["post-253","post","type-post","status-publish","format-standard","hentry","category-proyecto-coren"],"_links":{"self":[{"href":"https:\/\/blogs.uned.es\/coren\/wp-json\/wp\/v2\/posts\/253","targetHints":{"allow":["GET"]}}],"collection":[{"href":"https:\/\/blogs.uned.es\/coren\/wp-json\/wp\/v2\/posts"}],"about":[{"href":"https:\/\/blogs.uned.es\/coren\/wp-json\/wp\/v2\/types\/post"}],"author":[{"embeddable":true,"href":"https:\/\/blogs.uned.es\/coren\/wp-json\/wp\/v2\/users\/215"}],"replies":[{"embeddable":true,"href":"https:\/\/blogs.uned.es\/coren\/wp-json\/wp\/v2\/comments?post=253"}],"version-history":[{"count":2,"href":"https:\/\/blogs.uned.es\/coren\/wp-json\/wp\/v2\/posts\/253\/revisions"}],"predecessor-version":[{"id":263,"href":"https:\/\/blogs.uned.es\/coren\/wp-json\/wp\/v2\/posts\/253\/revisions\/263"}],"wp:attachment":[{"href":"https:\/\/blogs.uned.es\/coren\/wp-json\/wp\/v2\/media?parent=253"}],"wp:term":[{"taxonomy":"category","embeddable":true,"href":"https:\/\/blogs.uned.es\/coren\/wp-json\/wp\/v2\/categories?post=253"},{"taxonomy":"post_tag","embeddable":true,"href":"https:\/\/blogs.uned.es\/coren\/wp-json\/wp\/v2\/tags?post=253"}],"curies":[{"name":"wp","href":"https:\/\/api.w.org\/{rel}","templated":true}]}}