{"id":219,"date":"2018-05-19T10:57:46","date_gmt":"2018-05-19T10:57:46","guid":{"rendered":"http:\/\/blogs.uned.es\/coren\/?p=219"},"modified":"2018-05-19T10:57:46","modified_gmt":"2018-05-19T10:57:46","slug":"programas-de-radio","status":"publish","type":"post","link":"https:\/\/blogs.uned.es\/coren\/2018\/05\/19\/programas-de-radio\/","title":{"rendered":"Programas de radio"},"content":{"rendered":"<p>1.\u00a0<a href=\"https:\/\/canal.uned.es\/video\/5ae1aab1b1111f276a8b4568\" target=\"_blank\" rel=\"noopener noreferrer\">Presentaci\u00f3n del Proyecto de Innovaci\u00f3n Educativa UNED CoReN<\/a><\/p>\n<p><a href=\"https:\/\/canal.uned.es\/video\/5ae1aab1b1111f276a8b4568\" target=\"_blank\" rel=\"noopener noreferrer\">Canal UNED &#8211; Presentaci\u00f3n del Proyecto de Innovaci\u00f3n Educativa UNED CoReN<\/a>\u00a0publicado en el\u00a0<a href=\"http:\/\/canal.uned.es\/\" target=\"_blank\" rel=\"noopener noreferrer\">canal.uned.es<\/a><\/p>\n<p><a href=\"https:\/\/www.youtube.com\/watch?v=E4gyhnK0KrI\" target=\"_blank\" rel=\"noopener noreferrer\">Publicaci\u00f3n en YouTube<\/a>:\u00a0Presentaci\u00f3n del Proyecto de Innovaci\u00f3n Educativa UNED CoReN Serie: Educaci\u00f3n en Radio 3 Fecha de grabaci\u00f3n: 08:\u00a0<a href=\"https:\/\/www.youtube.com\/watch?v=E4gyhnK0KrI\" target=\"_blank\" rel=\"noopener noreferrer\">Presentaci\u00f3n del Proyecto de Innovaci\u00f3n Educativa UNED CoReN<\/a><\/p>\n<p>2.\u00a0<a href=\"https:\/\/canal.uned.es\/video\/5ae1aab3b1111f276a8b456e\" target=\"_blank\" rel=\"noopener noreferrer\">Proyecto de Innovaci\u00f3n Educativa CoReN. Pedagog\u00edas Digitales<\/a><\/p>\n<p><a href=\"https:\/\/canal.uned.es\/video\/5ae1aab3b1111f276a8b456e\">Canal UNED &#8211; Proyecto de Innovaci\u00f3n Educativa CoReN. Pedagog\u00edas Digitales<\/a>, en el <a href=\"http:\/\/canal.uned.es\" target=\"_blank\" rel=\"noopener noreferrer\">Canal UNED<\/a><\/p>\n<p><a href=\"https:\/\/www.youtube.com\/watch?v=BDUf5A3kmQY\" target=\"_blank\" rel=\"noopener noreferrer\">Publicaci\u00f3n en YouTube<\/a><\/p>\n<p>Programa de Radio &#8216;<a href=\"https:\/\/canal.uned.es\/video\/5aec2992b1111f9a2a8b4569\" target=\"_blank\" rel=\"noopener noreferrer\">Sin Distancias: Educaci\u00f3n&#8217; (Emisi\u00f3n 08\/05\/2018)<\/a><\/p>\n<p>&nbsp;<\/p>\n<p>&nbsp;<script><\/p>\n<p><\/script><script><\/script><script><\/script><\/p>\n","protected":false},"excerpt":{"rendered":"<p>1.\u00a0Presentaci\u00f3n del Proyecto de Innovaci\u00f3n Educativa UNED CoReN Canal UNED &#8211; Presentaci\u00f3n del Proyecto de Innovaci\u00f3n Educativa UNED CoReN\u00a0publicado en el\u00a0canal.uned.es Publicaci\u00f3n en YouTube:\u00a0Presentaci\u00f3n del Proyecto de Innovaci\u00f3n Educativa UNED CoReN Serie: Educaci\u00f3n en Radio 3 Fecha de grabaci\u00f3n: 08:\u00a0Presentaci\u00f3n <a class=\"more-link\" href=\"https:\/\/blogs.uned.es\/coren\/2018\/05\/19\/programas-de-radio\/\">Seguir leyendo <span class=\"meta-nav\">&rarr;<\/span><\/a><\/p>\n","protected":false},"author":215,"featured_media":0,"comment_status":"open","ping_status":"open","sticky":false,"template":"","format":"standard","meta":{"footnotes":""},"categories":[15],"tags":[27],"class_list":["post-219","post","type-post","status-publish","format-standard","hentry","category-proyecto-coren","tag-pedagogias-digitales"],"_links":{"self":[{"href":"https:\/\/blogs.uned.es\/coren\/wp-json\/wp\/v2\/posts\/219","targetHints":{"allow":["GET"]}}],"collection":[{"href":"https:\/\/blogs.uned.es\/coren\/wp-json\/wp\/v2\/posts"}],"about":[{"href":"https:\/\/blogs.uned.es\/coren\/wp-json\/wp\/v2\/types\/post"}],"author":[{"embeddable":true,"href":"https:\/\/blogs.uned.es\/coren\/wp-json\/wp\/v2\/users\/215"}],"replies":[{"embeddable":true,"href":"https:\/\/blogs.uned.es\/coren\/wp-json\/wp\/v2\/comments?post=219"}],"version-history":[{"count":1,"href":"https:\/\/blogs.uned.es\/coren\/wp-json\/wp\/v2\/posts\/219\/revisions"}],"predecessor-version":[{"id":221,"href":"https:\/\/blogs.uned.es\/coren\/wp-json\/wp\/v2\/posts\/219\/revisions\/221"}],"wp:attachment":[{"href":"https:\/\/blogs.uned.es\/coren\/wp-json\/wp\/v2\/media?parent=219"}],"wp:term":[{"taxonomy":"category","embeddable":true,"href":"https:\/\/blogs.uned.es\/coren\/wp-json\/wp\/v2\/categories?post=219"},{"taxonomy":"post_tag","embeddable":true,"href":"https:\/\/blogs.uned.es\/coren\/wp-json\/wp\/v2\/tags?post=219"}],"curies":[{"name":"wp","href":"https:\/\/api.w.org\/{rel}","templated":true}]}}