{"id":113,"date":"2018-03-16T09:46:57","date_gmt":"2018-03-16T09:46:57","guid":{"rendered":"http:\/\/blogs.uned.es\/coren\/?p=113"},"modified":"2018-03-16T09:46:57","modified_gmt":"2018-03-16T09:46:57","slug":"analisis-de-pedagogias-digitales-comunicacion-redes-sociales-y-nuevas-narrativas","status":"publish","type":"post","link":"https:\/\/blogs.uned.es\/coren\/2018\/03\/16\/analisis-de-pedagogias-digitales-comunicacion-redes-sociales-y-nuevas-narrativas\/","title":{"rendered":"An\u00e1lisis de pedagog\u00edas digitales: Comunicaci\u00f3n, Redes Sociales y nuevas narrativas"},"content":{"rendered":"<p>Resoluci\u00f3n de la Comisi\u00f3n de Selecci\u00f3n de la Convocatoria del Programa de Fortalecimiento de la Internacionalizaci\u00f3n de la Universidad, del Vicerrectorado de Investigaci\u00f3n e Internacionalizaci\u00f3n, por la que se publica la relaci\u00f3n de los proyecto seleccionados conforme a los criterios de selecci\u00f3n publicados en la convocatoria en el BICI N\u00ba 17\/Anexo III de 12 de febrero de 2018, en:\u00a0<a href=\"http:\/\/www2.uned.es\/bici\/Curso2017-2018\/180312\/21-1.htm#5.-_____\">http:\/\/www2.uned.es\/bici\/Curso2017-2018\/180312\/21-1.htm#5.-_____<\/a><\/p>\n<p>En el BICI del d\u00eda 18 de diciembre de 2017, se public\u00f3 la convocatoria para el reconocimiento y registro de nuevos PIE para Grupos de Innovaci\u00f3n Docente (GID) reconocidos y Actividades de Innovaci\u00f3n Educativa (AIE) para PDI.<\/p>\n<p>Curso 2017-2018, 12 de marzo de 2018, N\u00famero 21<\/p>\n<p><strong><em>An\u00e1lisis de pedagog\u00edas digitales: Comunicaci\u00f3n. Redes Sociales y nuevas narrativas (CoRen) (GID2017-4 VI)<\/em><\/strong>, \u00c1rea:\u00a0Artes y Humanidades;\u00a03.266,44 \u20ac<\/p>\n<p>&nbsp;<script><\/p>\n<p><\/script><script><\/script><script><\/script><\/p>\n","protected":false},"excerpt":{"rendered":"<p>Resoluci\u00f3n de la Comisi\u00f3n de Selecci\u00f3n de la Convocatoria del Programa de Fortalecimiento de la Internacionalizaci\u00f3n de la Universidad, del Vicerrectorado de Investigaci\u00f3n e Internacionalizaci\u00f3n, por la que se publica la relaci\u00f3n de los proyecto seleccionados conforme a los criterios <a class=\"more-link\" href=\"https:\/\/blogs.uned.es\/coren\/2018\/03\/16\/analisis-de-pedagogias-digitales-comunicacion-redes-sociales-y-nuevas-narrativas\/\">Seguir leyendo <span class=\"meta-nav\">&rarr;<\/span><\/a><\/p>\n","protected":false},"author":215,"featured_media":0,"comment_status":"open","ping_status":"open","sticky":false,"template":"","format":"standard","meta":{"footnotes":""},"categories":[15],"tags":[17],"class_list":["post-113","post","type-post","status-publish","format-standard","hentry","category-proyecto-coren","tag-aprobacion"],"_links":{"self":[{"href":"https:\/\/blogs.uned.es\/coren\/wp-json\/wp\/v2\/posts\/113","targetHints":{"allow":["GET"]}}],"collection":[{"href":"https:\/\/blogs.uned.es\/coren\/wp-json\/wp\/v2\/posts"}],"about":[{"href":"https:\/\/blogs.uned.es\/coren\/wp-json\/wp\/v2\/types\/post"}],"author":[{"embeddable":true,"href":"https:\/\/blogs.uned.es\/coren\/wp-json\/wp\/v2\/users\/215"}],"replies":[{"embeddable":true,"href":"https:\/\/blogs.uned.es\/coren\/wp-json\/wp\/v2\/comments?post=113"}],"version-history":[{"count":1,"href":"https:\/\/blogs.uned.es\/coren\/wp-json\/wp\/v2\/posts\/113\/revisions"}],"predecessor-version":[{"id":115,"href":"https:\/\/blogs.uned.es\/coren\/wp-json\/wp\/v2\/posts\/113\/revisions\/115"}],"wp:attachment":[{"href":"https:\/\/blogs.uned.es\/coren\/wp-json\/wp\/v2\/media?parent=113"}],"wp:term":[{"taxonomy":"category","embeddable":true,"href":"https:\/\/blogs.uned.es\/coren\/wp-json\/wp\/v2\/categories?post=113"},{"taxonomy":"post_tag","embeddable":true,"href":"https:\/\/blogs.uned.es\/coren\/wp-json\/wp\/v2\/tags?post=113"}],"curies":[{"name":"wp","href":"https:\/\/api.w.org\/{rel}","templated":true}]}}