{"id":65569,"date":"2022-05-17T22:59:56","date_gmt":"2022-05-17T22:59:56","guid":{"rendered":"https:\/\/blogs.uned.es\/catedraunesco-aguaypaz\/?p=65569"},"modified":"2022-05-17T23:01:51","modified_gmt":"2022-05-17T23:01:51","slug":"world-higher-education-conference-2022","status":"publish","type":"post","link":"https:\/\/blogs.uned.es\/catedraunesco-aguaypaz\/world-higher-education-conference-2022\/","title":{"rendered":"World Higher Education Conference 2022"},"content":{"rendered":"<p><img loading=\"lazy\" decoding=\"async\" class=\"alignnone size-large wp-image-65571\" src=\"https:\/\/blogs.uned.es\/catedraunesco-aguaypaz\/wp-content\/uploads\/sites\/285\/2022\/05\/587528759887fc6eb237d79f924c5d9106bbd789fea0be7a9761f9478fc27200f6dca9875d85b0a01d3570ee9595505c5f33.6265cc17afb85-1024x240.png\" alt=\"\" width=\"1024\" height=\"240\"><\/p>\n<p>Desde el 18 al 20 de mayo se celebrar\u00e1 en Barcelona la <strong>3era Conferencia Mundial de Educaci\u00f3n Superior<\/strong>, organizada por la UNESCO, reunir\u00e1 a todas las partes interesadas relevantes para definir y preparar una hoja de ruta (road map) para una nueva era en los sistemas e instituciones de educaci\u00f3n superior. Esta hoja de ruta responder\u00e1 a los desaf\u00edos que enfrenta la humanidad y el planeta, como resultado de diversas formas de crisis, con especial atenci\u00f3n a la disrupci\u00f3n global creada por el COVID-19.<\/p>\n<p>Como C\u00e1tedra UNESCO en Agua y Paz destacamos las actividades:<br \/>\n<strong>19 de mayo, 9:30 &#8211; 11:00&nbsp;<\/strong> \u00abTEG Round Table Theme 2: SDGs and Higher Education. The universities we need for the future we want. Official launch of the UNESCO report, \u201cKnowledge-driven actions: Transforming higher education for sustainability\u201d donde participar\u00e1 Joan Subirats Humet, Ministro de Universidades de Espa\u00f1a<\/p>\n<p><strong>19 de mayo, 14:30 a 15:30<\/strong> \u00abCitizen Science from the public institutions. An approach from the Ministry of Universities\u00bb a realizar por Alejandra Calvo Mart\u00ednez (Ministerio de Universidades, Espa\u00f1a)<\/p>\n<p><strong>20 de mayo, 9:30-11:00<\/strong> \u00abOfficial Presentation of the Higher Education in the World Report 8 Special Issue\u00bb<\/p>\n<p>Puedes ver el programa aqu\u00ed <a href=\"https:\/\/blogs.uned.es\/catedraunesco-aguaypaz\/wp-content\/uploads\/sites\/285\/2022\/05\/WHEC2022-AGENDA_13.05.22-V2.pdf\">WHEC2022 AGENDA<\/a><\/p>\n<p>Ver m\u00e1s informaci\u00f3n en la pagina web <a href=\"https:\/\/www.whec2022.org\/EN\/homepage\">www.whec2022.org<\/a><\/p>\n","protected":false},"excerpt":{"rendered":"<p>Desde el 18 al 20 de mayo se celebrar\u00e1 en Barcelona la 3era Conferencia Mundial de Educaci\u00f3n Superior, organizada por la UNESCO, reunir\u00e1 a todas las partes interesadas relevantes para definir y preparar una hoja de ruta (road map) para una nueva era en los sistemas e instituciones de educaci\u00f3n superior. Esta hoja de ruta [&hellip;]<\/p>\n","protected":false},"author":7427,"featured_media":65571,"comment_status":"open","ping_status":"open","sticky":false,"template":"","format":"standard","meta":{"_acf_changed":false,"footnotes":""},"categories":[55],"tags":[],"class_list":["post-65569","post","type-post","status-publish","format-standard","has-post-thumbnail","hentry","category-sin-categoria-es"],"acf":[],"yoast_head":"<!-- This site is optimized with the Yoast SEO plugin v28.4 - https:\/\/yoast.com\/product\/yoast-seo-wordpress\/ -->\n<title>World Higher Education Conference 2022 - C\u00e1tedra UNESCO &quot;Agua y Paz&quot;<\/title>\n<meta name=\"robots\" content=\"index, follow, max-snippet:-1, max-image-preview:large, max-video-preview:-1\" \/>\n<link rel=\"canonical\" href=\"https:\/\/blogs.uned.es\/catedraunesco-aguaypaz\/world-higher-education-conference-2022\/\" \/>\n<meta property=\"og:locale\" content=\"es_ES\" \/>\n<meta property=\"og:type\" content=\"article\" \/>\n<meta property=\"og:title\" content=\"World Higher Education Conference 2022 - C\u00e1tedra UNESCO &quot;Agua y Paz&quot;\" \/>\n<meta property=\"og:description\" content=\"Desde el 18 al 20 de mayo se celebrar\u00e1 en Barcelona la 3era Conferencia Mundial de Educaci\u00f3n Superior, organizada por la UNESCO, reunir\u00e1 a todas las partes interesadas relevantes para definir y preparar una hoja de ruta (road map) para una nueva era en los sistemas e instituciones de educaci\u00f3n superior. Esta hoja de ruta [&hellip;]\" \/>\n<meta property=\"og:url\" content=\"https:\/\/blogs.uned.es\/catedraunesco-aguaypaz\/world-higher-education-conference-2022\/\" \/>\n<meta property=\"og:site_name\" content=\"C\u00e1tedra UNESCO &quot;Agua y Paz&quot;\" \/>\n<meta property=\"article:published_time\" content=\"2022-05-17T22:59:56+00:00\" \/>\n<meta property=\"article:modified_time\" content=\"2022-05-17T23:01:51+00:00\" \/>\n<meta property=\"og:image\" content=\"https:\/\/blogs.uned.es\/catedraunesco-aguaypaz\/wp-content\/uploads\/sites\/285\/2022\/05\/587528759887fc6eb237d79f924c5d9106bbd789fea0be7a9761f9478fc27200f6dca9875d85b0a01d3570ee9595505c5f33.6265cc17afb85-e1652828502544.png\" \/>\n\t<meta property=\"og:image:width\" content=\"585\" \/>\n\t<meta property=\"og:image:height\" content=\"378\" \/>\n\t<meta property=\"og:image:type\" content=\"image\/png\" \/>\n<meta name=\"author\" content=\"catedraunescoaguaypaz\" \/>\n<meta name=\"twitter:card\" content=\"summary_large_image\" \/>\n<meta name=\"twitter:label1\" content=\"Escrito por\" \/>\n\t<meta name=\"twitter:data1\" content=\"catedraunescoaguaypaz\" \/>\n\t<meta name=\"twitter:label2\" content=\"Tiempo de lectura\" \/>\n\t<meta name=\"twitter:data2\" content=\"2 minutos\" \/>\n<script type=\"application\/ld+json\" class=\"yoast-schema-graph\">{\"@context\":\"https:\\\/\\\/schema.org\",\"@graph\":[{\"@type\":\"Article\",\"@id\":\"https:\\\/\\\/blogs.uned.es\\\/catedraunesco-aguaypaz\\\/world-higher-education-conference-2022\\\/#article\",\"isPartOf\":{\"@id\":\"https:\\\/\\\/blogs.uned.es\\\/catedraunesco-aguaypaz\\\/world-higher-education-conference-2022\\\/\"},\"author\":{\"name\":\"catedraunescoaguaypaz\",\"@id\":\"https:\\\/\\\/blogs.uned.es\\\/catedraunesco-aguaypaz\\\/#\\\/schema\\\/person\\\/55f021e926b0f99d00ea9f86ddf11592\"},\"headline\":\"World Higher Education Conference 2022\",\"datePublished\":\"2022-05-17T22:59:56+00:00\",\"dateModified\":\"2022-05-17T23:01:51+00:00\",\"mainEntityOfPage\":{\"@id\":\"https:\\\/\\\/blogs.uned.es\\\/catedraunesco-aguaypaz\\\/world-higher-education-conference-2022\\\/\"},\"wordCount\":209,\"commentCount\":0,\"image\":{\"@id\":\"https:\\\/\\\/blogs.uned.es\\\/catedraunesco-aguaypaz\\\/world-higher-education-conference-2022\\\/#primaryimage\"},\"thumbnailUrl\":\"https:\\\/\\\/blogs.uned.es\\\/catedraunesco-aguaypaz\\\/wp-content\\\/uploads\\\/sites\\\/285\\\/2022\\\/05\\\/587528759887fc6eb237d79f924c5d9106bbd789fea0be7a9761f9478fc27200f6dca9875d85b0a01d3570ee9595505c5f33.6265cc17afb85-e1652828502544.png\",\"inLanguage\":\"es\",\"potentialAction\":[{\"@type\":\"CommentAction\",\"name\":\"Comment\",\"target\":[\"https:\\\/\\\/blogs.uned.es\\\/catedraunesco-aguaypaz\\\/world-higher-education-conference-2022\\\/#respond\"]}]},{\"@type\":\"WebPage\",\"@id\":\"https:\\\/\\\/blogs.uned.es\\\/catedraunesco-aguaypaz\\\/world-higher-education-conference-2022\\\/\",\"url\":\"https:\\\/\\\/blogs.uned.es\\\/catedraunesco-aguaypaz\\\/world-higher-education-conference-2022\\\/\",\"name\":\"World Higher Education Conference 2022 - C\u00e1tedra UNESCO &quot;Agua y Paz&quot;\",\"isPartOf\":{\"@id\":\"https:\\\/\\\/blogs.uned.es\\\/catedraunesco-aguaypaz\\\/#website\"},\"primaryImageOfPage\":{\"@id\":\"https:\\\/\\\/blogs.uned.es\\\/catedraunesco-aguaypaz\\\/world-higher-education-conference-2022\\\/#primaryimage\"},\"image\":{\"@id\":\"https:\\\/\\\/blogs.uned.es\\\/catedraunesco-aguaypaz\\\/world-higher-education-conference-2022\\\/#primaryimage\"},\"thumbnailUrl\":\"https:\\\/\\\/blogs.uned.es\\\/catedraunesco-aguaypaz\\\/wp-content\\\/uploads\\\/sites\\\/285\\\/2022\\\/05\\\/587528759887fc6eb237d79f924c5d9106bbd789fea0be7a9761f9478fc27200f6dca9875d85b0a01d3570ee9595505c5f33.6265cc17afb85-e1652828502544.png\",\"datePublished\":\"2022-05-17T22:59:56+00:00\",\"dateModified\":\"2022-05-17T23:01:51+00:00\",\"author\":{\"@id\":\"https:\\\/\\\/blogs.uned.es\\\/catedraunesco-aguaypaz\\\/#\\\/schema\\\/person\\\/55f021e926b0f99d00ea9f86ddf11592\"},\"breadcrumb\":{\"@id\":\"https:\\\/\\\/blogs.uned.es\\\/catedraunesco-aguaypaz\\\/world-higher-education-conference-2022\\\/#breadcrumb\"},\"inLanguage\":\"es\",\"potentialAction\":[{\"@type\":\"ReadAction\",\"target\":[\"https:\\\/\\\/blogs.uned.es\\\/catedraunesco-aguaypaz\\\/world-higher-education-conference-2022\\\/\"]}]},{\"@type\":\"ImageObject\",\"inLanguage\":\"es\",\"@id\":\"https:\\\/\\\/blogs.uned.es\\\/catedraunesco-aguaypaz\\\/world-higher-education-conference-2022\\\/#primaryimage\",\"url\":\"https:\\\/\\\/blogs.uned.es\\\/catedraunesco-aguaypaz\\\/wp-content\\\/uploads\\\/sites\\\/285\\\/2022\\\/05\\\/587528759887fc6eb237d79f924c5d9106bbd789fea0be7a9761f9478fc27200f6dca9875d85b0a01d3570ee9595505c5f33.6265cc17afb85-e1652828502544.png\",\"contentUrl\":\"https:\\\/\\\/blogs.uned.es\\\/catedraunesco-aguaypaz\\\/wp-content\\\/uploads\\\/sites\\\/285\\\/2022\\\/05\\\/587528759887fc6eb237d79f924c5d9106bbd789fea0be7a9761f9478fc27200f6dca9875d85b0a01d3570ee9595505c5f33.6265cc17afb85-e1652828502544.png\",\"width\":585,\"height\":378},{\"@type\":\"BreadcrumbList\",\"@id\":\"https:\\\/\\\/blogs.uned.es\\\/catedraunesco-aguaypaz\\\/world-higher-education-conference-2022\\\/#breadcrumb\",\"itemListElement\":[{\"@type\":\"ListItem\",\"position\":1,\"name\":\"Portada\",\"item\":\"https:\\\/\\\/blogs.uned.es\\\/catedraunesco-aguaypaz\\\/\"},{\"@type\":\"ListItem\",\"position\":2,\"name\":\"World Higher Education Conference 2022\"}]},{\"@type\":\"WebSite\",\"@id\":\"https:\\\/\\\/blogs.uned.es\\\/catedraunesco-aguaypaz\\\/#website\",\"url\":\"https:\\\/\\\/blogs.uned.es\\\/catedraunesco-aguaypaz\\\/\",\"name\":\"C\u00e1tedra UNESCO &quot;Agua y Paz&quot;\",\"description\":\"de Econom\u00eda del Agua\",\"potentialAction\":[{\"@type\":\"SearchAction\",\"target\":{\"@type\":\"EntryPoint\",\"urlTemplate\":\"https:\\\/\\\/blogs.uned.es\\\/catedraunesco-aguaypaz\\\/?s={search_term_string}\"},\"query-input\":{\"@type\":\"PropertyValueSpecification\",\"valueRequired\":true,\"valueName\":\"search_term_string\"}}],\"inLanguage\":\"es\"},{\"@type\":\"Person\",\"@id\":\"https:\\\/\\\/blogs.uned.es\\\/catedraunesco-aguaypaz\\\/#\\\/schema\\\/person\\\/55f021e926b0f99d00ea9f86ddf11592\",\"name\":\"catedraunescoaguaypaz\",\"image\":{\"@type\":\"ImageObject\",\"inLanguage\":\"es\",\"@id\":\"https:\\\/\\\/secure.gravatar.com\\\/avatar\\\/1b11ad9258ea7f7c667d377031df0bd7434d563288e8cbdcbf686ab1768340a1?s=96&d=mm&r=g\",\"url\":\"https:\\\/\\\/secure.gravatar.com\\\/avatar\\\/1b11ad9258ea7f7c667d377031df0bd7434d563288e8cbdcbf686ab1768340a1?s=96&d=mm&r=g\",\"contentUrl\":\"https:\\\/\\\/secure.gravatar.com\\\/avatar\\\/1b11ad9258ea7f7c667d377031df0bd7434d563288e8cbdcbf686ab1768340a1?s=96&d=mm&r=g\",\"caption\":\"catedraunescoaguaypaz\"},\"url\":\"https:\\\/\\\/blogs.uned.es\\\/catedraunesco-aguaypaz\\\/author\\\/catedraunescoaguaypaz\\\/\"}]}<\/script>\n<!-- \/ Yoast SEO plugin. -->","yoast_head_json":{"title":"World Higher Education Conference 2022 - C\u00e1tedra UNESCO &quot;Agua y Paz&quot;","robots":{"index":"index","follow":"follow","max-snippet":"max-snippet:-1","max-image-preview":"max-image-preview:large","max-video-preview":"max-video-preview:-1"},"canonical":"https:\/\/blogs.uned.es\/catedraunesco-aguaypaz\/world-higher-education-conference-2022\/","og_locale":"es_ES","og_type":"article","og_title":"World Higher Education Conference 2022 - C\u00e1tedra UNESCO &quot;Agua y Paz&quot;","og_description":"Desde el 18 al 20 de mayo se celebrar\u00e1 en Barcelona la 3era Conferencia Mundial de Educaci\u00f3n Superior, organizada por la UNESCO, reunir\u00e1 a todas las partes interesadas relevantes para definir y preparar una hoja de ruta (road map) para una nueva era en los sistemas e instituciones de educaci\u00f3n superior. Esta hoja de ruta [&hellip;]","og_url":"https:\/\/blogs.uned.es\/catedraunesco-aguaypaz\/world-higher-education-conference-2022\/","og_site_name":"C\u00e1tedra UNESCO &quot;Agua y Paz&quot;","article_published_time":"2022-05-17T22:59:56+00:00","article_modified_time":"2022-05-17T23:01:51+00:00","og_image":[{"width":585,"height":378,"url":"https:\/\/blogs.uned.es\/catedraunesco-aguaypaz\/wp-content\/uploads\/sites\/285\/2022\/05\/587528759887fc6eb237d79f924c5d9106bbd789fea0be7a9761f9478fc27200f6dca9875d85b0a01d3570ee9595505c5f33.6265cc17afb85-e1652828502544.png","type":"image\/png"}],"author":"catedraunescoaguaypaz","twitter_card":"summary_large_image","twitter_misc":{"Escrito por":"catedraunescoaguaypaz","Tiempo de lectura":"2 minutos"},"schema":{"@context":"https:\/\/schema.org","@graph":[{"@type":"Article","@id":"https:\/\/blogs.uned.es\/catedraunesco-aguaypaz\/world-higher-education-conference-2022\/#article","isPartOf":{"@id":"https:\/\/blogs.uned.es\/catedraunesco-aguaypaz\/world-higher-education-conference-2022\/"},"author":{"name":"catedraunescoaguaypaz","@id":"https:\/\/blogs.uned.es\/catedraunesco-aguaypaz\/#\/schema\/person\/55f021e926b0f99d00ea9f86ddf11592"},"headline":"World Higher Education Conference 2022","datePublished":"2022-05-17T22:59:56+00:00","dateModified":"2022-05-17T23:01:51+00:00","mainEntityOfPage":{"@id":"https:\/\/blogs.uned.es\/catedraunesco-aguaypaz\/world-higher-education-conference-2022\/"},"wordCount":209,"commentCount":0,"image":{"@id":"https:\/\/blogs.uned.es\/catedraunesco-aguaypaz\/world-higher-education-conference-2022\/#primaryimage"},"thumbnailUrl":"https:\/\/blogs.uned.es\/catedraunesco-aguaypaz\/wp-content\/uploads\/sites\/285\/2022\/05\/587528759887fc6eb237d79f924c5d9106bbd789fea0be7a9761f9478fc27200f6dca9875d85b0a01d3570ee9595505c5f33.6265cc17afb85-e1652828502544.png","inLanguage":"es","potentialAction":[{"@type":"CommentAction","name":"Comment","target":["https:\/\/blogs.uned.es\/catedraunesco-aguaypaz\/world-higher-education-conference-2022\/#respond"]}]},{"@type":"WebPage","@id":"https:\/\/blogs.uned.es\/catedraunesco-aguaypaz\/world-higher-education-conference-2022\/","url":"https:\/\/blogs.uned.es\/catedraunesco-aguaypaz\/world-higher-education-conference-2022\/","name":"World Higher Education Conference 2022 - C\u00e1tedra UNESCO &quot;Agua y Paz&quot;","isPartOf":{"@id":"https:\/\/blogs.uned.es\/catedraunesco-aguaypaz\/#website"},"primaryImageOfPage":{"@id":"https:\/\/blogs.uned.es\/catedraunesco-aguaypaz\/world-higher-education-conference-2022\/#primaryimage"},"image":{"@id":"https:\/\/blogs.uned.es\/catedraunesco-aguaypaz\/world-higher-education-conference-2022\/#primaryimage"},"thumbnailUrl":"https:\/\/blogs.uned.es\/catedraunesco-aguaypaz\/wp-content\/uploads\/sites\/285\/2022\/05\/587528759887fc6eb237d79f924c5d9106bbd789fea0be7a9761f9478fc27200f6dca9875d85b0a01d3570ee9595505c5f33.6265cc17afb85-e1652828502544.png","datePublished":"2022-05-17T22:59:56+00:00","dateModified":"2022-05-17T23:01:51+00:00","author":{"@id":"https:\/\/blogs.uned.es\/catedraunesco-aguaypaz\/#\/schema\/person\/55f021e926b0f99d00ea9f86ddf11592"},"breadcrumb":{"@id":"https:\/\/blogs.uned.es\/catedraunesco-aguaypaz\/world-higher-education-conference-2022\/#breadcrumb"},"inLanguage":"es","potentialAction":[{"@type":"ReadAction","target":["https:\/\/blogs.uned.es\/catedraunesco-aguaypaz\/world-higher-education-conference-2022\/"]}]},{"@type":"ImageObject","inLanguage":"es","@id":"https:\/\/blogs.uned.es\/catedraunesco-aguaypaz\/world-higher-education-conference-2022\/#primaryimage","url":"https:\/\/blogs.uned.es\/catedraunesco-aguaypaz\/wp-content\/uploads\/sites\/285\/2022\/05\/587528759887fc6eb237d79f924c5d9106bbd789fea0be7a9761f9478fc27200f6dca9875d85b0a01d3570ee9595505c5f33.6265cc17afb85-e1652828502544.png","contentUrl":"https:\/\/blogs.uned.es\/catedraunesco-aguaypaz\/wp-content\/uploads\/sites\/285\/2022\/05\/587528759887fc6eb237d79f924c5d9106bbd789fea0be7a9761f9478fc27200f6dca9875d85b0a01d3570ee9595505c5f33.6265cc17afb85-e1652828502544.png","width":585,"height":378},{"@type":"BreadcrumbList","@id":"https:\/\/blogs.uned.es\/catedraunesco-aguaypaz\/world-higher-education-conference-2022\/#breadcrumb","itemListElement":[{"@type":"ListItem","position":1,"name":"Portada","item":"https:\/\/blogs.uned.es\/catedraunesco-aguaypaz\/"},{"@type":"ListItem","position":2,"name":"World Higher Education Conference 2022"}]},{"@type":"WebSite","@id":"https:\/\/blogs.uned.es\/catedraunesco-aguaypaz\/#website","url":"https:\/\/blogs.uned.es\/catedraunesco-aguaypaz\/","name":"C\u00e1tedra UNESCO &quot;Agua y Paz&quot;","description":"de Econom\u00eda del Agua","potentialAction":[{"@type":"SearchAction","target":{"@type":"EntryPoint","urlTemplate":"https:\/\/blogs.uned.es\/catedraunesco-aguaypaz\/?s={search_term_string}"},"query-input":{"@type":"PropertyValueSpecification","valueRequired":true,"valueName":"search_term_string"}}],"inLanguage":"es"},{"@type":"Person","@id":"https:\/\/blogs.uned.es\/catedraunesco-aguaypaz\/#\/schema\/person\/55f021e926b0f99d00ea9f86ddf11592","name":"catedraunescoaguaypaz","image":{"@type":"ImageObject","inLanguage":"es","@id":"https:\/\/secure.gravatar.com\/avatar\/1b11ad9258ea7f7c667d377031df0bd7434d563288e8cbdcbf686ab1768340a1?s=96&d=mm&r=g","url":"https:\/\/secure.gravatar.com\/avatar\/1b11ad9258ea7f7c667d377031df0bd7434d563288e8cbdcbf686ab1768340a1?s=96&d=mm&r=g","contentUrl":"https:\/\/secure.gravatar.com\/avatar\/1b11ad9258ea7f7c667d377031df0bd7434d563288e8cbdcbf686ab1768340a1?s=96&d=mm&r=g","caption":"catedraunescoaguaypaz"},"url":"https:\/\/blogs.uned.es\/catedraunesco-aguaypaz\/author\/catedraunescoaguaypaz\/"}]}},"_links":{"self":[{"href":"https:\/\/blogs.uned.es\/catedraunesco-aguaypaz\/wp-json\/wp\/v2\/posts\/65569","targetHints":{"allow":["GET"]}}],"collection":[{"href":"https:\/\/blogs.uned.es\/catedraunesco-aguaypaz\/wp-json\/wp\/v2\/posts"}],"about":[{"href":"https:\/\/blogs.uned.es\/catedraunesco-aguaypaz\/wp-json\/wp\/v2\/types\/post"}],"author":[{"embeddable":true,"href":"https:\/\/blogs.uned.es\/catedraunesco-aguaypaz\/wp-json\/wp\/v2\/users\/7427"}],"replies":[{"embeddable":true,"href":"https:\/\/blogs.uned.es\/catedraunesco-aguaypaz\/wp-json\/wp\/v2\/comments?post=65569"}],"version-history":[{"count":2,"href":"https:\/\/blogs.uned.es\/catedraunesco-aguaypaz\/wp-json\/wp\/v2\/posts\/65569\/revisions"}],"predecessor-version":[{"id":65873,"href":"https:\/\/blogs.uned.es\/catedraunesco-aguaypaz\/wp-json\/wp\/v2\/posts\/65569\/revisions\/65873"}],"wp:featuredmedia":[{"embeddable":true,"href":"https:\/\/blogs.uned.es\/catedraunesco-aguaypaz\/wp-json\/wp\/v2\/media\/65571"}],"wp:attachment":[{"href":"https:\/\/blogs.uned.es\/catedraunesco-aguaypaz\/wp-json\/wp\/v2\/media?parent=65569"}],"wp:term":[{"taxonomy":"category","embeddable":true,"href":"https:\/\/blogs.uned.es\/catedraunesco-aguaypaz\/wp-json\/wp\/v2\/categories?post=65569"},{"taxonomy":"post_tag","embeddable":true,"href":"https:\/\/blogs.uned.es\/catedraunesco-aguaypaz\/wp-json\/wp\/v2\/tags?post=65569"}],"curies":[{"name":"wp","href":"https:\/\/api.w.org\/{rel}","templated":true}]}}