{"id":1873,"date":"2022-02-17T12:38:05","date_gmt":"2022-02-17T11:38:05","guid":{"rendered":"https:\/\/blogs.uned.es\/catedraunedtomelloso\/?p=1873"},"modified":"2022-06-06T09:11:59","modified_gmt":"2022-06-06T07:11:59","slug":"seminario-1-catedra-tomelloso","status":"publish","type":"post","link":"https:\/\/blogs.uned.es\/catedraunedtomelloso\/2022\/02\/17\/seminario-1-catedra-tomelloso\/","title":{"rendered":"1er Seminario de la C\u00e1tedra de Inclusi\u00f3n Social de Tomelloso"},"content":{"rendered":"\t\t<div data-elementor-type=\"wp-post\" data-elementor-id=\"1873\" class=\"elementor elementor-1873\">\n\t\t\t\t\t\t<section class=\"elementor-section elementor-top-section elementor-element elementor-element-1fb4627e elementor-section-boxed elementor-section-height-default elementor-section-height-default\" data-id=\"1fb4627e\" data-element_type=\"section\" data-e-type=\"section\">\n\t\t\t\t\t\t<div class=\"elementor-container elementor-column-gap-default\">\n\t\t\t\t\t<div class=\"elementor-column elementor-col-100 elementor-top-column elementor-element elementor-element-15fbba0e\" data-id=\"15fbba0e\" data-element_type=\"column\" data-e-type=\"column\">\n\t\t\t<div class=\"elementor-widget-wrap elementor-element-populated\">\n\t\t\t\t\t\t<div class=\"elementor-element elementor-element-2261416e elementor-widget elementor-widget-text-editor\" data-id=\"2261416e\" data-element_type=\"widget\" data-e-type=\"widget\" data-widget_type=\"text-editor.default\">\n\t\t\t\t<div class=\"elementor-widget-container\">\n\t\t\t\t\t\t\t\t\t<h3>PRIORIDADES PARA LA INCLUSI\u00d3N SOCIAL EN UN ENTORNO DE POSTPANDEMIA<\/h3>\t\t\t\t\t\t\t\t<\/div>\n\t\t\t\t<\/div>\n\t\t\t\t\t<\/div>\n\t\t<\/div>\n\t\t\t\t\t<\/div>\n\t\t<\/section>\n\t\t\t\t<section class=\"elementor-section elementor-top-section elementor-element elementor-element-7a7f10d elementor-section-boxed elementor-section-height-default elementor-section-height-default\" data-id=\"7a7f10d\" data-element_type=\"section\" data-e-type=\"section\">\n\t\t\t\t\t\t<div class=\"elementor-container elementor-column-gap-default\">\n\t\t\t\t\t<div class=\"elementor-column elementor-col-100 elementor-top-column elementor-element elementor-element-ddc1be9\" data-id=\"ddc1be9\" data-element_type=\"column\" data-e-type=\"column\">\n\t\t\t<div class=\"elementor-widget-wrap elementor-element-populated\">\n\t\t\t\t\t\t<div class=\"elementor-element elementor-element-f3f45cd elementor-widget elementor-widget-image\" data-id=\"f3f45cd\" data-element_type=\"widget\" data-e-type=\"widget\" data-widget_type=\"image.default\">\n\t\t\t\t<div class=\"elementor-widget-container\">\n\t\t\t\t\t\t\t\t\t\t\t\t\t\t\t<img fetchpriority=\"high\" decoding=\"async\" width=\"800\" height=\"427\" src=\"https:\/\/blogs.uned.es\/catedraunedtomelloso\/wp-content\/uploads\/sites\/329\/2022\/06\/Captura-1-1024x547.png\" class=\"attachment-large size-large wp-image-1903\" alt=\"\" srcset=\"https:\/\/blogs.uned.es\/catedraunedtomelloso\/wp-content\/uploads\/sites\/329\/2022\/06\/Captura-1-1024x547.png 1024w, https:\/\/blogs.uned.es\/catedraunedtomelloso\/wp-content\/uploads\/sites\/329\/2022\/06\/Captura-1-300x160.png 300w, https:\/\/blogs.uned.es\/catedraunedtomelloso\/wp-content\/uploads\/sites\/329\/2022\/06\/Captura-1-768x410.png 768w, https:\/\/blogs.uned.es\/catedraunedtomelloso\/wp-content\/uploads\/sites\/329\/2022\/06\/Captura-1.png 1377w\" sizes=\"(max-width: 800px) 100vw, 800px\" \/>\t\t\t\t\t\t\t\t\t\t\t\t\t\t\t<\/div>\n\t\t\t\t<\/div>\n\t\t\t\t\t<\/div>\n\t\t<\/div>\n\t\t\t\t\t<\/div>\n\t\t<\/section>\n\t\t\t\t<section class=\"elementor-section elementor-top-section elementor-element elementor-element-2686967 elementor-section-boxed elementor-section-height-default elementor-section-height-default\" data-id=\"2686967\" data-element_type=\"section\" data-e-type=\"section\">\n\t\t\t\t\t\t<div class=\"elementor-container elementor-column-gap-default\">\n\t\t\t\t\t<div class=\"elementor-column elementor-col-66 elementor-top-column elementor-element elementor-element-49c6810\" data-id=\"49c6810\" data-element_type=\"column\" data-e-type=\"column\">\n\t\t\t<div class=\"elementor-widget-wrap elementor-element-populated\">\n\t\t\t\t\t\t<div class=\"elementor-element elementor-element-e80806e elementor-widget elementor-widget-text-editor\" data-id=\"e80806e\" data-element_type=\"widget\" data-e-type=\"widget\" data-widget_type=\"text-editor.default\">\n\t\t\t\t<div class=\"elementor-widget-container\">\n\t\t\t\t\t\t\t\t\t<h4>\u00a0<\/h4><h4>En este primer seminario organizado por la C\u00e1tedra de Inclusi\u00f3n Social, se abordan dos retos fundamentales en cualquier proyecto de inclusi\u00f3n social, desde la perspectiva de la administraci\u00f3n local:<\/h4><p>1. En primer lugar, la financiaci\u00f3n, con especial atenci\u00f3n a los fondos europeos.<\/p><p>2. En segundo lugar, el urbanismo como pol\u00edtica social clave para la cohesi\u00f3n social, con especial atenci\u00f3n a la Agenda Urbana.\u00a0<\/p>\t\t\t\t\t\t\t\t<\/div>\n\t\t\t\t<\/div>\n\t\t\t\t\t<\/div>\n\t\t<\/div>\n\t\t\t\t<div class=\"elementor-column elementor-col-33 elementor-top-column elementor-element elementor-element-753c363\" data-id=\"753c363\" data-element_type=\"column\" data-e-type=\"column\">\n\t\t\t<div class=\"elementor-widget-wrap elementor-element-populated\">\n\t\t\t\t\t\t<div class=\"elementor-element elementor-element-16c3a7f elementor-widget elementor-widget-image\" data-id=\"16c3a7f\" data-element_type=\"widget\" data-e-type=\"widget\" data-widget_type=\"image.default\">\n\t\t\t\t<div class=\"elementor-widget-container\">\n\t\t\t\t\t\t\t\t\t\t\t\t\t\t\t<img decoding=\"async\" width=\"768\" height=\"1024\" src=\"https:\/\/blogs.uned.es\/catedraunedtomelloso\/wp-content\/uploads\/sites\/329\/2021\/12\/IMG-20211201-WA0018-768x1024.jpg\" class=\"attachment-large size-large wp-image-577\" alt=\"\" srcset=\"https:\/\/blogs.uned.es\/catedraunedtomelloso\/wp-content\/uploads\/sites\/329\/2021\/12\/IMG-20211201-WA0018-768x1024.jpg 768w, https:\/\/blogs.uned.es\/catedraunedtomelloso\/wp-content\/uploads\/sites\/329\/2021\/12\/IMG-20211201-WA0018-225x300.jpg 225w, https:\/\/blogs.uned.es\/catedraunedtomelloso\/wp-content\/uploads\/sites\/329\/2021\/12\/IMG-20211201-WA0018-1152x1536.jpg 1152w, https:\/\/blogs.uned.es\/catedraunedtomelloso\/wp-content\/uploads\/sites\/329\/2021\/12\/IMG-20211201-WA0018.jpg 1536w\" sizes=\"(max-width: 768px) 100vw, 768px\" \/>\t\t\t\t\t\t\t\t\t\t\t\t\t\t\t<\/div>\n\t\t\t\t<\/div>\n\t\t\t\t\t<\/div>\n\t\t<\/div>\n\t\t\t\t\t<\/div>\n\t\t<\/section>\n\t\t\t\t<section class=\"elementor-section elementor-top-section elementor-element elementor-element-f663f75 elementor-section-boxed elementor-section-height-default elementor-section-height-default\" data-id=\"f663f75\" data-element_type=\"section\" data-e-type=\"section\">\n\t\t\t\t\t\t<div class=\"elementor-container elementor-column-gap-default\">\n\t\t\t\t\t<div class=\"elementor-column elementor-col-100 elementor-top-column elementor-element elementor-element-e04e0e1\" data-id=\"e04e0e1\" data-element_type=\"column\" data-e-type=\"column\">\n\t\t\t<div class=\"elementor-widget-wrap\">\n\t\t\t\t\t\t\t<\/div>\n\t\t<\/div>\n\t\t\t\t\t<\/div>\n\t\t<\/section>\n\t\t\t\t<section class=\"elementor-section elementor-top-section elementor-element elementor-element-f26d342 elementor-section-boxed elementor-section-height-default elementor-section-height-default\" data-id=\"f26d342\" data-element_type=\"section\" data-e-type=\"section\">\n\t\t\t\t\t\t<div class=\"elementor-container elementor-column-gap-default\">\n\t\t\t\t\t<div class=\"elementor-column elementor-col-100 elementor-top-column elementor-element elementor-element-55351b4\" data-id=\"55351b4\" data-element_type=\"column\" data-e-type=\"column\">\n\t\t\t<div class=\"elementor-widget-wrap elementor-element-populated\">\n\t\t\t\t\t\t<div class=\"elementor-element elementor-element-60f5053 elementor-widget elementor-widget-text-editor\" data-id=\"60f5053\" data-element_type=\"widget\" data-e-type=\"widget\" data-widget_type=\"text-editor.default\">\n\t\t\t\t<div class=\"elementor-widget-container\">\n\t\t\t\t\t\t\t\t\t<p><b>9:00-9:30<\/b>\u00a0 Presenta D. \u00c1ngel Parre\u00f1o. Codirector de la C\u00e1tedra de inclusi\u00f3n social en Tomelloso.<\/p><p><b>9<\/b><b>:30-10:30<\/b>\u00a0 Agendas Urbanas y planes de acci\u00f3n. Desaf\u00edos y oportunidades.<\/p><p>D\u00f1a. Marta Lora-Tamayo Vallv\u00e9. Catedr\u00e1tica de Derecho Administrativo de la UNED.<\/p><p><b>10:30-11:00\u00a0 Pausa.<\/b><\/p><p><b>11:00- 12:00<\/b> Fondo Social Europeo+ y Fondos de Recuperaci\u00f3n.<\/p><p>Ra\u00fal del Viso Bravo. Gerencia EAPN-CLM.<\/p><p><b>12.00 -13:00<\/b> Fondo FEDER.<\/p><p>DG de Pol\u00edtica Financiera, Tesorer\u00eda y Fondos Comunitarios de Castilla La Mancha<\/p><p><b>13:00-14:00<\/b>\u00a0 Mesa de Debate. Intervienen \u00c1ngel Parre\u00f1o, Antonio L\u00f3pez, Marta Lora, Ra\u00fal del Viso<\/p>\t\t\t\t\t\t\t\t<\/div>\n\t\t\t\t<\/div>\n\t\t\t\t<div class=\"elementor-element elementor-element-f1df171 elementor-widget elementor-widget-image\" data-id=\"f1df171\" data-element_type=\"widget\" data-e-type=\"widget\" data-widget_type=\"image.default\">\n\t\t\t\t<div class=\"elementor-widget-container\">\n\t\t\t\t\t\t\t\t\t\t\t\t\t\t\t<img decoding=\"async\" width=\"718\" height=\"360\" src=\"https:\/\/blogs.uned.es\/catedraunedtomelloso\/wp-content\/uploads\/sites\/329\/2022\/02\/Programa-seminario-1-Tomelloso.png\" class=\"attachment-large size-large wp-image-1923\" alt=\"\" srcset=\"https:\/\/blogs.uned.es\/catedraunedtomelloso\/wp-content\/uploads\/sites\/329\/2022\/02\/Programa-seminario-1-Tomelloso.png 718w, https:\/\/blogs.uned.es\/catedraunedtomelloso\/wp-content\/uploads\/sites\/329\/2022\/02\/Programa-seminario-1-Tomelloso-300x150.png 300w\" sizes=\"(max-width: 718px) 100vw, 718px\" \/>\t\t\t\t\t\t\t\t\t\t\t\t\t\t\t<\/div>\n\t\t\t\t<\/div>\n\t\t\t\t\t<\/div>\n\t\t<\/div>\n\t\t\t\t\t<\/div>\n\t\t<\/section>\n\t\t\t\t<\/div>\n\t\t","protected":false},"excerpt":{"rendered":"<p>PRIORIDADES PARA LA INCLUSI\u00d3N SOCIAL EN UN ENTORNO DE POSTPANDEMIA \u00a0 En este primer seminario organizado por la C\u00e1tedra de Inclusi\u00f3n Social, se abordan dos retos fundamentales en cualquier proyecto de inclusi\u00f3n social, desde la perspectiva de la administraci\u00f3n local: 1. En primer lugar, la financiaci\u00f3n, con especial atenci\u00f3n a los fondos europeos. 2. En segundo lugar, el urbanismo como pol\u00edtica social clave para la cohesi\u00f3n social, con especial atenci\u00f3n a la Agenda Urbana.\u00a0 9:00-9:30\u00a0 Presenta D. \u00c1ngel Parre\u00f1o. Codirector de la C\u00e1tedra de inclusi\u00f3n social en Tomelloso. 9:30-10:30\u00a0 Agendas Urbanas y planes de acci\u00f3n. Desaf\u00edos y oportunidades. D\u00f1a. Marta&hellip;<\/p>\n<p> <a class=\"more-link\" href=\"https:\/\/blogs.uned.es\/catedraunedtomelloso\/2022\/02\/17\/seminario-1-catedra-tomelloso\/\">Leer m\u00e1s<\/a><\/p>\n","protected":false},"author":7523,"featured_media":543,"comment_status":"closed","ping_status":"open","sticky":false,"template":"","format":"standard","meta":{"footnotes":""},"categories":[1],"tags":[],"class_list":["post-1873","post","type-post","status-publish","format-standard","has-post-thumbnail","category-sin-categoria"],"_links":{"self":[{"href":"https:\/\/blogs.uned.es\/catedraunedtomelloso\/wp-json\/wp\/v2\/posts\/1873","targetHints":{"allow":["GET"]}}],"collection":[{"href":"https:\/\/blogs.uned.es\/catedraunedtomelloso\/wp-json\/wp\/v2\/posts"}],"about":[{"href":"https:\/\/blogs.uned.es\/catedraunedtomelloso\/wp-json\/wp\/v2\/types\/post"}],"author":[{"embeddable":true,"href":"https:\/\/blogs.uned.es\/catedraunedtomelloso\/wp-json\/wp\/v2\/users\/7523"}],"replies":[{"embeddable":true,"href":"https:\/\/blogs.uned.es\/catedraunedtomelloso\/wp-json\/wp\/v2\/comments?post=1873"}],"version-history":[{"count":18,"href":"https:\/\/blogs.uned.es\/catedraunedtomelloso\/wp-json\/wp\/v2\/posts\/1873\/revisions"}],"predecessor-version":[{"id":1935,"href":"https:\/\/blogs.uned.es\/catedraunedtomelloso\/wp-json\/wp\/v2\/posts\/1873\/revisions\/1935"}],"wp:featuredmedia":[{"embeddable":true,"href":"https:\/\/blogs.uned.es\/catedraunedtomelloso\/wp-json\/wp\/v2\/media\/543"}],"wp:attachment":[{"href":"https:\/\/blogs.uned.es\/catedraunedtomelloso\/wp-json\/wp\/v2\/media?parent=1873"}],"wp:term":[{"taxonomy":"category","embeddable":true,"href":"https:\/\/blogs.uned.es\/catedraunedtomelloso\/wp-json\/wp\/v2\/categories?post=1873"},{"taxonomy":"post_tag","embeddable":true,"href":"https:\/\/blogs.uned.es\/catedraunedtomelloso\/wp-json\/wp\/v2\/tags?post=1873"}],"curies":[{"name":"wp","href":"https:\/\/api.w.org\/{rel}","templated":true}]}}