{"id":3631,"date":"2025-09-27T17:08:19","date_gmt":"2025-09-27T16:08:19","guid":{"rendered":"https:\/\/blogs.uned.es\/catedraunedlincoln\/?p=3631"},"modified":"2025-09-27T17:09:19","modified_gmt":"2025-09-27T16:09:19","slug":"jornada-de-presentacion-del-monografico-un-repaso-a-50-anos-de-urbanismo-en-espana-1975-2025","status":"publish","type":"post","link":"https:\/\/blogs.uned.es\/catedraunedlincoln\/jornada-de-presentacion-del-monografico-un-repaso-a-50-anos-de-urbanismo-en-espana-1975-2025\/","title":{"rendered":"Jornada de Presentaci\u00f3n del monogr\u00e1fico \u201cUn repaso a 50 a\u00f1os de urbanismo en Espa\u00f1a (1975-2025)\u201d"},"content":{"rendered":"\t\t<div data-elementor-type=\"wp-post\" data-elementor-id=\"3631\" class=\"elementor elementor-3631\">\n\t\t\t\t\t\t<section class=\"elementor-section elementor-top-section elementor-element elementor-element-fd81d3b elementor-section-boxed elementor-section-height-default elementor-section-height-default\" data-id=\"fd81d3b\" data-element_type=\"section\" data-e-type=\"section\">\n\t\t\t\t\t\t<div class=\"elementor-container elementor-column-gap-default\">\n\t\t\t\t\t<div class=\"elementor-column elementor-col-100 elementor-top-column elementor-element elementor-element-b0da523\" data-id=\"b0da523\" data-element_type=\"column\" data-e-type=\"column\">\n\t\t\t<div class=\"elementor-widget-wrap elementor-element-populated\">\n\t\t\t\t\t\t<div class=\"elementor-element elementor-element-ec8e3d2 elementor-widget elementor-widget-text-editor\" data-id=\"ec8e3d2\" data-element_type=\"widget\" data-e-type=\"widget\" data-widget_type=\"text-editor.default\">\n\t\t\t\t<div class=\"elementor-widget-container\">\n\t\t\t\t\t\t\t\t\t<p>El pasado <strong data-start=\"296\" data-end=\"326\">mi\u00e9rcoles 24 de septiembre<\/strong>, tuvimos el privilegio de participar en la <strong data-start=\"367\" data-end=\"410\">Jornada de Presentaci\u00f3n del monogr\u00e1fico<\/strong> de la revista <em data-start=\"425\" data-end=\"469\">Ciudad y Territorio Estudios Territoriales<\/em> (CyTET), bajo el t\u00edtulo <em data-start=\"494\" data-end=\"551\">\u201cUn repaso a 50 a\u00f1os de urbanismo en Espa\u00f1a: 1975-2025\u201d<\/em>. En este acto, Marta Lora-Tamayo, directora del M\u00e1ster de Pol\u00edticas de Suelo, habl\u00f3 sobre las \u00abLegislaciones urban\u00edsticas de las CCAA\u00bb haciendo una visi\u00f3n de conjunto.<\/p><p data-start=\"1032\" data-end=\"1084\"><span style=\"color: #424242;font-size: 15px\">Este n\u00famero especial de <\/span><em style=\"color: #424242;font-size: 15px\" data-start=\"1110\" data-end=\"1154\">Ciudad y Territorio Estudios Territoriales<\/em><span style=\"color: #424242;font-size: 15px\"> \u2014el volumen 57, n\u00famero 224\u2014 propone un recorrido hist\u00f3rico, cr\u00edtico e interdisciplinar de medio siglo de urbanismo en Espa\u00f1a.<\/span><span style=\"color: #424242;font-size: 15px\">\u00a0En particular, aborda c\u00f3mo han evolucionado las normas de suelo, las pol\u00edticas urban\u00edsticas auton\u00f3micas, las pr\u00e1cticas de planeamiento municipal, las transformaciones del espacio urbano y los desaf\u00edos actuales del crecimiento urbano, la rehabilitaci\u00f3n, la movilidad, la ciudad sostenible o la participaci\u00f3n ciudadana.\u00a0<\/span><\/p><p data-start=\"1678\" data-end=\"2130\">Un art\u00edculo destacado del monogr\u00e1fico es <em data-start=\"1719\" data-end=\"1852\">\u201cLa contribuci\u00f3n de la revista Ciudad y Territorio Estudios Territoriales al debate disciplinar en los \u00faltimos 50 a\u00f1os (1975-2025)\u201d<\/em>, de Rafael Mata-Olmo y el equipo de la Secretar\u00eda de la revista. En \u00e9l se revisa c\u00f3mo CyTET ha jugado un papel central en el debate sobre urbanismo, suelo, vivienda y ordenaci\u00f3n territorial desde finales del siglo XX hasta la actualidad.\u00a0<\/p><p data-start=\"2132\" data-end=\"2353\">Este n\u00famero se presenta como un momento de reflexi\u00f3n: no solo como balance de los \u00faltimos cincuenta a\u00f1os, sino tambi\u00e9n como punto de partida para los retos que debe afrontar el urbanismo en Espa\u00f1a en las pr\u00f3ximas d\u00e9cadas.<\/p><hr data-start=\"2355\" data-end=\"2358\" \/><p data-start=\"2360\" data-end=\"2396\"><span style=\"color: #424242;font-size: 15px\">Participar en este evento supuso una ocasi\u00f3n \u00fanica para compartir ideas, reencontrarnos con colegas y aprender de otros expertos. Agradecemos:<\/span><\/p><ul><li data-start=\"2615\" data-end=\"2702\">A los organizadores del evento por su meticulosa planificaci\u00f3n y apertura al di\u00e1logo.<\/li><li data-start=\"2705\" data-end=\"2782\">A los ponentes y moderadores por sus aportaciones rigurosas y estimulantes.<\/li><li data-start=\"2785\" data-end=\"2877\">A toda la audiencia presente (y virtual) por su inter\u00e9s, preguntas y participaci\u00f3n activa.<\/li><\/ul><p data-start=\"2977\" data-end=\"3114\"><img decoding=\"async\" class=\"emoji\" role=\"img\" src=\"https:\/\/s.w.org\/images\/core\/emoji\/16.0.1\/svg\/1f4f7.svg\" alt=\"\ud83d\udcf7\" \/> Aqu\u00ed acompa\u00f1an algunas fotos que retratan instantes del encuentro: escenarios, la audiencia, panelistas y momentos claves del di\u00e1logo.<\/p><p data-start=\"286\" data-end=\"732\">\u00a0<\/p>\t\t\t\t\t\t\t\t<\/div>\n\t\t\t\t<\/div>\n\t\t\t\t\t<\/div>\n\t\t<\/div>\n\t\t\t\t\t<\/div>\n\t\t<\/section>\n\t\t\t\t<section class=\"elementor-section elementor-top-section elementor-element elementor-element-46220a4 elementor-section-boxed elementor-section-height-default elementor-section-height-default\" data-id=\"46220a4\" data-element_type=\"section\" data-e-type=\"section\">\n\t\t\t\t\t\t<div class=\"elementor-container elementor-column-gap-default\">\n\t\t\t\t\t<div class=\"elementor-column elementor-col-33 elementor-top-column elementor-element elementor-element-850b5e9\" data-id=\"850b5e9\" data-element_type=\"column\" data-e-type=\"column\">\n\t\t\t<div class=\"elementor-widget-wrap elementor-element-populated\">\n\t\t\t\t\t\t<div class=\"elementor-element elementor-element-f4b6bf2 elementor-widget elementor-widget-image\" data-id=\"f4b6bf2\" data-element_type=\"widget\" data-e-type=\"widget\" data-widget_type=\"image.default\">\n\t\t\t\t<div class=\"elementor-widget-container\">\n\t\t\t\t\t\t\t\t\t\t\t\t\t\t\t<img fetchpriority=\"high\" decoding=\"async\" width=\"800\" height=\"600\" src=\"https:\/\/blogs.uned.es\/catedraunedlincoln\/wp-content\/uploads\/sites\/291\/2025\/09\/WhatsApp-Image-2025-09-25-at-20.09.15-1024x768.jpeg\" class=\"attachment-large size-large wp-image-3637\" alt=\"\" srcset=\"https:\/\/blogs.uned.es\/catedraunedlincoln\/wp-content\/uploads\/sites\/291\/2025\/09\/WhatsApp-Image-2025-09-25-at-20.09.15-1024x768.jpeg 1024w, https:\/\/blogs.uned.es\/catedraunedlincoln\/wp-content\/uploads\/sites\/291\/2025\/09\/WhatsApp-Image-2025-09-25-at-20.09.15-300x225.jpeg 300w, https:\/\/blogs.uned.es\/catedraunedlincoln\/wp-content\/uploads\/sites\/291\/2025\/09\/WhatsApp-Image-2025-09-25-at-20.09.15-768x576.jpeg 768w, https:\/\/blogs.uned.es\/catedraunedlincoln\/wp-content\/uploads\/sites\/291\/2025\/09\/WhatsApp-Image-2025-09-25-at-20.09.15-1536x1152.jpeg 1536w, https:\/\/blogs.uned.es\/catedraunedlincoln\/wp-content\/uploads\/sites\/291\/2025\/09\/WhatsApp-Image-2025-09-25-at-20.09.15.jpeg 2048w\" sizes=\"(max-width: 800px) 100vw, 800px\" \/>\t\t\t\t\t\t\t\t\t\t\t\t\t\t\t<\/div>\n\t\t\t\t<\/div>\n\t\t\t\t<div class=\"elementor-element elementor-element-812eec2 elementor-widget elementor-widget-image\" data-id=\"812eec2\" data-element_type=\"widget\" data-e-type=\"widget\" data-widget_type=\"image.default\">\n\t\t\t\t<div class=\"elementor-widget-container\">\n\t\t\t\t\t\t\t\t\t\t\t\t\t\t\t<img decoding=\"async\" width=\"768\" height=\"1024\" src=\"https:\/\/blogs.uned.es\/catedraunedlincoln\/wp-content\/uploads\/sites\/291\/2025\/09\/WhatsApp-Image-2025-09-25-at-20.09.15-1-768x1024.jpeg\" class=\"attachment-large size-large wp-image-3639\" alt=\"\" srcset=\"https:\/\/blogs.uned.es\/catedraunedlincoln\/wp-content\/uploads\/sites\/291\/2025\/09\/WhatsApp-Image-2025-09-25-at-20.09.15-1-768x1024.jpeg 768w, https:\/\/blogs.uned.es\/catedraunedlincoln\/wp-content\/uploads\/sites\/291\/2025\/09\/WhatsApp-Image-2025-09-25-at-20.09.15-1-225x300.jpeg 225w, https:\/\/blogs.uned.es\/catedraunedlincoln\/wp-content\/uploads\/sites\/291\/2025\/09\/WhatsApp-Image-2025-09-25-at-20.09.15-1-1152x1536.jpeg 1152w, https:\/\/blogs.uned.es\/catedraunedlincoln\/wp-content\/uploads\/sites\/291\/2025\/09\/WhatsApp-Image-2025-09-25-at-20.09.15-1.jpeg 1536w\" sizes=\"(max-width: 768px) 100vw, 768px\" \/>\t\t\t\t\t\t\t\t\t\t\t\t\t\t\t<\/div>\n\t\t\t\t<\/div>\n\t\t\t\t\t<\/div>\n\t\t<\/div>\n\t\t\t\t<div class=\"elementor-column elementor-col-33 elementor-top-column elementor-element elementor-element-0d41d16\" data-id=\"0d41d16\" data-element_type=\"column\" data-e-type=\"column\">\n\t\t\t<div class=\"elementor-widget-wrap elementor-element-populated\">\n\t\t\t\t\t\t<div class=\"elementor-element elementor-element-78a521f elementor-widget elementor-widget-image\" data-id=\"78a521f\" data-element_type=\"widget\" data-e-type=\"widget\" data-widget_type=\"image.default\">\n\t\t\t\t<div class=\"elementor-widget-container\">\n\t\t\t\t\t\t\t\t\t\t\t\t\t\t\t<img decoding=\"async\" width=\"800\" height=\"600\" src=\"https:\/\/blogs.uned.es\/catedraunedlincoln\/wp-content\/uploads\/sites\/291\/2025\/09\/WhatsApp-Image-2025-09-25-at-20.09.16-1-1024x768.jpeg\" class=\"attachment-large size-large wp-image-3641\" alt=\"\" srcset=\"https:\/\/blogs.uned.es\/catedraunedlincoln\/wp-content\/uploads\/sites\/291\/2025\/09\/WhatsApp-Image-2025-09-25-at-20.09.16-1-1024x768.jpeg 1024w, https:\/\/blogs.uned.es\/catedraunedlincoln\/wp-content\/uploads\/sites\/291\/2025\/09\/WhatsApp-Image-2025-09-25-at-20.09.16-1-300x225.jpeg 300w, https:\/\/blogs.uned.es\/catedraunedlincoln\/wp-content\/uploads\/sites\/291\/2025\/09\/WhatsApp-Image-2025-09-25-at-20.09.16-1-768x576.jpeg 768w, https:\/\/blogs.uned.es\/catedraunedlincoln\/wp-content\/uploads\/sites\/291\/2025\/09\/WhatsApp-Image-2025-09-25-at-20.09.16-1-1536x1152.jpeg 1536w, https:\/\/blogs.uned.es\/catedraunedlincoln\/wp-content\/uploads\/sites\/291\/2025\/09\/WhatsApp-Image-2025-09-25-at-20.09.16-1.jpeg 2048w\" sizes=\"(max-width: 800px) 100vw, 800px\" \/>\t\t\t\t\t\t\t\t\t\t\t\t\t\t\t<\/div>\n\t\t\t\t<\/div>\n\t\t\t\t<div class=\"elementor-element elementor-element-90e459e elementor-widget elementor-widget-image\" data-id=\"90e459e\" data-element_type=\"widget\" data-e-type=\"widget\" data-widget_type=\"image.default\">\n\t\t\t\t<div class=\"elementor-widget-container\">\n\t\t\t\t\t\t\t\t\t\t\t\t\t\t\t<img loading=\"lazy\" decoding=\"async\" width=\"768\" height=\"1024\" src=\"https:\/\/blogs.uned.es\/catedraunedlincoln\/wp-content\/uploads\/sites\/291\/2025\/09\/WhatsApp-Image-2025-09-25-at-20.09.15-2-768x1024.jpeg\" class=\"attachment-large size-large wp-image-3635\" alt=\"\" srcset=\"https:\/\/blogs.uned.es\/catedraunedlincoln\/wp-content\/uploads\/sites\/291\/2025\/09\/WhatsApp-Image-2025-09-25-at-20.09.15-2-768x1024.jpeg 768w, https:\/\/blogs.uned.es\/catedraunedlincoln\/wp-content\/uploads\/sites\/291\/2025\/09\/WhatsApp-Image-2025-09-25-at-20.09.15-2-225x300.jpeg 225w, https:\/\/blogs.uned.es\/catedraunedlincoln\/wp-content\/uploads\/sites\/291\/2025\/09\/WhatsApp-Image-2025-09-25-at-20.09.15-2-1152x1536.jpeg 1152w, https:\/\/blogs.uned.es\/catedraunedlincoln\/wp-content\/uploads\/sites\/291\/2025\/09\/WhatsApp-Image-2025-09-25-at-20.09.15-2.jpeg 1536w\" sizes=\"(max-width: 768px) 100vw, 768px\" \/>\t\t\t\t\t\t\t\t\t\t\t\t\t\t\t<\/div>\n\t\t\t\t<\/div>\n\t\t\t\t\t<\/div>\n\t\t<\/div>\n\t\t\t\t<div class=\"elementor-column elementor-col-33 elementor-top-column elementor-element elementor-element-851f479\" data-id=\"851f479\" data-element_type=\"column\" data-e-type=\"column\">\n\t\t\t<div class=\"elementor-widget-wrap\">\n\t\t\t\t\t\t\t<\/div>\n\t\t<\/div>\n\t\t\t\t\t<\/div>\n\t\t<\/section>\n\t\t\t\t<\/div>\n\t\t","protected":false},"excerpt":{"rendered":"<p>El pasado mi\u00e9rcoles 24 de septiembre, tuvimos el privilegio de participar en la Jornada de Presentaci\u00f3n del monogr\u00e1fico de la revista Ciudad y Territorio Estudios Territoriales (CyTET), bajo el t\u00edtulo \u201cUn repaso a 50 a\u00f1os de urbanismo en Espa\u00f1a: 1975-2025\u201d. En este acto, Marta Lora-Tamayo, directora del M\u00e1ster de Pol\u00edticas de Suelo, habl\u00f3 sobre las \u00abLegislaciones urban\u00edsticas de las CCAA\u00bb haciendo una visi\u00f3n de conjunto. Este n\u00famero especial de Ciudad y Territorio Estudios Territoriales \u2014el volumen 57, n\u00famero 224\u2014 propone un recorrido hist\u00f3rico, cr\u00edtico e interdisciplinar de medio siglo de urbanismo en Espa\u00f1a.\u00a0En particular, aborda c\u00f3mo han evolucionado las normas de suelo, las pol\u00edticas urban\u00edsticas auton\u00f3micas, las pr\u00e1cticas&hellip;<\/p>\n<p> <a class=\"more-link\" href=\"https:\/\/blogs.uned.es\/catedraunedlincoln\/jornada-de-presentacion-del-monografico-un-repaso-a-50-anos-de-urbanismo-en-espana-1975-2025\/\">Leer m\u00e1s<\/a><\/p>\n","protected":false},"author":7433,"featured_media":0,"comment_status":"open","ping_status":"open","sticky":false,"template":"","format":"standard","meta":{"_uag_custom_page_level_css":"","footnotes":""},"categories":[3],"tags":[],"class_list":{"0":"post-3631","1":"post","2":"type-post","3":"status-publish","4":"format-standard","6":"category-catedra"},"uagb_featured_image_src":{"full":false,"thumbnail":false,"medium":false,"medium_large":false,"large":false,"1536x1536":false,"2048x2048":false,"a13_navigation_image_size":false},"uagb_author_info":{"display_name":"Marta Lora-Tamayo","author_link":"https:\/\/blogs.uned.es\/catedraunedlincoln\/author\/mlorat\/"},"uagb_comment_info":0,"uagb_excerpt":"El pasado mi\u00e9rcoles 24 de septiembre, tuvimos el privilegio de participar en la Jornada de Presentaci\u00f3n del monogr\u00e1fico de la revista Ciudad y Territorio Estudios Territoriales (CyTET), bajo el t\u00edtulo \u201cUn repaso a 50 a\u00f1os de urbanismo en Espa\u00f1a: 1975-2025\u201d. En este acto, Marta Lora-Tamayo, directora del M\u00e1ster de Pol\u00edticas de Suelo, habl\u00f3 sobre las&hellip;","_links":{"self":[{"href":"https:\/\/blogs.uned.es\/catedraunedlincoln\/wp-json\/wp\/v2\/posts\/3631","targetHints":{"allow":["GET"]}}],"collection":[{"href":"https:\/\/blogs.uned.es\/catedraunedlincoln\/wp-json\/wp\/v2\/posts"}],"about":[{"href":"https:\/\/blogs.uned.es\/catedraunedlincoln\/wp-json\/wp\/v2\/types\/post"}],"author":[{"embeddable":true,"href":"https:\/\/blogs.uned.es\/catedraunedlincoln\/wp-json\/wp\/v2\/users\/7433"}],"replies":[{"embeddable":true,"href":"https:\/\/blogs.uned.es\/catedraunedlincoln\/wp-json\/wp\/v2\/comments?post=3631"}],"version-history":[{"count":4,"href":"https:\/\/blogs.uned.es\/catedraunedlincoln\/wp-json\/wp\/v2\/posts\/3631\/revisions"}],"predecessor-version":[{"id":3647,"href":"https:\/\/blogs.uned.es\/catedraunedlincoln\/wp-json\/wp\/v2\/posts\/3631\/revisions\/3647"}],"wp:attachment":[{"href":"https:\/\/blogs.uned.es\/catedraunedlincoln\/wp-json\/wp\/v2\/media?parent=3631"}],"wp:term":[{"taxonomy":"category","embeddable":true,"href":"https:\/\/blogs.uned.es\/catedraunedlincoln\/wp-json\/wp\/v2\/categories?post=3631"},{"taxonomy":"post_tag","embeddable":true,"href":"https:\/\/blogs.uned.es\/catedraunedlincoln\/wp-json\/wp\/v2\/tags?post=3631"}],"curies":[{"name":"wp","href":"https:\/\/api.w.org\/{rel}","templated":true}]}}