{"id":3415,"date":"2025-08-08T07:31:08","date_gmt":"2025-08-08T06:31:08","guid":{"rendered":"https:\/\/blogs.uned.es\/catedraunedlincoln\/?p=3415"},"modified":"2025-08-08T09:52:41","modified_gmt":"2025-08-08T08:52:41","slug":"gloria-henao-una-visita-que-dejo-huella-en-el-master-y-el-proyecto-bre-ins","status":"publish","type":"post","link":"https:\/\/blogs.uned.es\/catedraunedlincoln\/gloria-henao-una-visita-que-dejo-huella-en-el-master-y-el-proyecto-bre-ins\/","title":{"rendered":"Gloria Henao: una visita que dej\u00f3 huella en el M\u00e1ster y el proyecto BRE-INS"},"content":{"rendered":"\t\t<div data-elementor-type=\"wp-post\" data-elementor-id=\"3415\" class=\"elementor elementor-3415\">\n\t\t\t\t\t\t<section class=\"elementor-section elementor-top-section elementor-element elementor-element-cb5f436 elementor-section-boxed elementor-section-height-default elementor-section-height-default\" data-id=\"cb5f436\" data-element_type=\"section\" data-e-type=\"section\">\n\t\t\t\t\t\t<div class=\"elementor-container elementor-column-gap-default\">\n\t\t\t\t\t<div class=\"elementor-column elementor-col-100 elementor-top-column elementor-element elementor-element-48d685a\" data-id=\"48d685a\" data-element_type=\"column\" data-e-type=\"column\">\n\t\t\t<div class=\"elementor-widget-wrap elementor-element-populated\">\n\t\t\t\t\t\t<div class=\"elementor-element elementor-element-59b236a elementor-widget elementor-widget-text-editor\" data-id=\"59b236a\" data-element_type=\"widget\" data-e-type=\"widget\" data-widget_type=\"text-editor.default\">\n\t\t\t\t<div class=\"elementor-widget-container\">\n\t\t\t\t\t\t\t\t\t<p data-start=\"257\" data-end=\"649\">\u00a0queDurante los \u00faltimos tres meses hemos tenido el privilegio de contar con la presencia de la profesora <strong data-start=\"358\" data-end=\"374\">Gloria Henao<\/strong>, de la <strong data-start=\"382\" data-end=\"420\">Universidad del Rosario (Colombia)<\/strong>, como investigadora visitante en el marco del proyecto <strong data-start=\"476\" data-end=\"529\">BRECHAS INSTITUCIONALES DE LAS POL\u00cdTICAS DE SUELO<\/strong>, un encuentro iberoamericano de ciudades impulsado desde la <span data-start=\"590\" data-end=\"648\">C\u00e1tedra UNED \u2013 Instituto Lincoln de Pol\u00edticas de Suelo<\/span>.<\/p><p data-start=\"651\" data-end=\"853\">Su estancia ha sido intensa y muy productiva, y ha dejado una huella profunda tanto en el equipo de investigaci\u00f3n como en el alumnado del <strong data-start=\"789\" data-end=\"852\">M\u00e1ster en Pol\u00edticas de Suelo y Desarrollo Urbano Sostenible<\/strong>.<\/p><h3 data-start=\"855\" data-end=\"892\">Una mirada cr\u00edtica desde Colombia<\/h3><p data-start=\"894\" data-end=\"1163\">Durante su estancia, la profesora Henao ha trabajado en un <span data-start=\"953\" data-end=\"1047\">paper que analiza la distancia entre la ley y la pr\u00e1ctica en el contexto urbano colombiano<\/span>, aportando una perspectiva valiosa sobre los desaf\u00edos institucionales que enfrentan las ciudades en Am\u00e9rica Latina.<\/p><p data-start=\"1165\" data-end=\"1461\">Adem\u00e1s, nos regal\u00f3 una <span data-start=\"1188\" data-end=\"1257\">entrevista en profundidad sobre participaci\u00f3n en el \u00e1mbito urban\u00edstico<\/span>, en la que abord\u00f3 la importancia de involucrar a la ciudadan\u00eda en la transformaci\u00f3n de los entornos urbanos, as\u00ed como las limitaciones y posibilidades que enfrenta este enfoque en el contexto colombiano.<\/p><h3 data-start=\"1597\" data-end=\"1635\">Una aportaci\u00f3n clave a la docencia<\/h3><p data-start=\"1637\" data-end=\"1956\">Como parte de su colaboraci\u00f3n, tambi\u00e9n grab\u00f3 una serie de <strong data-start=\"1695\" data-end=\"1750\">video clases sobre el modelo urban\u00edstico colombiano que estar\u00e1n disponibles para los alumnos del M\u00e1ster de Pol\u00edticas de Suelo y Desarrollo Urbano Sostenible.<\/strong>\u00a0Estas clases enriquecen el programa con una visi\u00f3n directa, actualizada y comparada de uno de los sistemas urbanos m\u00e1s din\u00e1micos de Am\u00e9rica Latina.<\/p>\t\t\t\t\t\t\t\t<\/div>\n\t\t\t\t<\/div>\n\t\t\t\t\t<\/div>\n\t\t<\/div>\n\t\t\t\t\t<\/div>\n\t\t<\/section>\n\t\t\t\t<section class=\"elementor-section elementor-top-section elementor-element elementor-element-1e7cc7c elementor-section-boxed elementor-section-height-default elementor-section-height-default\" data-id=\"1e7cc7c\" data-element_type=\"section\" data-e-type=\"section\">\n\t\t\t\t\t\t<div class=\"elementor-container elementor-column-gap-default\">\n\t\t\t\t\t<div class=\"elementor-column elementor-col-50 elementor-top-column elementor-element elementor-element-6454947\" data-id=\"6454947\" data-element_type=\"column\" data-e-type=\"column\">\n\t\t\t<div class=\"elementor-widget-wrap elementor-element-populated\">\n\t\t\t\t\t\t<div class=\"elementor-element elementor-element-5aff446 elementor-widget elementor-widget-image\" data-id=\"5aff446\" data-element_type=\"widget\" data-e-type=\"widget\" data-widget_type=\"image.default\">\n\t\t\t\t<div class=\"elementor-widget-container\">\n\t\t\t\t\t\t\t\t\t\t\t\t\t\t\t\t<a href=\"https:\/\/canal.uned.es\/video\/6852694de2725e390c0ee098\">\n\t\t\t\t\t\t\t<img fetchpriority=\"high\" decoding=\"async\" width=\"800\" height=\"450\" src=\"https:\/\/blogs.uned.es\/catedraunedlincoln\/wp-content\/uploads\/sites\/291\/2025\/08\/Diseno-sin-titulo-3-1024x576.jpg\" class=\"attachment-large size-large wp-image-3455\" alt=\"\" srcset=\"https:\/\/blogs.uned.es\/catedraunedlincoln\/wp-content\/uploads\/sites\/291\/2025\/08\/Diseno-sin-titulo-3-1024x576.jpg 1024w, https:\/\/blogs.uned.es\/catedraunedlincoln\/wp-content\/uploads\/sites\/291\/2025\/08\/Diseno-sin-titulo-3-300x169.jpg 300w, https:\/\/blogs.uned.es\/catedraunedlincoln\/wp-content\/uploads\/sites\/291\/2025\/08\/Diseno-sin-titulo-3-768x432.jpg 768w, https:\/\/blogs.uned.es\/catedraunedlincoln\/wp-content\/uploads\/sites\/291\/2025\/08\/Diseno-sin-titulo-3.jpg 1280w\" sizes=\"(max-width: 800px) 100vw, 800px\" \/>\t\t\t\t\t\t\t\t<\/a>\n\t\t\t\t\t\t\t\t\t\t\t\t\t\t\t<\/div>\n\t\t\t\t<\/div>\n\t\t\t\t\t<\/div>\n\t\t<\/div>\n\t\t\t\t<div class=\"elementor-column elementor-col-50 elementor-top-column elementor-element elementor-element-59eb692\" data-id=\"59eb692\" data-element_type=\"column\" data-e-type=\"column\">\n\t\t\t<div class=\"elementor-widget-wrap\">\n\t\t\t\t\t\t\t<\/div>\n\t\t<\/div>\n\t\t\t\t\t<\/div>\n\t\t<\/section>\n\t\t\t\t<\/div>\n\t\t","protected":false},"excerpt":{"rendered":"<p>\u00a0queDurante los \u00faltimos tres meses hemos tenido el privilegio de contar con la presencia de la profesora Gloria Henao, de la Universidad del Rosario (Colombia), como investigadora visitante en el marco del proyecto BRECHAS INSTITUCIONALES DE LAS POL\u00cdTICAS DE SUELO, un encuentro iberoamericano de ciudades impulsado desde la C\u00e1tedra UNED \u2013 Instituto Lincoln de Pol\u00edticas de Suelo. Su estancia ha sido intensa y muy productiva, y ha dejado una huella profunda tanto en el equipo de investigaci\u00f3n como en el alumnado del M\u00e1ster en Pol\u00edticas de Suelo y Desarrollo Urbano Sostenible. Una mirada cr\u00edtica desde Colombia Durante su estancia, la profesora Henao ha trabajado en un paper que&hellip;<\/p>\n<p> <a class=\"more-link\" href=\"https:\/\/blogs.uned.es\/catedraunedlincoln\/gloria-henao-una-visita-que-dejo-huella-en-el-master-y-el-proyecto-bre-ins\/\">Leer m\u00e1s<\/a><\/p>\n","protected":false},"author":7433,"featured_media":3437,"comment_status":"open","ping_status":"open","sticky":false,"template":"","format":"standard","meta":{"_uag_custom_page_level_css":"","footnotes":""},"categories":[3],"tags":[],"class_list":{"0":"post-3415","1":"post","2":"type-post","3":"status-publish","4":"format-standard","5":"has-post-thumbnail","7":"category-catedra"},"uagb_featured_image_src":{"full":["https:\/\/blogs.uned.es\/catedraunedlincoln\/wp-content\/uploads\/sites\/291\/2025\/08\/IMG_20250617_121946-scaled.jpg",2560,1920,false],"thumbnail":["https:\/\/blogs.uned.es\/catedraunedlincoln\/wp-content\/uploads\/sites\/291\/2025\/08\/IMG_20250617_121946-150x150.jpg",150,150,true],"medium":["https:\/\/blogs.uned.es\/catedraunedlincoln\/wp-content\/uploads\/sites\/291\/2025\/08\/IMG_20250617_121946-300x225.jpg",300,225,true],"medium_large":["https:\/\/blogs.uned.es\/catedraunedlincoln\/wp-content\/uploads\/sites\/291\/2025\/08\/IMG_20250617_121946-768x576.jpg",768,576,true],"large":["https:\/\/blogs.uned.es\/catedraunedlincoln\/wp-content\/uploads\/sites\/291\/2025\/08\/IMG_20250617_121946-1024x768.jpg",800,600,true],"1536x1536":["https:\/\/blogs.uned.es\/catedraunedlincoln\/wp-content\/uploads\/sites\/291\/2025\/08\/IMG_20250617_121946-1536x1152.jpg",1536,1152,true],"2048x2048":["https:\/\/blogs.uned.es\/catedraunedlincoln\/wp-content\/uploads\/sites\/291\/2025\/08\/IMG_20250617_121946-2048x1536.jpg",2048,1536,true],"a13_navigation_image_size":["https:\/\/blogs.uned.es\/catedraunedlincoln\/wp-content\/uploads\/sites\/291\/2025\/08\/IMG_20250617_121946-245x100.jpg",245,100,true]},"uagb_author_info":{"display_name":"Marta Lora-Tamayo","author_link":"https:\/\/blogs.uned.es\/catedraunedlincoln\/author\/mlorat\/"},"uagb_comment_info":0,"uagb_excerpt":"\u00a0queDurante los \u00faltimos tres meses hemos tenido el privilegio de contar con la presencia de la profesora Gloria Henao, de la Universidad del Rosario (Colombia), como investigadora visitante en el marco del proyecto BRECHAS INSTITUCIONALES DE LAS POL\u00cdTICAS DE SUELO, un encuentro iberoamericano de ciudades impulsado desde la C\u00e1tedra UNED \u2013 Instituto Lincoln de Pol\u00edticas&hellip;","_links":{"self":[{"href":"https:\/\/blogs.uned.es\/catedraunedlincoln\/wp-json\/wp\/v2\/posts\/3415","targetHints":{"allow":["GET"]}}],"collection":[{"href":"https:\/\/blogs.uned.es\/catedraunedlincoln\/wp-json\/wp\/v2\/posts"}],"about":[{"href":"https:\/\/blogs.uned.es\/catedraunedlincoln\/wp-json\/wp\/v2\/types\/post"}],"author":[{"embeddable":true,"href":"https:\/\/blogs.uned.es\/catedraunedlincoln\/wp-json\/wp\/v2\/users\/7433"}],"replies":[{"embeddable":true,"href":"https:\/\/blogs.uned.es\/catedraunedlincoln\/wp-json\/wp\/v2\/comments?post=3415"}],"version-history":[{"count":16,"href":"https:\/\/blogs.uned.es\/catedraunedlincoln\/wp-json\/wp\/v2\/posts\/3415\/revisions"}],"predecessor-version":[{"id":3461,"href":"https:\/\/blogs.uned.es\/catedraunedlincoln\/wp-json\/wp\/v2\/posts\/3415\/revisions\/3461"}],"wp:featuredmedia":[{"embeddable":true,"href":"https:\/\/blogs.uned.es\/catedraunedlincoln\/wp-json\/wp\/v2\/media\/3437"}],"wp:attachment":[{"href":"https:\/\/blogs.uned.es\/catedraunedlincoln\/wp-json\/wp\/v2\/media?parent=3415"}],"wp:term":[{"taxonomy":"category","embeddable":true,"href":"https:\/\/blogs.uned.es\/catedraunedlincoln\/wp-json\/wp\/v2\/categories?post=3415"},{"taxonomy":"post_tag","embeddable":true,"href":"https:\/\/blogs.uned.es\/catedraunedlincoln\/wp-json\/wp\/v2\/tags?post=3415"}],"curies":[{"name":"wp","href":"https:\/\/api.w.org\/{rel}","templated":true}]}}