{"id":1947,"date":"2023-03-09T19:55:53","date_gmt":"2023-03-09T18:55:53","guid":{"rendered":"https:\/\/blogs.uned.es\/catedraunedlincoln\/?p=1947"},"modified":"2023-03-09T19:55:54","modified_gmt":"2023-03-09T18:55:54","slug":"programa-anual-de-becas-y-ayudas-convocatoria-2023-catedra-barcelona-destudis-dhabitatge","status":"publish","type":"post","link":"https:\/\/blogs.uned.es\/catedraunedlincoln\/programa-anual-de-becas-y-ayudas-convocatoria-2023-catedra-barcelona-destudis-dhabitatge\/","title":{"rendered":"Programa anual de becas y ayudas convocatoria 2023 C\u00e0tedra Barcelona d\u00b4Estudis d\u00b4Habitatge"},"content":{"rendered":"\n<figure class=\"wp-block-image size-large\"><img fetchpriority=\"high\" decoding=\"async\" width=\"1024\" height=\"325\" src=\"https:\/\/blogs.uned.es\/catedraunedlincoln\/wp-content\/uploads\/sites\/291\/2023\/03\/becas_barcelona-1024x325.png\" alt=\"\" class=\"wp-image-1949\" srcset=\"https:\/\/blogs.uned.es\/catedraunedlincoln\/wp-content\/uploads\/sites\/291\/2023\/03\/becas_barcelona-1024x325.png 1024w, https:\/\/blogs.uned.es\/catedraunedlincoln\/wp-content\/uploads\/sites\/291\/2023\/03\/becas_barcelona-300x95.png 300w, https:\/\/blogs.uned.es\/catedraunedlincoln\/wp-content\/uploads\/sites\/291\/2023\/03\/becas_barcelona-768x244.png 768w, https:\/\/blogs.uned.es\/catedraunedlincoln\/wp-content\/uploads\/sites\/291\/2023\/03\/becas_barcelona-1536x488.png 1536w, https:\/\/blogs.uned.es\/catedraunedlincoln\/wp-content\/uploads\/sites\/291\/2023\/03\/becas_barcelona.png 1680w\" sizes=\"(max-width: 1024px) 100vw, 1024px\" \/><\/figure>\n\n\n\n<p>Se ha aprobado el programa anual de becas y ayudas a la investigaci\u00f3n de la C\u00e1tedra Barcelona de Estudios de Vivienda, dirigido a apoyar a personas investigadoras en sus tareas de producci\u00f3n y divulgaci\u00f3n de conocimiento en todos los \u00e1mbitos tem\u00e1ticos relacionados con la vivienda.&nbsp;La fecha l\u00edmite de admisi\u00f3n de solicitudes ser\u00e1 el martes 11 de abril de 2023<\/p>\n\n\n\n<p>M\u00e1s informaci\u00f3n&nbsp;<a href=\"https:\/\/www.aepda.es\/AEPDAEntrada-3902-Programa-anual-de-becas-y-ayudas-convocatoria-2023--Catedra-Barcelona-dEstudis-dHabitatge.aspx\" target=\"_blank\" rel=\"noreferrer noopener\">https:\/\/www.aepda.es\/AEPDAEntrada-3902-Programa-anual-de-becas-y-ayudas-convocatoria-2023&#8211;Catedra-Barcelona-dEstudis-dHabitatge.aspx<\/a><\/p>\n","protected":false},"excerpt":{"rendered":"<p>Se ha aprobado el programa anual de becas y ayudas a la investigaci\u00f3n de la C\u00e1tedra Barcelona de Estudios de Vivienda, dirigido a apoyar a personas investigadoras en sus tareas de producci\u00f3n y divulgaci\u00f3n de conocimiento en todos los \u00e1mbitos tem\u00e1ticos relacionados con la vivienda.&nbsp;La fecha l\u00edmite de admisi\u00f3n de solicitudes ser\u00e1 el martes 11 de abril de 2023 M\u00e1s informaci\u00f3n&nbsp;https:\/\/www.aepda.es\/AEPDAEntrada-3902-Programa-anual-de-becas-y-ayudas-convocatoria-2023&#8211;Catedra-Barcelona-dEstudis-dHabitatge.aspx<\/p>\n","protected":false},"author":7435,"featured_media":0,"comment_status":"open","ping_status":"open","sticky":false,"template":"","format":"standard","meta":{"_uag_custom_page_level_css":"","footnotes":""},"categories":[3],"tags":[],"class_list":{"0":"post-1947","1":"post","2":"type-post","3":"status-publish","4":"format-standard","6":"category-catedra"},"uagb_featured_image_src":{"full":false,"thumbnail":false,"medium":false,"medium_large":false,"large":false,"1536x1536":false,"2048x2048":false,"a13_navigation_image_size":false},"uagb_author_info":{"display_name":"Pedro Marauri","author_link":"https:\/\/blogs.uned.es\/catedraunedlincoln\/author\/pedromarauri\/"},"uagb_comment_info":0,"uagb_excerpt":"Se ha aprobado el programa anual de becas y ayudas a la investigaci\u00f3n de la C\u00e1tedra Barcelona de Estudios de Vivienda, dirigido a apoyar a personas investigadoras en sus tareas de producci\u00f3n y divulgaci\u00f3n de conocimiento en todos los \u00e1mbitos tem\u00e1ticos relacionados con la vivienda.&nbsp;La fecha l\u00edmite de admisi\u00f3n de solicitudes ser\u00e1 el martes 11&hellip;","_links":{"self":[{"href":"https:\/\/blogs.uned.es\/catedraunedlincoln\/wp-json\/wp\/v2\/posts\/1947","targetHints":{"allow":["GET"]}}],"collection":[{"href":"https:\/\/blogs.uned.es\/catedraunedlincoln\/wp-json\/wp\/v2\/posts"}],"about":[{"href":"https:\/\/blogs.uned.es\/catedraunedlincoln\/wp-json\/wp\/v2\/types\/post"}],"author":[{"embeddable":true,"href":"https:\/\/blogs.uned.es\/catedraunedlincoln\/wp-json\/wp\/v2\/users\/7435"}],"replies":[{"embeddable":true,"href":"https:\/\/blogs.uned.es\/catedraunedlincoln\/wp-json\/wp\/v2\/comments?post=1947"}],"version-history":[{"count":1,"href":"https:\/\/blogs.uned.es\/catedraunedlincoln\/wp-json\/wp\/v2\/posts\/1947\/revisions"}],"predecessor-version":[{"id":1951,"href":"https:\/\/blogs.uned.es\/catedraunedlincoln\/wp-json\/wp\/v2\/posts\/1947\/revisions\/1951"}],"wp:attachment":[{"href":"https:\/\/blogs.uned.es\/catedraunedlincoln\/wp-json\/wp\/v2\/media?parent=1947"}],"wp:term":[{"taxonomy":"category","embeddable":true,"href":"https:\/\/blogs.uned.es\/catedraunedlincoln\/wp-json\/wp\/v2\/categories?post=1947"},{"taxonomy":"post_tag","embeddable":true,"href":"https:\/\/blogs.uned.es\/catedraunedlincoln\/wp-json\/wp\/v2\/tags?post=1947"}],"curies":[{"name":"wp","href":"https:\/\/api.w.org\/{rel}","templated":true}]}}