{"id":1683,"date":"2022-10-30T22:45:09","date_gmt":"2022-10-30T21:45:09","guid":{"rendered":"https:\/\/blogs.uned.es\/catedraunedlincoln\/?p=1683"},"modified":"2022-10-31T12:25:36","modified_gmt":"2022-10-31T11:25:36","slug":"la-uned-y-el-instituto-lincoln-prorrogan-el-convenio-que-sustenta-la-catedra-conjunta-de-politicas-de-suelo","status":"publish","type":"post","link":"https:\/\/blogs.uned.es\/catedraunedlincoln\/la-uned-y-el-instituto-lincoln-prorrogan-el-convenio-que-sustenta-la-catedra-conjunta-de-politicas-de-suelo\/","title":{"rendered":"La UNED y el Instituto Lincoln prorrogan el convenio que sustenta la C\u00e1tedra conjunta de Pol\u00edticas de Suelo"},"content":{"rendered":"<div class=\"wp-block-image is-style-default\">\n<figure class=\"aligncenter size-full\"><a href=\"https:\/\/comunicacion.uned.es\/news\/show\/90475\/la-uned-y-el-instituto-lincoln-prorrogan-el-convenio-que-sustenta-la-catedra-conjunta-de-politicas-.html\"><img fetchpriority=\"high\" decoding=\"async\" width=\"920\" height=\"613\" src=\"https:\/\/blogs.uned.es\/catedraunedlincoln\/wp-content\/uploads\/sites\/291\/2022\/10\/uned_linccoln_firma_2022.jpg\" alt=\"\" class=\"wp-image-1685\" srcset=\"https:\/\/blogs.uned.es\/catedraunedlincoln\/wp-content\/uploads\/sites\/291\/2022\/10\/uned_linccoln_firma_2022.jpg 920w, https:\/\/blogs.uned.es\/catedraunedlincoln\/wp-content\/uploads\/sites\/291\/2022\/10\/uned_linccoln_firma_2022-300x200.jpg 300w, https:\/\/blogs.uned.es\/catedraunedlincoln\/wp-content\/uploads\/sites\/291\/2022\/10\/uned_linccoln_firma_2022-768x512.jpg 768w\" sizes=\"(max-width: 920px) 100vw, 920px\" \/><\/a><\/figure>\n<\/div>\n\n\n<p><strong>El rector de la UNED, Ricardo Mairal, y el presidente del Instituto Lincoln, George McCarthy, han firmado el acuerdo en un acto que coincide con la celebraci\u00f3n del 50 Aniversario de la universidad y del 75 Aniversario del instituto.&nbsp;<\/strong><a href=\"https:\/\/www.uned.es\/universidad\/docentes\/derecho\/marta-lora-tamayo-vallve.html\"><strong>Marta Lora Tamayo<\/strong><\/a><strong>, catedr\u00e1tica de Derecho de la UNED y directora de la C\u00e1tedra, y&nbsp;<\/strong><a href=\"https:\/\/www.lincolninst.edu\/es\/about-lincoln-institute\/people\/enrique-silva\"><strong>Enrique Silva<\/strong><\/a><strong>, director de Iniciativas Internacionales del&nbsp;<em>Lincoln Institute of Land Policy<\/em>&nbsp;y codirector de la C\u00e1tedra, han recordado los objetivos de la misma y han presentado a su nuevo Consejo Asesor, que acoge relevantes personalidades del mundo acad\u00e9mico, institucional y empresarial para el fomento de redes latinaomericanas y europeas de difusi\u00f3n, transmisi\u00f3n y divulgaci\u00f3n del conocimiento en materia de Pol\u00edticas de Suelo.<\/strong><\/p>\n\n\n\n<a href=\"https:\/\/comunicacion.uned.es\/news\/show\/90475\/la-uned-y-el-instituto-lincoln-prorrogan-el-convenio-que-sustenta-la-catedra-conjunta-de-politicas-.html\">La UNED y el Instituto Lincoln prorrogan el convenio que sustenta la C\u00e1tedra conjunta de Pol\u00edticas de Suelo<\/a>\n\n\n<div class=\"wp-block-image\">\n<figure class=\"aligncenter size-large\"><img decoding=\"async\" width=\"1024\" height=\"683\" src=\"https:\/\/blogs.uned.es\/catedraunedlincoln\/wp-content\/uploads\/sites\/291\/2022\/10\/firma-uned_lilp-1024x683.jpeg\" alt=\"\" class=\"wp-image-1701\" srcset=\"https:\/\/blogs.uned.es\/catedraunedlincoln\/wp-content\/uploads\/sites\/291\/2022\/10\/firma-uned_lilp-1024x683.jpeg 1024w, https:\/\/blogs.uned.es\/catedraunedlincoln\/wp-content\/uploads\/sites\/291\/2022\/10\/firma-uned_lilp-300x200.jpeg 300w, https:\/\/blogs.uned.es\/catedraunedlincoln\/wp-content\/uploads\/sites\/291\/2022\/10\/firma-uned_lilp-768x512.jpeg 768w, https:\/\/blogs.uned.es\/catedraunedlincoln\/wp-content\/uploads\/sites\/291\/2022\/10\/firma-uned_lilp-1536x1024.jpeg 1536w, https:\/\/blogs.uned.es\/catedraunedlincoln\/wp-content\/uploads\/sites\/291\/2022\/10\/firma-uned_lilp-2048x1365.jpeg 2048w\" sizes=\"(max-width: 1024px) 100vw, 1024px\" \/><\/figure>\n<\/div>\n\n\n<p><a href=\"https:\/\/canal.uned.es\/series\/62fed9fc6f3c003d70717c4e\">Ver la grabaci\u00f3n del evento en l\u00ednea<\/a><\/p>\n","protected":false},"excerpt":{"rendered":"<p>El rector de la UNED, Ricardo Mairal, y el presidente del Instituto Lincoln, George McCarthy, han firmado el acuerdo en un acto que coincide con la celebraci\u00f3n del 50 Aniversario de la universidad y del 75 Aniversario del instituto.&nbsp;Marta Lora Tamayo, catedr\u00e1tica de Derecho de la UNED y directora de la C\u00e1tedra, y&nbsp;Enrique Silva, director de Iniciativas Internacionales del&nbsp;Lincoln Institute of Land Policy&nbsp;y codirector de la C\u00e1tedra, han recordado los objetivos de la misma y han presentado a su nuevo Consejo Asesor, que acoge relevantes personalidades del mundo acad\u00e9mico, institucional y empresarial para el fomento de redes latinaomericanas y europeas de difusi\u00f3n, transmisi\u00f3n y divulgaci\u00f3n del conocimiento en&hellip;<\/p>\n<p> <a class=\"more-link\" href=\"https:\/\/blogs.uned.es\/catedraunedlincoln\/la-uned-y-el-instituto-lincoln-prorrogan-el-convenio-que-sustenta-la-catedra-conjunta-de-politicas-de-suelo\/\">Leer m\u00e1s<\/a><\/p>\n","protected":false},"author":7435,"featured_media":0,"comment_status":"open","ping_status":"open","sticky":false,"template":"","format":"standard","meta":{"_uag_custom_page_level_css":"","footnotes":""},"categories":[3],"tags":[],"class_list":{"0":"post-1683","1":"post","2":"type-post","3":"status-publish","4":"format-standard","6":"category-catedra"},"uagb_featured_image_src":{"full":false,"thumbnail":false,"medium":false,"medium_large":false,"large":false,"1536x1536":false,"2048x2048":false,"a13_navigation_image_size":false},"uagb_author_info":{"display_name":"Pedro Marauri","author_link":"https:\/\/blogs.uned.es\/catedraunedlincoln\/author\/pedromarauri\/"},"uagb_comment_info":0,"uagb_excerpt":"El rector de la UNED, Ricardo Mairal, y el presidente del Instituto Lincoln, George McCarthy, han firmado el acuerdo en un acto que coincide con la celebraci\u00f3n del 50 Aniversario de la universidad y del 75 Aniversario del instituto.&nbsp;Marta Lora Tamayo, catedr\u00e1tica de Derecho de la UNED y directora de la C\u00e1tedra, y&nbsp;Enrique Silva, director&hellip;","_links":{"self":[{"href":"https:\/\/blogs.uned.es\/catedraunedlincoln\/wp-json\/wp\/v2\/posts\/1683","targetHints":{"allow":["GET"]}}],"collection":[{"href":"https:\/\/blogs.uned.es\/catedraunedlincoln\/wp-json\/wp\/v2\/posts"}],"about":[{"href":"https:\/\/blogs.uned.es\/catedraunedlincoln\/wp-json\/wp\/v2\/types\/post"}],"author":[{"embeddable":true,"href":"https:\/\/blogs.uned.es\/catedraunedlincoln\/wp-json\/wp\/v2\/users\/7435"}],"replies":[{"embeddable":true,"href":"https:\/\/blogs.uned.es\/catedraunedlincoln\/wp-json\/wp\/v2\/comments?post=1683"}],"version-history":[{"count":5,"href":"https:\/\/blogs.uned.es\/catedraunedlincoln\/wp-json\/wp\/v2\/posts\/1683\/revisions"}],"predecessor-version":[{"id":1715,"href":"https:\/\/blogs.uned.es\/catedraunedlincoln\/wp-json\/wp\/v2\/posts\/1683\/revisions\/1715"}],"wp:attachment":[{"href":"https:\/\/blogs.uned.es\/catedraunedlincoln\/wp-json\/wp\/v2\/media?parent=1683"}],"wp:term":[{"taxonomy":"category","embeddable":true,"href":"https:\/\/blogs.uned.es\/catedraunedlincoln\/wp-json\/wp\/v2\/categories?post=1683"},{"taxonomy":"post_tag","embeddable":true,"href":"https:\/\/blogs.uned.es\/catedraunedlincoln\/wp-json\/wp\/v2\/tags?post=1683"}],"curies":[{"name":"wp","href":"https:\/\/api.w.org\/{rel}","templated":true}]}}