{"id":557,"date":"2021-07-15T19:43:03","date_gmt":"2021-07-15T17:43:03","guid":{"rendered":"https:\/\/blogs.uned.es\/catedraunedfuenlabrada\/?p=557"},"modified":"2021-07-16T03:29:29","modified_gmt":"2021-07-16T01:29:29","slug":"ejemplo-pedro","status":"publish","type":"post","link":"https:\/\/blogs.uned.es\/catedraunedfuenlabrada\/ejemplo-pedro\/","title":{"rendered":"Nace la primera C\u00e1tedra universitaria sobre Innovaci\u00f3n en Servicios Sociales y Dependencia, creada en Fuenlabrada"},"content":{"rendered":"\n<p class=\"wp-block-paragraph\"><strong>El alcalde de Fuenlabrada, Javier Ayala, el presidente de la Asociaci\u00f3n de Gerentes de Servicios Sociales&nbsp;<a rel=\"noreferrer noopener\" href=\"https:\/\/gestionydependencia.com\/noticia\/2565\/actualidad\/jose-manuel-ramirez-designado-director-plan-investigacion-de-servicios-sociales.html\" target=\"_blank\">Jos\u00e9 Manuel Ram\u00edrez<\/a>&nbsp;y la vicerrectora primera y de Investigaci\u00f3n, Transferencia del Conocimiento y Divulgaci\u00f3n Cient\u00edfica de la UNED,&nbsp;<a rel=\"noreferrer noopener\" href=\"http:\/\/portal.uned.es\/portal\/page?_pageid=93,69899817&amp;_dad=portal&amp;_schema=PORTAL\" target=\"_blank\">Rosa Mar\u00eda Mart\u00edn<\/a>, han firmado el convenio para la creaci\u00f3n de la C\u00e1tedra universitaria sobre Innovaci\u00f3n en Servicios Sociales y Dependencia. Entre sus objetivos se incluye redefinir estrategias de atenci\u00f3n, consignar las buenas pr\u00e1cticas y adaptarse a las necesidades de la poblaci\u00f3n, apoyados en la investigaci\u00f3n, formaci\u00f3n, e innovaci\u00f3n de un sector que se ocupa, cada d\u00eda, en todo el pa\u00eds, de 8 millones de personas, acogidas a distintos grados de atenci\u00f3n y\/o dependencia.<\/strong><\/p>\n\n\n\n<p class=\"wp-block-paragraph\"><a href=\"http:\/\/portal.uned.es\/portal\/page?_pageid=93,71424011&amp;_dad=portal&amp;_schema=PORTAL\" target=\"_blank\" rel=\"noreferrer noopener\">Acceso a la noticia <\/a><\/p>\n","protected":false},"excerpt":{"rendered":"<p>El alcalde de Fuenlabrada, Javier Ayala, el presidente de la Asociaci\u00f3n de Gerentes de Servicios Sociales&nbsp;Jos\u00e9 Manuel Ram\u00edrez&nbsp;y la vicerrectora primera y de Investigaci\u00f3n, Transferencia del Conocimiento y Divulgaci\u00f3n Cient\u00edfica de la UNED,&nbsp;Rosa Mar\u00eda Mart\u00edn, han firmado el convenio para la creaci\u00f3n de la C\u00e1tedra universitaria sobre Innovaci\u00f3n en Servicios Sociales y Dependencia. Entre sus objetivos se incluye redefinir estrategias de atenci\u00f3n, consignar las buenas pr\u00e1cticas y adaptarse a las necesidades de la poblaci\u00f3n, apoyados en la investigaci\u00f3n, formaci\u00f3n, e innovaci\u00f3n de un sector que se ocupa, cada d\u00eda, en todo el pa\u00eds, de 8 millones de personas, acogidas a&hellip;<\/p>\n<p> <a class=\"more-link\" href=\"https:\/\/blogs.uned.es\/catedraunedfuenlabrada\/ejemplo-pedro\/\">Leer m\u00e1s<\/a><\/p>\n","protected":false},"author":7479,"featured_media":615,"comment_status":"closed","ping_status":"open","sticky":false,"template":"","format":"standard","meta":{"footnotes":""},"categories":[7],"tags":[],"class_list":["post-557","post","type-post","status-publish","format-standard","has-post-thumbnail","category-catedra"],"_links":{"self":[{"href":"https:\/\/blogs.uned.es\/catedraunedfuenlabrada\/wp-json\/wp\/v2\/posts\/557","targetHints":{"allow":["GET"]}}],"collection":[{"href":"https:\/\/blogs.uned.es\/catedraunedfuenlabrada\/wp-json\/wp\/v2\/posts"}],"about":[{"href":"https:\/\/blogs.uned.es\/catedraunedfuenlabrada\/wp-json\/wp\/v2\/types\/post"}],"author":[{"embeddable":true,"href":"https:\/\/blogs.uned.es\/catedraunedfuenlabrada\/wp-json\/wp\/v2\/users\/7479"}],"replies":[{"embeddable":true,"href":"https:\/\/blogs.uned.es\/catedraunedfuenlabrada\/wp-json\/wp\/v2\/comments?post=557"}],"version-history":[{"count":4,"href":"https:\/\/blogs.uned.es\/catedraunedfuenlabrada\/wp-json\/wp\/v2\/posts\/557\/revisions"}],"predecessor-version":[{"id":625,"href":"https:\/\/blogs.uned.es\/catedraunedfuenlabrada\/wp-json\/wp\/v2\/posts\/557\/revisions\/625"}],"wp:featuredmedia":[{"embeddable":true,"href":"https:\/\/blogs.uned.es\/catedraunedfuenlabrada\/wp-json\/wp\/v2\/media\/615"}],"wp:attachment":[{"href":"https:\/\/blogs.uned.es\/catedraunedfuenlabrada\/wp-json\/wp\/v2\/media?parent=557"}],"wp:term":[{"taxonomy":"category","embeddable":true,"href":"https:\/\/blogs.uned.es\/catedraunedfuenlabrada\/wp-json\/wp\/v2\/categories?post=557"},{"taxonomy":"post_tag","embeddable":true,"href":"https:\/\/blogs.uned.es\/catedraunedfuenlabrada\/wp-json\/wp\/v2\/tags?post=557"}],"curies":[{"name":"wp","href":"https:\/\/api.w.org\/{rel}","templated":true}]}}