{"id":3767,"date":"2023-03-01T11:05:10","date_gmt":"2023-03-01T10:05:10","guid":{"rendered":"https:\/\/blogs.uned.es\/catedraunedfuenlabrada\/?p=3767"},"modified":"2023-04-04T13:21:21","modified_gmt":"2023-04-04T11:21:21","slug":"2o-congreso-nacional-de-atencion-domiciliaria","status":"publish","type":"post","link":"https:\/\/blogs.uned.es\/catedraunedfuenlabrada\/2o-congreso-nacional-de-atencion-domiciliaria\/","title":{"rendered":"2\u00ba Congreso Nacional de Atenci\u00f3n Domiciliaria"},"content":{"rendered":"\t\t<div data-elementor-type=\"wp-post\" data-elementor-id=\"3767\" class=\"elementor elementor-3767\">\n\t\t\t\t\t\t<section class=\"elementor-section elementor-top-section elementor-element elementor-element-eb4178c elementor-section-boxed elementor-section-height-default elementor-section-height-default\" data-id=\"eb4178c\" data-element_type=\"section\" data-e-type=\"section\">\n\t\t\t\t\t\t<div class=\"elementor-container elementor-column-gap-default\">\n\t\t\t\t\t<div class=\"elementor-column elementor-col-100 elementor-top-column elementor-element elementor-element-5022a61\" data-id=\"5022a61\" data-element_type=\"column\" data-e-type=\"column\">\n\t\t\t<div class=\"elementor-widget-wrap elementor-element-populated\">\n\t\t\t\t\t\t<div class=\"elementor-element elementor-element-65a1c5b elementor-widget elementor-widget-text-editor\" data-id=\"65a1c5b\" data-element_type=\"widget\" data-e-type=\"widget\" data-widget_type=\"text-editor.default\">\n\t\t\t\t<div class=\"elementor-widget-container\">\n\t\t\t\t\t\t\t\t\t<p>M\u00e1s de 400 profesionales se dan cita en Fuenlabrada para conocer las \u00faltimas tecnolog\u00edas aplicadas a los cuidados.<\/p><p>Expertos en Big Data, realidad virtual y robots sociales comparten jornada con trabajadoras de los servicios sociales para mejorar la calidad de vida de las personas<\/p><p>Fuenlabrada vuelve a configurarse como referente de la atenci\u00f3n domiciliaria<\/p><p>El 24 de marzo a partir de las 9:30 de la ma\u00f1ana tuvo lugar la 2\u00aa edici\u00f3n del Congreso Nacional de atenci\u00f3n domiciliaria. El evento tuvo lugar en la Junta Municipal de Distrito de Loranca, en Fuenlabrada y se centr\u00f3 en la aplicabilidad de la tecnolog\u00eda en el \u00e1mbito de los cuidados: en la atenci\u00f3n domiciliaria. Se reflexion\u00f3 sobre c\u00f3mo la tecnolog\u00eda puede contribuir a mejorar esta atenci\u00f3n y a mantener m\u00e1s tiempo a las personas en sus domicilios. <\/p><p style=\"color: #000000;font-family: 'Times New Roman';font-size: medium;font-style: normal;font-weight: 400;letter-spacing: normal;text-align: start;text-indent: 0px;text-transform: none\">M\u00e1s de 400 profesionales reflexionaron sobre c\u00f3mo se puede aplicar la tecnolog\u00eda al nuevo modelo de cuidados, favoreciendo la autonom\u00eda de las personas mayores y de las personas dependientes. Se mostraron los \u00faltimos avances que mejoran los cuidados tanto en el hogar y centros de d\u00eda.<\/p><p style=\"color: #000000;font-family: 'Times New Roman';font-size: medium;font-style: normal;font-weight: 400;letter-spacing: normal;text-align: start;text-indent: 0px;text-transform: none\">Este foro organizado por la C\u00e1tedra de Innovaci\u00f3n en Servicios Sociales y Dependencia, impulsada por el \u00c1rea de Bienestar Social del Ayuntamiento de Fuenlabrada, la Universidad Nacional y Distancia y la Asociaci\u00f3n Estatal de Directoras y Gerentes en su apuesta por la transferencia de conocimientos entre las administraciones p\u00fablicas, la academia y la sociedad civil. Se mostraron las principales tendencias en el sector de los cuidados a nivel europeo y nacional. Y se dio a conocer el agente rob\u00f3tico Alberta de Alisys.<\/p><p style=\"color: #000000;font-family: 'Times New Roman';font-size: medium;font-style: normal;font-weight: 400;letter-spacing: normal;text-align: start;text-indent: 0px;text-transform: none\">El evento cont\u00f3 con la participaci\u00f3n de cient\u00edficos\/as, acad\u00e9micos\/as y profesionales para mejorar el conocimiento sobre las herramientas y su aplicabilidad para el cuidado en los domicilios, centros de d\u00eda y residencias.<\/p><p style=\"color: #000000;font-family: 'Times New Roman';font-size: medium;font-style: normal;font-weight: 400;letter-spacing: normal;text-align: start;text-indent: 0px;text-transform: none\">El Alcalde de Fuenlabrada, Francisco Javier Ayala, el Rector de la UNED, Ricardo Mairal Us\u00f3n y el Presidente de la Asociaci\u00f3n Estatal de Directoras y Gerentes, Jos\u00e9 Manuel Ram\u00edrez, inauguraron el acto en el que la Secretar\u00eda de Estado de Derechos Sociales dio a conocer el \u201cnuevo modelo de cuidados\u201d.<\/p>\t\t\t\t\t\t\t\t<\/div>\n\t\t\t\t<\/div>\n\t\t\t\t\t<\/div>\n\t\t<\/div>\n\t\t\t\t\t<\/div>\n\t\t<\/section>\n\t\t\t\t<section class=\"elementor-section elementor-top-section elementor-element elementor-element-7b11611 elementor-section-boxed elementor-section-height-default elementor-section-height-default\" data-id=\"7b11611\" data-element_type=\"section\" data-e-type=\"section\">\n\t\t\t\t\t\t<div class=\"elementor-container elementor-column-gap-default\">\n\t\t\t\t\t<div class=\"elementor-column elementor-col-100 elementor-top-column elementor-element elementor-element-2c7f662\" data-id=\"2c7f662\" data-element_type=\"column\" data-e-type=\"column\">\n\t\t\t<div class=\"elementor-widget-wrap elementor-element-populated\">\n\t\t\t\t\t\t<div class=\"elementor-element elementor-element-0e8dc41 elementor-arrows-position-inside elementor-pagination-position-outside elementor-widget elementor-widget-image-carousel\" data-id=\"0e8dc41\" data-element_type=\"widget\" data-e-type=\"widget\" data-settings=\"{&quot;navigation&quot;:&quot;both&quot;,&quot;autoplay&quot;:&quot;yes&quot;,&quot;pause_on_hover&quot;:&quot;yes&quot;,&quot;pause_on_interaction&quot;:&quot;yes&quot;,&quot;autoplay_speed&quot;:5000,&quot;infinite&quot;:&quot;yes&quot;,&quot;speed&quot;:500}\" data-widget_type=\"image-carousel.default\">\n\t\t\t\t<div class=\"elementor-widget-container\">\n\t\t\t\t\t\t\t<div class=\"elementor-image-carousel-wrapper swiper\" role=\"region\" aria-roledescription=\"carousel\" aria-label=\"Carrusel de im\u00e1genes\" dir=\"ltr\">\n\t\t\t<div class=\"elementor-image-carousel swiper-wrapper\" aria-live=\"off\">\n\t\t\t\t\t\t\t\t<div class=\"swiper-slide\" role=\"group\" aria-roledescription=\"slide\" aria-label=\"1 de 21\"><figure class=\"swiper-slide-inner\"><img decoding=\"async\" class=\"swiper-slide-image\" src=\"https:\/\/blogs.uned.es\/catedraunedfuenlabrada\/wp-content\/uploads\/sites\/313\/2023\/04\/CONGRESO-NACIONAL-ATENCION-DOMICILIARIA-INNOVACION-SERVICIOS-SOCIALES-25-1-150x150.jpg\" alt=\"CONGRESO NACIONAL ATENCION DOMICILIARIA INNOVACION SERVICIOS SOCIALES 25\" \/><\/figure><\/div><div class=\"swiper-slide\" role=\"group\" aria-roledescription=\"slide\" aria-label=\"2 de 21\"><figure class=\"swiper-slide-inner\"><img decoding=\"async\" class=\"swiper-slide-image\" src=\"https:\/\/blogs.uned.es\/catedraunedfuenlabrada\/wp-content\/uploads\/sites\/313\/2023\/04\/CONGRESO-NACIONAL-ATENCION-DOMICILIARIA-INNOVACION-SERVICIOS-SOCIALES-23-1-150x150.jpg\" alt=\"CONGRESO NACIONAL ATENCION DOMICILIARIA INNOVACION SERVICIOS SOCIALES 23\" \/><\/figure><\/div><div class=\"swiper-slide\" role=\"group\" aria-roledescription=\"slide\" aria-label=\"3 de 21\"><figure class=\"swiper-slide-inner\"><img decoding=\"async\" class=\"swiper-slide-image\" src=\"https:\/\/blogs.uned.es\/catedraunedfuenlabrada\/wp-content\/uploads\/sites\/313\/2023\/04\/CONGRESO-NACIONAL-ATENCION-DOMICILIARIA-INNOVACION-SERVICIOS-SOCIALES-21-1-150x150.jpg\" alt=\"CONGRESO NACIONAL ATENCION DOMICILIARIA INNOVACION SERVICIOS SOCIALES 21\" \/><\/figure><\/div><div class=\"swiper-slide\" role=\"group\" aria-roledescription=\"slide\" aria-label=\"4 de 21\"><figure class=\"swiper-slide-inner\"><img decoding=\"async\" class=\"swiper-slide-image\" src=\"https:\/\/blogs.uned.es\/catedraunedfuenlabrada\/wp-content\/uploads\/sites\/313\/2023\/04\/CONGRESO-NACIONAL-ATENCION-DOMICILIARIA-INNOVACION-SERVICIOS-SOCIALES-17-1-150x150.jpg\" alt=\"CONGRESO NACIONAL ATENCION DOMICILIARIA INNOVACION SERVICIOS SOCIALES 17\" \/><\/figure><\/div><div class=\"swiper-slide\" role=\"group\" aria-roledescription=\"slide\" aria-label=\"5 de 21\"><figure class=\"swiper-slide-inner\"><img decoding=\"async\" class=\"swiper-slide-image\" src=\"https:\/\/blogs.uned.es\/catedraunedfuenlabrada\/wp-content\/uploads\/sites\/313\/2023\/04\/CONGRESO-NACIONAL-ATENCION-DOMICILIARIA-INNOVACION-SERVICIOS-SOCIALES-16-1-150x150.jpg\" alt=\"CONGRESO NACIONAL ATENCION DOMICILIARIA INNOVACION SERVICIOS SOCIALES 16\" \/><\/figure><\/div><div class=\"swiper-slide\" role=\"group\" aria-roledescription=\"slide\" aria-label=\"6 de 21\"><figure class=\"swiper-slide-inner\"><img decoding=\"async\" class=\"swiper-slide-image\" src=\"https:\/\/blogs.uned.es\/catedraunedfuenlabrada\/wp-content\/uploads\/sites\/313\/2023\/04\/CONGRESO-NACIONAL-ATENCION-DOMICILIARIA-INNOVACION-SERVICIOS-SOCIALES-15-1-150x150.jpg\" alt=\"CONGRESO NACIONAL ATENCION DOMICILIARIA INNOVACION SERVICIOS SOCIALES 15\" \/><\/figure><\/div><div class=\"swiper-slide\" role=\"group\" aria-roledescription=\"slide\" aria-label=\"7 de 21\"><figure class=\"swiper-slide-inner\"><img decoding=\"async\" class=\"swiper-slide-image\" src=\"https:\/\/blogs.uned.es\/catedraunedfuenlabrada\/wp-content\/uploads\/sites\/313\/2023\/04\/CONGRESO-NACIONAL-ATENCION-DOMICILIARIA-INNOVACION-SERVICIOS-SOCIALES-14-1-150x150.jpg\" alt=\"CONGRESO NACIONAL ATENCION DOMICILIARIA INNOVACION SERVICIOS SOCIALES 14\" \/><\/figure><\/div><div class=\"swiper-slide\" role=\"group\" aria-roledescription=\"slide\" aria-label=\"8 de 21\"><figure class=\"swiper-slide-inner\"><img decoding=\"async\" class=\"swiper-slide-image\" src=\"https:\/\/blogs.uned.es\/catedraunedfuenlabrada\/wp-content\/uploads\/sites\/313\/2023\/04\/CONGRESO-NACIONAL-ATENCION-DOMICILIARIA-INNOVACION-SERVICIOS-SOCIALES-13-1-150x150.jpg\" alt=\"CONGRESO NACIONAL ATENCION DOMICILIARIA INNOVACION SERVICIOS SOCIALES 13\" \/><\/figure><\/div><div class=\"swiper-slide\" role=\"group\" aria-roledescription=\"slide\" aria-label=\"9 de 21\"><figure class=\"swiper-slide-inner\"><img decoding=\"async\" class=\"swiper-slide-image\" src=\"https:\/\/blogs.uned.es\/catedraunedfuenlabrada\/wp-content\/uploads\/sites\/313\/2023\/04\/CONGRESO-NACIONAL-ATENCION-DOMICILIARIA-INNOVACION-SERVICIOS-SOCIALES-11-1-150x150.jpg\" alt=\"CONGRESO NACIONAL ATENCION DOMICILIARIA INNOVACION SERVICIOS SOCIALES 11\" \/><\/figure><\/div><div class=\"swiper-slide\" role=\"group\" aria-roledescription=\"slide\" aria-label=\"10 de 21\"><figure class=\"swiper-slide-inner\"><img decoding=\"async\" class=\"swiper-slide-image\" src=\"https:\/\/blogs.uned.es\/catedraunedfuenlabrada\/wp-content\/uploads\/sites\/313\/2023\/04\/CONGRESO-NACIONAL-ATENCION-DOMICILIARIA-INNOVACION-SERVICIOS-SOCIALES-10-1-150x150.jpg\" alt=\"CONGRESO NACIONAL ATENCION DOMICILIARIA INNOVACION SERVICIOS SOCIALES 10\" \/><\/figure><\/div><div class=\"swiper-slide\" role=\"group\" aria-roledescription=\"slide\" aria-label=\"11 de 21\"><figure class=\"swiper-slide-inner\"><img decoding=\"async\" class=\"swiper-slide-image\" src=\"https:\/\/blogs.uned.es\/catedraunedfuenlabrada\/wp-content\/uploads\/sites\/313\/2023\/04\/CONGRESO-NACIONAL-ATENCION-DOMICILIARIA-INNOVACION-SERVICIOS-SOCIALES-9-1-150x150.jpg\" alt=\"CONGRESO NACIONAL ATENCION DOMICILIARIA INNOVACION SERVICIOS SOCIALES 9\" \/><\/figure><\/div><div class=\"swiper-slide\" role=\"group\" aria-roledescription=\"slide\" aria-label=\"12 de 21\"><figure class=\"swiper-slide-inner\"><img decoding=\"async\" class=\"swiper-slide-image\" src=\"https:\/\/blogs.uned.es\/catedraunedfuenlabrada\/wp-content\/uploads\/sites\/313\/2023\/04\/CONGRESO-NACIONAL-ATENCION-DOMICILIARIA-INNOVACION-SERVICIOS-SOCIALES-8-1-150x150.jpg\" alt=\"CONGRESO NACIONAL ATENCION DOMICILIARIA INNOVACION SERVICIOS SOCIALES 8\" \/><\/figure><\/div><div class=\"swiper-slide\" role=\"group\" aria-roledescription=\"slide\" aria-label=\"13 de 21\"><figure class=\"swiper-slide-inner\"><img decoding=\"async\" class=\"swiper-slide-image\" src=\"https:\/\/blogs.uned.es\/catedraunedfuenlabrada\/wp-content\/uploads\/sites\/313\/2023\/04\/CONGRESO-NACIONAL-ATENCION-DOMICILIARIA-INNOVACION-SERVICIOS-SOCIALES-7-1-150x150.jpg\" alt=\"CONGRESO NACIONAL ATENCION DOMICILIARIA INNOVACION SERVICIOS SOCIALES 7\" \/><\/figure><\/div><div class=\"swiper-slide\" role=\"group\" aria-roledescription=\"slide\" aria-label=\"14 de 21\"><figure class=\"swiper-slide-inner\"><img decoding=\"async\" class=\"swiper-slide-image\" src=\"https:\/\/blogs.uned.es\/catedraunedfuenlabrada\/wp-content\/uploads\/sites\/313\/2023\/04\/CONGRESO-NACIONAL-ATENCION-DOMICILIARIA-INNOVACION-SERVICIOS-SOCIALES-6-1-150x150.jpg\" alt=\"CONGRESO NACIONAL ATENCION DOMICILIARIA INNOVACION SERVICIOS SOCIALES 6\" \/><\/figure><\/div><div class=\"swiper-slide\" role=\"group\" aria-roledescription=\"slide\" aria-label=\"15 de 21\"><figure class=\"swiper-slide-inner\"><img decoding=\"async\" class=\"swiper-slide-image\" src=\"https:\/\/blogs.uned.es\/catedraunedfuenlabrada\/wp-content\/uploads\/sites\/313\/2023\/04\/CONGRESO-NACIONAL-ATENCION-DOMICILIARIA-INNOVACION-SERVICIOS-SOCIALES-5-1-150x150.jpg\" alt=\"CONGRESO NACIONAL ATENCION DOMICILIARIA INNOVACION SERVICIOS SOCIALES 5\" \/><\/figure><\/div><div class=\"swiper-slide\" role=\"group\" aria-roledescription=\"slide\" aria-label=\"16 de 21\"><figure class=\"swiper-slide-inner\"><img decoding=\"async\" class=\"swiper-slide-image\" src=\"https:\/\/blogs.uned.es\/catedraunedfuenlabrada\/wp-content\/uploads\/sites\/313\/2023\/04\/CONGRESO-NACIONAL-ATENCION-DOMICILIARIA-INNOVACION-SERVICIOS-SOCIALES-4-1-150x150.jpg\" alt=\"CONGRESO NACIONAL ATENCION DOMICILIARIA INNOVACION SERVICIOS SOCIALES 4\" \/><\/figure><\/div><div class=\"swiper-slide\" role=\"group\" aria-roledescription=\"slide\" aria-label=\"17 de 21\"><figure class=\"swiper-slide-inner\"><img decoding=\"async\" class=\"swiper-slide-image\" src=\"https:\/\/blogs.uned.es\/catedraunedfuenlabrada\/wp-content\/uploads\/sites\/313\/2023\/04\/CONGRESO-NACIONAL-ATENCION-DOMICILIARIA-INNOVACION-SERVICIOS-SOCIALES-3-1-150x150.jpg\" alt=\"CONGRESO NACIONAL ATENCION DOMICILIARIA INNOVACION SERVICIOS SOCIALES 3\" \/><\/figure><\/div><div class=\"swiper-slide\" role=\"group\" aria-roledescription=\"slide\" aria-label=\"18 de 21\"><figure class=\"swiper-slide-inner\"><img decoding=\"async\" class=\"swiper-slide-image\" src=\"https:\/\/blogs.uned.es\/catedraunedfuenlabrada\/wp-content\/uploads\/sites\/313\/2023\/04\/CONGRESO-NACIONAL-ATENCION-DOMICILIARIA-INNOVACION-SERVICIOS-SOCIALES-2-1-150x150.jpg\" alt=\"CONGRESO NACIONAL ATENCION DOMICILIARIA INNOVACION SERVICIOS SOCIALES 2\" \/><\/figure><\/div><div class=\"swiper-slide\" role=\"group\" aria-roledescription=\"slide\" aria-label=\"19 de 21\"><figure class=\"swiper-slide-inner\"><img decoding=\"async\" class=\"swiper-slide-image\" src=\"https:\/\/blogs.uned.es\/catedraunedfuenlabrada\/wp-content\/uploads\/sites\/313\/2023\/04\/CONGRESO-NACIONAL-ATENCION-DOMICILIARIA-INNOVACION-SERVICIOS-SOCIALES-17-150x150.jpg\" alt=\"CONGRESO NACIONAL ATENCION DOMICILIARIA INNOVACION SERVICIOS SOCIALES 17\" \/><\/figure><\/div><div class=\"swiper-slide\" role=\"group\" aria-roledescription=\"slide\" aria-label=\"20 de 21\"><figure class=\"swiper-slide-inner\"><img decoding=\"async\" class=\"swiper-slide-image\" src=\"https:\/\/blogs.uned.es\/catedraunedfuenlabrada\/wp-content\/uploads\/sites\/313\/2023\/04\/CONGRESO-NACIONAL-ATENCION-DOMICILIARIA-INNOVACION-SERVICIOS-SOCIALES-11-150x150.jpg\" alt=\"CONGRESO NACIONAL ATENCION DOMICILIARIA INNOVACION SERVICIOS SOCIALES 11\" \/><\/figure><\/div><div class=\"swiper-slide\" role=\"group\" aria-roledescription=\"slide\" aria-label=\"21 de 21\"><figure class=\"swiper-slide-inner\"><img decoding=\"async\" class=\"swiper-slide-image\" src=\"https:\/\/blogs.uned.es\/catedraunedfuenlabrada\/wp-content\/uploads\/sites\/313\/2023\/04\/CONGRESO-NACIONAL-ATENCION-DOMICILIARIA-INNOVACION-SERVICIOS-SOCIALES-10-150x150.jpg\" alt=\"CONGRESO NACIONAL ATENCION DOMICILIARIA INNOVACION SERVICIOS SOCIALES 10\" \/><\/figure><\/div>\t\t\t<\/div>\n\t\t\t\t\t\t\t\t\t\t\t\t<div class=\"elementor-swiper-button elementor-swiper-button-prev\" role=\"button\" tabindex=\"0\">\n\t\t\t\t\t\t<i aria-hidden=\"true\" class=\"eicon-chevron-left\"><\/i>\t\t\t\t\t<\/div>\n\t\t\t\t\t<div class=\"elementor-swiper-button elementor-swiper-button-next\" role=\"button\" tabindex=\"0\">\n\t\t\t\t\t\t<i aria-hidden=\"true\" class=\"eicon-chevron-right\"><\/i>\t\t\t\t\t<\/div>\n\t\t\t\t\n\t\t\t\t\t\t\t\t\t<div class=\"swiper-pagination\"><\/div>\n\t\t\t\t\t\t\t\t\t<\/div>\n\t\t\t\t\t\t<\/div>\n\t\t\t\t<\/div>\n\t\t\t\t\t<\/div>\n\t\t<\/div>\n\t\t\t\t\t<\/div>\n\t\t<\/section>\n\t\t\t\t<section class=\"elementor-section elementor-top-section elementor-element elementor-element-509fe5d elementor-section-boxed elementor-section-height-default elementor-section-height-default\" data-id=\"509fe5d\" data-element_type=\"section\" data-e-type=\"section\">\n\t\t\t\t\t\t<div class=\"elementor-container elementor-column-gap-default\">\n\t\t\t\t\t<div class=\"elementor-column elementor-col-100 elementor-top-column elementor-element elementor-element-9cb1ec3\" data-id=\"9cb1ec3\" data-element_type=\"column\" data-e-type=\"column\">\n\t\t\t<div class=\"elementor-widget-wrap elementor-element-populated\">\n\t\t\t\t\t\t<div class=\"elementor-element elementor-element-4b2e497 elementor-widget elementor-widget-image\" data-id=\"4b2e497\" data-element_type=\"widget\" data-e-type=\"widget\" data-widget_type=\"image.default\">\n\t\t\t\t<div class=\"elementor-widget-container\">\n\t\t\t\t\t\t\t\t\t\t\t\t\t\t\t<img fetchpriority=\"high\" decoding=\"async\" width=\"725\" height=\"1024\" src=\"https:\/\/blogs.uned.es\/catedraunedfuenlabrada\/wp-content\/uploads\/sites\/313\/2023\/03\/Programacion-2o-Congreso-de-Atencion-domiciliaria-V5_Pagina_1-725x1024.jpg\" class=\"attachment-large size-large wp-image-3803\" alt=\"\" srcset=\"https:\/\/blogs.uned.es\/catedraunedfuenlabrada\/wp-content\/uploads\/sites\/313\/2023\/03\/Programacion-2o-Congreso-de-Atencion-domiciliaria-V5_Pagina_1-725x1024.jpg 725w, https:\/\/blogs.uned.es\/catedraunedfuenlabrada\/wp-content\/uploads\/sites\/313\/2023\/03\/Programacion-2o-Congreso-de-Atencion-domiciliaria-V5_Pagina_1-212x300.jpg 212w, https:\/\/blogs.uned.es\/catedraunedfuenlabrada\/wp-content\/uploads\/sites\/313\/2023\/03\/Programacion-2o-Congreso-de-Atencion-domiciliaria-V5_Pagina_1-768x1085.jpg 768w, https:\/\/blogs.uned.es\/catedraunedfuenlabrada\/wp-content\/uploads\/sites\/313\/2023\/03\/Programacion-2o-Congreso-de-Atencion-domiciliaria-V5_Pagina_1-1087x1536.jpg 1087w, https:\/\/blogs.uned.es\/catedraunedfuenlabrada\/wp-content\/uploads\/sites\/313\/2023\/03\/Programacion-2o-Congreso-de-Atencion-domiciliaria-V5_Pagina_1-1449x2048.jpg 1449w, https:\/\/blogs.uned.es\/catedraunedfuenlabrada\/wp-content\/uploads\/sites\/313\/2023\/03\/Programacion-2o-Congreso-de-Atencion-domiciliaria-V5_Pagina_1.jpg 1655w\" sizes=\"(max-width: 725px) 100vw, 725px\" \/>\t\t\t\t\t\t\t\t\t\t\t\t\t\t\t<\/div>\n\t\t\t\t<\/div>\n\t\t\t\t<div class=\"elementor-element elementor-element-70d5e93 elementor-widget elementor-widget-image\" data-id=\"70d5e93\" data-element_type=\"widget\" data-e-type=\"widget\" data-widget_type=\"image.default\">\n\t\t\t\t<div class=\"elementor-widget-container\">\n\t\t\t\t\t\t\t\t\t\t\t\t\t\t\t<img decoding=\"async\" width=\"725\" height=\"1024\" src=\"https:\/\/blogs.uned.es\/catedraunedfuenlabrada\/wp-content\/uploads\/sites\/313\/2023\/03\/Programacion-2o-Congreso-de-Atencion-domiciliaria-V5_Pagina_2-725x1024.jpg\" class=\"attachment-large size-large wp-image-3805\" alt=\"\" srcset=\"https:\/\/blogs.uned.es\/catedraunedfuenlabrada\/wp-content\/uploads\/sites\/313\/2023\/03\/Programacion-2o-Congreso-de-Atencion-domiciliaria-V5_Pagina_2-725x1024.jpg 725w, https:\/\/blogs.uned.es\/catedraunedfuenlabrada\/wp-content\/uploads\/sites\/313\/2023\/03\/Programacion-2o-Congreso-de-Atencion-domiciliaria-V5_Pagina_2-212x300.jpg 212w, https:\/\/blogs.uned.es\/catedraunedfuenlabrada\/wp-content\/uploads\/sites\/313\/2023\/03\/Programacion-2o-Congreso-de-Atencion-domiciliaria-V5_Pagina_2-768x1085.jpg 768w, https:\/\/blogs.uned.es\/catedraunedfuenlabrada\/wp-content\/uploads\/sites\/313\/2023\/03\/Programacion-2o-Congreso-de-Atencion-domiciliaria-V5_Pagina_2-1087x1536.jpg 1087w, https:\/\/blogs.uned.es\/catedraunedfuenlabrada\/wp-content\/uploads\/sites\/313\/2023\/03\/Programacion-2o-Congreso-de-Atencion-domiciliaria-V5_Pagina_2-1449x2048.jpg 1449w, https:\/\/blogs.uned.es\/catedraunedfuenlabrada\/wp-content\/uploads\/sites\/313\/2023\/03\/Programacion-2o-Congreso-de-Atencion-domiciliaria-V5_Pagina_2.jpg 1655w\" sizes=\"(max-width: 725px) 100vw, 725px\" \/>\t\t\t\t\t\t\t\t\t\t\t\t\t\t\t<\/div>\n\t\t\t\t<\/div>\n\t\t\t\t<div class=\"elementor-element elementor-element-e6340a0 elementor-widget elementor-widget-image\" data-id=\"e6340a0\" data-element_type=\"widget\" data-e-type=\"widget\" data-widget_type=\"image.default\">\n\t\t\t\t<div class=\"elementor-widget-container\">\n\t\t\t\t\t\t\t\t\t\t\t\t\t\t\t<img decoding=\"async\" width=\"725\" height=\"1024\" src=\"https:\/\/blogs.uned.es\/catedraunedfuenlabrada\/wp-content\/uploads\/sites\/313\/2023\/03\/Programacion-2o-Congreso-de-Atencion-domiciliaria-V5-1_Pagina_3-725x1024.jpg\" class=\"attachment-large size-large wp-image-3833\" alt=\"\" srcset=\"https:\/\/blogs.uned.es\/catedraunedfuenlabrada\/wp-content\/uploads\/sites\/313\/2023\/03\/Programacion-2o-Congreso-de-Atencion-domiciliaria-V5-1_Pagina_3-725x1024.jpg 725w, https:\/\/blogs.uned.es\/catedraunedfuenlabrada\/wp-content\/uploads\/sites\/313\/2023\/03\/Programacion-2o-Congreso-de-Atencion-domiciliaria-V5-1_Pagina_3-212x300.jpg 212w, https:\/\/blogs.uned.es\/catedraunedfuenlabrada\/wp-content\/uploads\/sites\/313\/2023\/03\/Programacion-2o-Congreso-de-Atencion-domiciliaria-V5-1_Pagina_3-768x1085.jpg 768w, https:\/\/blogs.uned.es\/catedraunedfuenlabrada\/wp-content\/uploads\/sites\/313\/2023\/03\/Programacion-2o-Congreso-de-Atencion-domiciliaria-V5-1_Pagina_3-1087x1536.jpg 1087w, https:\/\/blogs.uned.es\/catedraunedfuenlabrada\/wp-content\/uploads\/sites\/313\/2023\/03\/Programacion-2o-Congreso-de-Atencion-domiciliaria-V5-1_Pagina_3-1449x2048.jpg 1449w, https:\/\/blogs.uned.es\/catedraunedfuenlabrada\/wp-content\/uploads\/sites\/313\/2023\/03\/Programacion-2o-Congreso-de-Atencion-domiciliaria-V5-1_Pagina_3.jpg 1655w\" sizes=\"(max-width: 725px) 100vw, 725px\" \/>\t\t\t\t\t\t\t\t\t\t\t\t\t\t\t<\/div>\n\t\t\t\t<\/div>\n\t\t\t\t<div class=\"elementor-element elementor-element-d51eb20 elementor-widget elementor-widget-image\" data-id=\"d51eb20\" data-element_type=\"widget\" data-e-type=\"widget\" data-widget_type=\"image.default\">\n\t\t\t\t<div class=\"elementor-widget-container\">\n\t\t\t\t\t\t\t\t\t\t\t\t\t\t\t<img loading=\"lazy\" decoding=\"async\" width=\"725\" height=\"1024\" src=\"https:\/\/blogs.uned.es\/catedraunedfuenlabrada\/wp-content\/uploads\/sites\/313\/2023\/03\/Programacion-2o-Congreso-de-Atencion-domiciliaria-V5_Pagina_4-725x1024.jpg\" class=\"attachment-large size-large wp-image-3809\" alt=\"\" srcset=\"https:\/\/blogs.uned.es\/catedraunedfuenlabrada\/wp-content\/uploads\/sites\/313\/2023\/03\/Programacion-2o-Congreso-de-Atencion-domiciliaria-V5_Pagina_4-725x1024.jpg 725w, https:\/\/blogs.uned.es\/catedraunedfuenlabrada\/wp-content\/uploads\/sites\/313\/2023\/03\/Programacion-2o-Congreso-de-Atencion-domiciliaria-V5_Pagina_4-212x300.jpg 212w, https:\/\/blogs.uned.es\/catedraunedfuenlabrada\/wp-content\/uploads\/sites\/313\/2023\/03\/Programacion-2o-Congreso-de-Atencion-domiciliaria-V5_Pagina_4-768x1085.jpg 768w, https:\/\/blogs.uned.es\/catedraunedfuenlabrada\/wp-content\/uploads\/sites\/313\/2023\/03\/Programacion-2o-Congreso-de-Atencion-domiciliaria-V5_Pagina_4-1087x1536.jpg 1087w, https:\/\/blogs.uned.es\/catedraunedfuenlabrada\/wp-content\/uploads\/sites\/313\/2023\/03\/Programacion-2o-Congreso-de-Atencion-domiciliaria-V5_Pagina_4-1449x2048.jpg 1449w, https:\/\/blogs.uned.es\/catedraunedfuenlabrada\/wp-content\/uploads\/sites\/313\/2023\/03\/Programacion-2o-Congreso-de-Atencion-domiciliaria-V5_Pagina_4.jpg 1655w\" sizes=\"(max-width: 725px) 100vw, 725px\" \/>\t\t\t\t\t\t\t\t\t\t\t\t\t\t\t<\/div>\n\t\t\t\t<\/div>\n\t\t\t\t<div class=\"elementor-element elementor-element-f812fa2 elementor-widget elementor-widget-image\" data-id=\"f812fa2\" data-element_type=\"widget\" data-e-type=\"widget\" data-widget_type=\"image.default\">\n\t\t\t\t<div class=\"elementor-widget-container\">\n\t\t\t\t\t\t\t\t\t\t\t\t\t\t\t<img loading=\"lazy\" decoding=\"async\" width=\"725\" height=\"1024\" src=\"https:\/\/blogs.uned.es\/catedraunedfuenlabrada\/wp-content\/uploads\/sites\/313\/2023\/03\/Programacion-2o-Congreso-de-Atencion-domiciliaria-V5_Pagina_5-725x1024.jpg\" class=\"attachment-large size-large wp-image-3801\" alt=\"\" srcset=\"https:\/\/blogs.uned.es\/catedraunedfuenlabrada\/wp-content\/uploads\/sites\/313\/2023\/03\/Programacion-2o-Congreso-de-Atencion-domiciliaria-V5_Pagina_5-725x1024.jpg 725w, https:\/\/blogs.uned.es\/catedraunedfuenlabrada\/wp-content\/uploads\/sites\/313\/2023\/03\/Programacion-2o-Congreso-de-Atencion-domiciliaria-V5_Pagina_5-212x300.jpg 212w, https:\/\/blogs.uned.es\/catedraunedfuenlabrada\/wp-content\/uploads\/sites\/313\/2023\/03\/Programacion-2o-Congreso-de-Atencion-domiciliaria-V5_Pagina_5-768x1085.jpg 768w, https:\/\/blogs.uned.es\/catedraunedfuenlabrada\/wp-content\/uploads\/sites\/313\/2023\/03\/Programacion-2o-Congreso-de-Atencion-domiciliaria-V5_Pagina_5-1087x1536.jpg 1087w, https:\/\/blogs.uned.es\/catedraunedfuenlabrada\/wp-content\/uploads\/sites\/313\/2023\/03\/Programacion-2o-Congreso-de-Atencion-domiciliaria-V5_Pagina_5-1449x2048.jpg 1449w, https:\/\/blogs.uned.es\/catedraunedfuenlabrada\/wp-content\/uploads\/sites\/313\/2023\/03\/Programacion-2o-Congreso-de-Atencion-domiciliaria-V5_Pagina_5.jpg 1655w\" sizes=\"(max-width: 725px) 100vw, 725px\" \/>\t\t\t\t\t\t\t\t\t\t\t\t\t\t\t<\/div>\n\t\t\t\t<\/div>\n\t\t\t\t\t<\/div>\n\t\t<\/div>\n\t\t\t\t\t<\/div>\n\t\t<\/section>\n\t\t\t\t<section class=\"elementor-section elementor-top-section elementor-element elementor-element-2f913d9 elementor-section-boxed elementor-section-height-default elementor-section-height-default\" data-id=\"2f913d9\" data-element_type=\"section\" data-e-type=\"section\">\n\t\t\t\t\t\t<div class=\"elementor-container elementor-column-gap-default\">\n\t\t\t\t\t<div class=\"elementor-column elementor-col-100 elementor-top-column elementor-element elementor-element-d77ed81\" data-id=\"d77ed81\" data-element_type=\"column\" data-e-type=\"column\">\n\t\t\t<div class=\"elementor-widget-wrap elementor-element-populated\">\n\t\t\t\t\t\t<div class=\"elementor-element elementor-element-41a4838 elementor-widget elementor-widget-image\" data-id=\"41a4838\" data-element_type=\"widget\" data-e-type=\"widget\" data-widget_type=\"image.default\">\n\t\t\t\t<div class=\"elementor-widget-container\">\n\t\t\t\t\t\t\t\t\t\t\t\t\t\t\t\t<a href=\"https:\/\/blogs.uned.es\/catedraunedfuenlabrada\/wp-content\/uploads\/sites\/313\/2023\/04\/Menos-peso-Presentaciones-2o-Congreso-Atencion-Domiciliaria-Documento-unificado.pdf\">\n\t\t\t\t\t\t\t<img loading=\"lazy\" decoding=\"async\" width=\"725\" height=\"1024\" src=\"https:\/\/blogs.uned.es\/catedraunedfuenlabrada\/wp-content\/uploads\/sites\/313\/2023\/03\/0-Portada-Buenas-Practicas-2o-CONGRESO_Pagina_1-725x1024.jpg\" class=\"attachment-large size-large wp-image-3877\" alt=\"\" srcset=\"https:\/\/blogs.uned.es\/catedraunedfuenlabrada\/wp-content\/uploads\/sites\/313\/2023\/03\/0-Portada-Buenas-Practicas-2o-CONGRESO_Pagina_1-725x1024.jpg 725w, https:\/\/blogs.uned.es\/catedraunedfuenlabrada\/wp-content\/uploads\/sites\/313\/2023\/03\/0-Portada-Buenas-Practicas-2o-CONGRESO_Pagina_1-212x300.jpg 212w, https:\/\/blogs.uned.es\/catedraunedfuenlabrada\/wp-content\/uploads\/sites\/313\/2023\/03\/0-Portada-Buenas-Practicas-2o-CONGRESO_Pagina_1-768x1085.jpg 768w, https:\/\/blogs.uned.es\/catedraunedfuenlabrada\/wp-content\/uploads\/sites\/313\/2023\/03\/0-Portada-Buenas-Practicas-2o-CONGRESO_Pagina_1-1087x1536.jpg 1087w, https:\/\/blogs.uned.es\/catedraunedfuenlabrada\/wp-content\/uploads\/sites\/313\/2023\/03\/0-Portada-Buenas-Practicas-2o-CONGRESO_Pagina_1-1449x2048.jpg 1449w, https:\/\/blogs.uned.es\/catedraunedfuenlabrada\/wp-content\/uploads\/sites\/313\/2023\/03\/0-Portada-Buenas-Practicas-2o-CONGRESO_Pagina_1.jpg 1655w\" sizes=\"(max-width: 725px) 100vw, 725px\" \/>\t\t\t\t\t\t\t\t<\/a>\n\t\t\t\t\t\t\t\t\t\t\t\t\t\t\t<\/div>\n\t\t\t\t<\/div>\n\t\t\t\t<div class=\"elementor-element elementor-element-7191d72 elementor-widget elementor-widget-video\" data-id=\"7191d72\" data-element_type=\"widget\" data-e-type=\"widget\" data-settings=\"{&quot;youtube_url&quot;:&quot;https:\\\/\\\/www.youtube.com\\\/watch?v=IDo_xdimLBA&quot;,&quot;autoplay&quot;:&quot;yes&quot;,&quot;mute&quot;:&quot;yes&quot;,&quot;show_image_overlay&quot;:&quot;yes&quot;,&quot;image_overlay&quot;:{&quot;url&quot;:&quot;https:\\\/\\\/blogs.uned.es\\\/catedraunedfuenlabrada\\\/wp-content\\\/uploads\\\/sites\\\/313\\\/2023\\\/04\\\/CONGRESO-NACIONAL-ATENCION-DOMICILIARIA-INNOVACION-SERVICIOS-SOCIALES-13-1.jpg&quot;,&quot;id&quot;:&quot;3959&quot;,&quot;size&quot;:&quot;&quot;,&quot;alt&quot;:&quot;&quot;,&quot;source&quot;:&quot;library&quot;},&quot;video_type&quot;:&quot;youtube&quot;,&quot;controls&quot;:&quot;yes&quot;}\" data-widget_type=\"video.default\">\n\t\t\t\t<div class=\"elementor-widget-container\">\n\t\t\t\t\t\t\t<div class=\"elementor-wrapper elementor-open-inline\">\n\t\t\t<div class=\"elementor-video\"><\/div>\t\t\t\t<div class=\"elementor-custom-embed-image-overlay\" style=\"background-image: url(https:\/\/blogs.uned.es\/catedraunedfuenlabrada\/wp-content\/uploads\/sites\/313\/2023\/04\/CONGRESO-NACIONAL-ATENCION-DOMICILIARIA-INNOVACION-SERVICIOS-SOCIALES-13-1.jpg);\">\n\t\t\t\t\t\t\t\t\t\t\t\t\t\t\t\t<div class=\"elementor-custom-embed-play\" role=\"button\" aria-label=\"Reproducir v\u00eddeo\" tabindex=\"0\">\n\t\t\t\t\t\t\t<i aria-hidden=\"true\" class=\"eicon-play\"><\/i>\t\t\t\t\t\t<\/div>\n\t\t\t\t\t\t\t\t\t<\/div>\n\t\t\t\t\t<\/div>\n\t\t\t\t\t\t<\/div>\n\t\t\t\t<\/div>\n\t\t\t\t\t<\/div>\n\t\t<\/div>\n\t\t\t\t\t<\/div>\n\t\t<\/section>\n\t\t\t\t<section class=\"elementor-section elementor-top-section elementor-element elementor-element-61128ef elementor-section-boxed elementor-section-height-default elementor-section-height-default\" data-id=\"61128ef\" data-element_type=\"section\" data-e-type=\"section\">\n\t\t\t\t\t\t<div class=\"elementor-container elementor-column-gap-default\">\n\t\t\t\t\t<div class=\"elementor-column elementor-col-100 elementor-top-column elementor-element elementor-element-bdb37a8\" data-id=\"bdb37a8\" data-element_type=\"column\" data-e-type=\"column\">\n\t\t\t<div class=\"elementor-widget-wrap elementor-element-populated\">\n\t\t\t\t\t\t<div class=\"elementor-element elementor-element-6588cb9 elementor-widget elementor-widget-video\" data-id=\"6588cb9\" data-element_type=\"widget\" data-e-type=\"widget\" data-settings=\"{&quot;youtube_url&quot;:&quot;https:\\\/\\\/www.youtube.com\\\/watch?v=IDo_xdimLBA&quot;,&quot;show_image_overlay&quot;:&quot;yes&quot;,&quot;image_overlay&quot;:{&quot;url&quot;:&quot;https:\\\/\\\/blogs.uned.es\\\/catedraunedfuenlabrada\\\/wp-content\\\/uploads\\\/sites\\\/313\\\/2023\\\/04\\\/CONGRESO-NACIONAL-ATENCION-DOMICILIARIA-INNOVACION-SERVICIOS-SOCIALES-25.jpg&quot;,&quot;id&quot;:&quot;3935&quot;,&quot;size&quot;:&quot;&quot;,&quot;alt&quot;:&quot;&quot;,&quot;source&quot;:&quot;library&quot;},&quot;video_type&quot;:&quot;youtube&quot;,&quot;controls&quot;:&quot;yes&quot;}\" data-widget_type=\"video.default\">\n\t\t\t\t<div class=\"elementor-widget-container\">\n\t\t\t\t\t\t\t<div class=\"elementor-wrapper elementor-open-inline\">\n\t\t\t<div class=\"elementor-video\"><\/div>\t\t\t\t<div class=\"elementor-custom-embed-image-overlay\" style=\"background-image: url(https:\/\/blogs.uned.es\/catedraunedfuenlabrada\/wp-content\/uploads\/sites\/313\/2023\/04\/CONGRESO-NACIONAL-ATENCION-DOMICILIARIA-INNOVACION-SERVICIOS-SOCIALES-25.jpg);\">\n\t\t\t\t\t\t\t\t\t\t\t\t\t\t\t\t<div class=\"elementor-custom-embed-play\" role=\"button\" aria-label=\"Reproducir v\u00eddeo\" tabindex=\"0\">\n\t\t\t\t\t\t\t<i aria-hidden=\"true\" class=\"eicon-play\"><\/i>\t\t\t\t\t\t<\/div>\n\t\t\t\t\t\t\t\t\t<\/div>\n\t\t\t\t\t<\/div>\n\t\t\t\t\t\t<\/div>\n\t\t\t\t<\/div>\n\t\t\t\t\t<\/div>\n\t\t<\/div>\n\t\t\t\t\t<\/div>\n\t\t<\/section>\n\t\t\t\t<section class=\"elementor-section elementor-top-section elementor-element elementor-element-76c6760 elementor-section-boxed elementor-section-height-default elementor-section-height-default\" data-id=\"76c6760\" data-element_type=\"section\" data-e-type=\"section\">\n\t\t\t\t\t\t<div class=\"elementor-container elementor-column-gap-default\">\n\t\t\t\t\t<div class=\"elementor-column elementor-col-100 elementor-top-column elementor-element elementor-element-6570665\" data-id=\"6570665\" data-element_type=\"column\" data-e-type=\"column\">\n\t\t\t<div class=\"elementor-widget-wrap elementor-element-populated\">\n\t\t\t\t\t\t<div class=\"elementor-element elementor-element-f01cd86 elementor-widget elementor-widget-video\" data-id=\"f01cd86\" data-element_type=\"widget\" data-e-type=\"widget\" data-settings=\"{&quot;youtube_url&quot;:&quot;https:\\\/\\\/www.youtube.com\\\/watch?v=IDo_xdimLBA&quot;,&quot;show_image_overlay&quot;:&quot;yes&quot;,&quot;image_overlay&quot;:{&quot;url&quot;:&quot;https:\\\/\\\/blogs.uned.es\\\/catedraunedfuenlabrada\\\/wp-content\\\/uploads\\\/sites\\\/313\\\/2023\\\/04\\\/CONGRESO-NACIONAL-ATENCION-DOMICILIARIA-INNOVACION-SERVICIOS-SOCIALES-9.jpg&quot;,&quot;id&quot;:&quot;3915&quot;,&quot;size&quot;:&quot;&quot;,&quot;alt&quot;:&quot;&quot;,&quot;source&quot;:&quot;library&quot;},&quot;video_type&quot;:&quot;youtube&quot;,&quot;controls&quot;:&quot;yes&quot;}\" data-widget_type=\"video.default\">\n\t\t\t\t<div class=\"elementor-widget-container\">\n\t\t\t\t\t\t\t<div class=\"elementor-wrapper elementor-open-inline\">\n\t\t\t<div class=\"elementor-video\"><\/div>\t\t\t\t<div class=\"elementor-custom-embed-image-overlay\" style=\"background-image: url(https:\/\/blogs.uned.es\/catedraunedfuenlabrada\/wp-content\/uploads\/sites\/313\/2023\/04\/CONGRESO-NACIONAL-ATENCION-DOMICILIARIA-INNOVACION-SERVICIOS-SOCIALES-9.jpg);\">\n\t\t\t\t\t\t\t\t\t\t\t\t\t\t\t\t<div class=\"elementor-custom-embed-play\" role=\"button\" aria-label=\"Reproducir v\u00eddeo\" tabindex=\"0\">\n\t\t\t\t\t\t\t<i aria-hidden=\"true\" class=\"eicon-play\"><\/i>\t\t\t\t\t\t<\/div>\n\t\t\t\t\t\t\t\t\t<\/div>\n\t\t\t\t\t<\/div>\n\t\t\t\t\t\t<\/div>\n\t\t\t\t<\/div>\n\t\t\t\t\t<\/div>\n\t\t<\/div>\n\t\t\t\t\t<\/div>\n\t\t<\/section>\n\t\t\t\t<section class=\"elementor-section elementor-top-section elementor-element elementor-element-4f0a973 elementor-section-boxed elementor-section-height-default elementor-section-height-default\" data-id=\"4f0a973\" data-element_type=\"section\" data-e-type=\"section\">\n\t\t\t\t\t\t<div class=\"elementor-container elementor-column-gap-default\">\n\t\t\t\t\t<div class=\"elementor-column elementor-col-100 elementor-top-column elementor-element elementor-element-8dc047d\" data-id=\"8dc047d\" data-element_type=\"column\" data-e-type=\"column\">\n\t\t\t<div class=\"elementor-widget-wrap elementor-element-populated\">\n\t\t\t\t\t\t<div class=\"elementor-element elementor-element-aafab58 elementor-widget elementor-widget-video\" data-id=\"aafab58\" data-element_type=\"widget\" data-e-type=\"widget\" data-settings=\"{&quot;youtube_url&quot;:&quot;https:\\\/\\\/www.youtube.com\\\/watch?v=PboYWlADyvY&quot;,&quot;video_type&quot;:&quot;youtube&quot;,&quot;controls&quot;:&quot;yes&quot;}\" data-widget_type=\"video.default\">\n\t\t\t\t<div class=\"elementor-widget-container\">\n\t\t\t\t\t\t\t<div class=\"elementor-wrapper elementor-open-inline\">\n\t\t\t<div class=\"elementor-video\"><\/div>\t\t<\/div>\n\t\t\t\t\t\t<\/div>\n\t\t\t\t<\/div>\n\t\t\t\t\t<\/div>\n\t\t<\/div>\n\t\t\t\t\t<\/div>\n\t\t<\/section>\n\t\t\t\t<\/div>\n\t\t","protected":false},"excerpt":{"rendered":"<p>M\u00e1s de 400 profesionales se dan cita en Fuenlabrada para conocer las \u00faltimas tecnolog\u00edas aplicadas a los cuidados. Expertos en Big Data, realidad virtual y robots sociales comparten jornada con trabajadoras de los servicios sociales para mejorar la calidad de vida de las personas Fuenlabrada vuelve a configurarse como referente de la atenci\u00f3n domiciliaria El 24 de marzo a partir de las 9:30 de la ma\u00f1ana tuvo lugar la 2\u00aa edici\u00f3n del Congreso Nacional de atenci\u00f3n domiciliaria. El evento tuvo lugar en la Junta Municipal de Distrito de Loranca, en Fuenlabrada y se centr\u00f3 en la aplicabilidad de la tecnolog\u00eda&hellip;<\/p>\n<p> <a class=\"more-link\" href=\"https:\/\/blogs.uned.es\/catedraunedfuenlabrada\/2o-congreso-nacional-de-atencion-domiciliaria\/\">Leer m\u00e1s<\/a><\/p>\n","protected":false},"author":7523,"featured_media":2777,"comment_status":"open","ping_status":"open","sticky":false,"template":"","format":"standard","meta":{"footnotes":""},"categories":[17,25,7,1],"tags":[],"class_list":{"0":"post-3767","1":"post","2":"type-post","3":"status-publish","4":"format-standard","5":"has-post-thumbnail","7":"category-adygss","8":"category-buenas-practicas","9":"category-catedra","10":"category-sin-categoria"},"_links":{"self":[{"href":"https:\/\/blogs.uned.es\/catedraunedfuenlabrada\/wp-json\/wp\/v2\/posts\/3767","targetHints":{"allow":["GET"]}}],"collection":[{"href":"https:\/\/blogs.uned.es\/catedraunedfuenlabrada\/wp-json\/wp\/v2\/posts"}],"about":[{"href":"https:\/\/blogs.uned.es\/catedraunedfuenlabrada\/wp-json\/wp\/v2\/types\/post"}],"author":[{"embeddable":true,"href":"https:\/\/blogs.uned.es\/catedraunedfuenlabrada\/wp-json\/wp\/v2\/users\/7523"}],"replies":[{"embeddable":true,"href":"https:\/\/blogs.uned.es\/catedraunedfuenlabrada\/wp-json\/wp\/v2\/comments?post=3767"}],"version-history":[{"count":100,"href":"https:\/\/blogs.uned.es\/catedraunedfuenlabrada\/wp-json\/wp\/v2\/posts\/3767\/revisions"}],"predecessor-version":[{"id":4125,"href":"https:\/\/blogs.uned.es\/catedraunedfuenlabrada\/wp-json\/wp\/v2\/posts\/3767\/revisions\/4125"}],"wp:featuredmedia":[{"embeddable":true,"href":"https:\/\/blogs.uned.es\/catedraunedfuenlabrada\/wp-json\/wp\/v2\/media\/2777"}],"wp:attachment":[{"href":"https:\/\/blogs.uned.es\/catedraunedfuenlabrada\/wp-json\/wp\/v2\/media?parent=3767"}],"wp:term":[{"taxonomy":"category","embeddable":true,"href":"https:\/\/blogs.uned.es\/catedraunedfuenlabrada\/wp-json\/wp\/v2\/categories?post=3767"},{"taxonomy":"post_tag","embeddable":true,"href":"https:\/\/blogs.uned.es\/catedraunedfuenlabrada\/wp-json\/wp\/v2\/tags?post=3767"}],"curies":[{"name":"wp","href":"https:\/\/api.w.org\/{rel}","templated":true}]}}