{"id":13745,"date":"2024-06-28T10:44:34","date_gmt":"2024-06-28T10:44:34","guid":{"rendered":"https:\/\/blogs.uned.es\/catedra-ctc\/?p=13745"},"modified":"2024-07-01T10:57:20","modified_gmt":"2024-07-01T10:57:20","slug":"puesta-en-funcionamiento-de-la-lanzadera-uned-madrid-de-idi-cooperativa","status":"publish","type":"post","link":"https:\/\/blogs.uned.es\/catedra-ctc\/2024\/06\/28\/puesta-en-funcionamiento-de-la-lanzadera-uned-madrid-de-idi-cooperativa\/","title":{"rendered":"Puesta en funcionamiento de la Lanzadera UNED Madrid de I+D+i Cooperativa"},"content":{"rendered":"\n<div class=\"wp-block-media-text has-media-on-the-right is-stacked-on-mobile\"><div class=\"wp-block-media-text__content\">\n<p>Tras la firma del <a href=\"https:\/\/blogs.uned.es\/catedra-ctc\/2024\/06\/21\/primeras-infraestructuras-de-investigacion-comunes-uned-zoocanica\/\">Convenio entre Zooc\u00e1nica y UNED Madrid<\/a> para la puesta en marcha de una infraestructura com\u00fan de investigaci\u00f3n, se ha producido el traslado de los primeros equipamientos, as\u00ed como de personal investigador de Zooc\u00e1nica y vinculado a la C\u00e1tedra, al centro Jacinto Verdaguer. <\/p>\n\n\n\n<p>Se trata de un espacio de trabajo provisional, a la espera del acondicionamiento de las instalaciones en las que la Lanzadera UNED Madrid tendr\u00e1 su sede definitiva.<\/p>\n<\/div><figure class=\"wp-block-media-text__media\"><img loading=\"lazy\" decoding=\"async\" width=\"1024\" height=\"1024\" src=\"https:\/\/blogs.uned.es\/catedra-ctc\/wp-content\/uploads\/sites\/493\/2024\/07\/thumbnail_aulajacinto-1024x1024.jpeg\" alt=\"\" class=\"wp-image-13747 size-full\" srcset=\"https:\/\/blogs.uned.es\/catedra-ctc\/wp-content\/uploads\/sites\/493\/2024\/07\/thumbnail_aulajacinto-1024x1024.jpeg 1024w, https:\/\/blogs.uned.es\/catedra-ctc\/wp-content\/uploads\/sites\/493\/2024\/07\/thumbnail_aulajacinto-300x300.jpeg 300w, https:\/\/blogs.uned.es\/catedra-ctc\/wp-content\/uploads\/sites\/493\/2024\/07\/thumbnail_aulajacinto-150x150.jpeg 150w, https:\/\/blogs.uned.es\/catedra-ctc\/wp-content\/uploads\/sites\/493\/2024\/07\/thumbnail_aulajacinto-768x768.jpeg 768w, https:\/\/blogs.uned.es\/catedra-ctc\/wp-content\/uploads\/sites\/493\/2024\/07\/thumbnail_aulajacinto-1536x1536.jpeg 1536w, https:\/\/blogs.uned.es\/catedra-ctc\/wp-content\/uploads\/sites\/493\/2024\/07\/thumbnail_aulajacinto-2048x2048.jpeg 2048w\" sizes=\"auto, (max-width: 1024px) 100vw, 1024px\" \/><\/figure><\/div>\n","protected":false},"excerpt":{"rendered":"<p>Tras la firma del Convenio entre Zooc\u00e1nica y UNED Madrid para la puesta en marcha de una infraestructura com\u00fan de investigaci\u00f3n, se ha producido el traslado de los primeros equipamientos, as\u00ed como de personal investigador de Zooc\u00e1nica y vinculado a la C\u00e1tedra, al centro Jacinto Verdaguer. Se trata de un espacio de trabajo provisional, a [&hellip;]<\/p>\n","protected":false},"author":7783,"featured_media":13747,"comment_status":"closed","ping_status":"open","sticky":false,"template":"","format":"standard","meta":{"site-sidebar-layout":"default","site-content-layout":"","ast-site-content-layout":"default","site-content-style":"default","site-sidebar-style":"default","ast-global-header-display":"","ast-banner-title-visibility":"","ast-main-header-display":"","ast-hfb-above-header-display":"","ast-hfb-below-header-display":"","ast-hfb-mobile-header-display":"","site-post-title":"","ast-breadcrumbs-content":"","ast-featured-img":"","footer-sml-layout":"","ast-disable-related-posts":"","theme-transparent-header-meta":"","adv-header-id-meta":"","stick-header-meta":"","header-above-stick-meta":"","header-main-stick-meta":"","header-below-stick-meta":"","astra-migrate-meta-layouts":"default","ast-page-background-enabled":"default","ast-page-background-meta":{"desktop":{"background-color":"var(--ast-global-color-4)","background-image":"","background-repeat":"repeat","background-position":"center center","background-size":"auto","background-attachment":"scroll","background-type":"","background-media":"","overlay-type":"","overlay-color":"","overlay-opacity":"","overlay-gradient":""},"tablet":{"background-color":"","background-image":"","background-repeat":"repeat","background-position":"center center","background-size":"auto","background-attachment":"scroll","background-type":"","background-media":"","overlay-type":"","overlay-color":"","overlay-opacity":"","overlay-gradient":""},"mobile":{"background-color":"","background-image":"","background-repeat":"repeat","background-position":"center center","background-size":"auto","background-attachment":"scroll","background-type":"","background-media":"","overlay-type":"","overlay-color":"","overlay-opacity":"","overlay-gradient":""}},"ast-content-background-meta":{"desktop":{"background-color":"var(--ast-global-color-5)","background-image":"","background-repeat":"repeat","background-position":"center center","background-size":"auto","background-attachment":"scroll","background-type":"","background-media":"","overlay-type":"","overlay-color":"","overlay-opacity":"","overlay-gradient":""},"tablet":{"background-color":"var(--ast-global-color-5)","background-image":"","background-repeat":"repeat","background-position":"center center","background-size":"auto","background-attachment":"scroll","background-type":"","background-media":"","overlay-type":"","overlay-color":"","overlay-opacity":"","overlay-gradient":""},"mobile":{"background-color":"var(--ast-global-color-5)","background-image":"","background-repeat":"repeat","background-position":"center center","background-size":"auto","background-attachment":"scroll","background-type":"","background-media":"","overlay-type":"","overlay-color":"","overlay-opacity":"","overlay-gradient":""}},"footnotes":""},"categories":[33],"tags":[],"class_list":["post-13745","post","type-post","status-publish","format-standard","has-post-thumbnail","hentry","category-cooperativismo-y-transferencia"],"_links":{"self":[{"href":"https:\/\/blogs.uned.es\/catedra-ctc\/wp-json\/wp\/v2\/posts\/13745","targetHints":{"allow":["GET"]}}],"collection":[{"href":"https:\/\/blogs.uned.es\/catedra-ctc\/wp-json\/wp\/v2\/posts"}],"about":[{"href":"https:\/\/blogs.uned.es\/catedra-ctc\/wp-json\/wp\/v2\/types\/post"}],"author":[{"embeddable":true,"href":"https:\/\/blogs.uned.es\/catedra-ctc\/wp-json\/wp\/v2\/users\/7783"}],"replies":[{"embeddable":true,"href":"https:\/\/blogs.uned.es\/catedra-ctc\/wp-json\/wp\/v2\/comments?post=13745"}],"version-history":[{"count":1,"href":"https:\/\/blogs.uned.es\/catedra-ctc\/wp-json\/wp\/v2\/posts\/13745\/revisions"}],"predecessor-version":[{"id":13751,"href":"https:\/\/blogs.uned.es\/catedra-ctc\/wp-json\/wp\/v2\/posts\/13745\/revisions\/13751"}],"wp:featuredmedia":[{"embeddable":true,"href":"https:\/\/blogs.uned.es\/catedra-ctc\/wp-json\/wp\/v2\/media\/13747"}],"wp:attachment":[{"href":"https:\/\/blogs.uned.es\/catedra-ctc\/wp-json\/wp\/v2\/media?parent=13745"}],"wp:term":[{"taxonomy":"category","embeddable":true,"href":"https:\/\/blogs.uned.es\/catedra-ctc\/wp-json\/wp\/v2\/categories?post=13745"},{"taxonomy":"post_tag","embeddable":true,"href":"https:\/\/blogs.uned.es\/catedra-ctc\/wp-json\/wp\/v2\/tags?post=13745"}],"curies":[{"name":"wp","href":"https:\/\/api.w.org\/{rel}","templated":true}]}}