{"id":13653,"date":"2024-04-05T17:30:00","date_gmt":"2024-04-05T17:30:00","guid":{"rendered":"https:\/\/blogs.uned.es\/catedra-ctc\/?p=13653"},"modified":"2024-04-09T09:38:49","modified_gmt":"2024-04-09T09:38:49","slug":"avanzando-implantacion-instituto-politecnico-del-bosque","status":"publish","type":"post","link":"https:\/\/blogs.uned.es\/catedra-ctc\/2024\/04\/05\/avanzando-implantacion-instituto-politecnico-del-bosque\/","title":{"rendered":"Avanzando en la implantaci\u00f3n del Instituto Polit\u00e9cnico del Bosque"},"content":{"rendered":"\n<div class=\"wp-block-media-text is-stacked-on-mobile\" style=\"grid-template-columns:35% auto\"><figure class=\"wp-block-media-text__media\"><img loading=\"lazy\" decoding=\"async\" width=\"1024\" height=\"1024\" src=\"https:\/\/blogs.uned.es\/catedra-ctc\/wp-content\/uploads\/sites\/493\/2024\/04\/granja05abril-1024x1024.jpeg\" alt=\"\" class=\"wp-image-13655 size-full\" srcset=\"https:\/\/blogs.uned.es\/catedra-ctc\/wp-content\/uploads\/sites\/493\/2024\/04\/granja05abril-1024x1024.jpeg 1024w, https:\/\/blogs.uned.es\/catedra-ctc\/wp-content\/uploads\/sites\/493\/2024\/04\/granja05abril-300x300.jpeg 300w, https:\/\/blogs.uned.es\/catedra-ctc\/wp-content\/uploads\/sites\/493\/2024\/04\/granja05abril-150x150.jpeg 150w, https:\/\/blogs.uned.es\/catedra-ctc\/wp-content\/uploads\/sites\/493\/2024\/04\/granja05abril-768x768.jpeg 768w, https:\/\/blogs.uned.es\/catedra-ctc\/wp-content\/uploads\/sites\/493\/2024\/04\/granja05abril-1536x1536.jpeg 1536w, https:\/\/blogs.uned.es\/catedra-ctc\/wp-content\/uploads\/sites\/493\/2024\/04\/granja05abril-2048x2048.jpeg 2048w\" sizes=\"auto, (max-width: 1024px) 100vw, 1024px\" \/><\/figure><div class=\"wp-block-media-text__content\">\n<p>Miembros del equipo de la C\u00e1tedra y de Zooc\u00e1nica se han desplazado hoy al Real Sitio de San Ildefonso para dar impulso al proceso de implantaci\u00f3n del Instituto Polit\u00e9cnico del Bosque. Se espera que muy pronto el Instituto disponga de una Oficina T\u00e9cnica en Valsa\u00edn, posibilitando el arranque de las actividades de investigaci\u00f3n, formaci\u00f3n y transferencia.<\/p>\n<\/div><\/div>\n","protected":false},"excerpt":{"rendered":"<p>Miembros del equipo de la C\u00e1tedra y de Zooc\u00e1nica se han desplazado hoy al Real Sitio de San Ildefonso para dar impulso al proceso de implantaci\u00f3n del Instituto Polit\u00e9cnico del Bosque. Se espera que muy pronto el Instituto disponga de una Oficina T\u00e9cnica en Valsa\u00edn, posibilitando el arranque de las actividades de investigaci\u00f3n, formaci\u00f3n y [&hellip;]<\/p>\n","protected":false},"author":7783,"featured_media":13655,"comment_status":"closed","ping_status":"open","sticky":false,"template":"","format":"standard","meta":{"site-sidebar-layout":"default","site-content-layout":"","ast-site-content-layout":"default","site-content-style":"default","site-sidebar-style":"default","ast-global-header-display":"","ast-banner-title-visibility":"","ast-main-header-display":"","ast-hfb-above-header-display":"","ast-hfb-below-header-display":"","ast-hfb-mobile-header-display":"","site-post-title":"","ast-breadcrumbs-content":"","ast-featured-img":"","footer-sml-layout":"","ast-disable-related-posts":"","theme-transparent-header-meta":"","adv-header-id-meta":"","stick-header-meta":"","header-above-stick-meta":"","header-main-stick-meta":"","header-below-stick-meta":"","astra-migrate-meta-layouts":"default","ast-page-background-enabled":"default","ast-page-background-meta":{"desktop":{"background-color":"var(--ast-global-color-4)","background-image":"","background-repeat":"repeat","background-position":"center center","background-size":"auto","background-attachment":"scroll","background-type":"","background-media":"","overlay-type":"","overlay-color":"","overlay-opacity":"","overlay-gradient":""},"tablet":{"background-color":"","background-image":"","background-repeat":"repeat","background-position":"center center","background-size":"auto","background-attachment":"scroll","background-type":"","background-media":"","overlay-type":"","overlay-color":"","overlay-opacity":"","overlay-gradient":""},"mobile":{"background-color":"","background-image":"","background-repeat":"repeat","background-position":"center center","background-size":"auto","background-attachment":"scroll","background-type":"","background-media":"","overlay-type":"","overlay-color":"","overlay-opacity":"","overlay-gradient":""}},"ast-content-background-meta":{"desktop":{"background-color":"var(--ast-global-color-5)","background-image":"","background-repeat":"repeat","background-position":"center center","background-size":"auto","background-attachment":"scroll","background-type":"","background-media":"","overlay-type":"","overlay-color":"","overlay-opacity":"","overlay-gradient":""},"tablet":{"background-color":"var(--ast-global-color-5)","background-image":"","background-repeat":"repeat","background-position":"center center","background-size":"auto","background-attachment":"scroll","background-type":"","background-media":"","overlay-type":"","overlay-color":"","overlay-opacity":"","overlay-gradient":""},"mobile":{"background-color":"var(--ast-global-color-5)","background-image":"","background-repeat":"repeat","background-position":"center center","background-size":"auto","background-attachment":"scroll","background-type":"","background-media":"","overlay-type":"","overlay-color":"","overlay-opacity":"","overlay-gradient":""}},"footnotes":""},"categories":[33,35],"tags":[],"class_list":["post-13653","post","type-post","status-publish","format-standard","has-post-thumbnail","hentry","category-cooperativismo-y-transferencia","category-diagnostico-territorial"],"_links":{"self":[{"href":"https:\/\/blogs.uned.es\/catedra-ctc\/wp-json\/wp\/v2\/posts\/13653","targetHints":{"allow":["GET"]}}],"collection":[{"href":"https:\/\/blogs.uned.es\/catedra-ctc\/wp-json\/wp\/v2\/posts"}],"about":[{"href":"https:\/\/blogs.uned.es\/catedra-ctc\/wp-json\/wp\/v2\/types\/post"}],"author":[{"embeddable":true,"href":"https:\/\/blogs.uned.es\/catedra-ctc\/wp-json\/wp\/v2\/users\/7783"}],"replies":[{"embeddable":true,"href":"https:\/\/blogs.uned.es\/catedra-ctc\/wp-json\/wp\/v2\/comments?post=13653"}],"version-history":[{"count":2,"href":"https:\/\/blogs.uned.es\/catedra-ctc\/wp-json\/wp\/v2\/posts\/13653\/revisions"}],"predecessor-version":[{"id":13659,"href":"https:\/\/blogs.uned.es\/catedra-ctc\/wp-json\/wp\/v2\/posts\/13653\/revisions\/13659"}],"wp:featuredmedia":[{"embeddable":true,"href":"https:\/\/blogs.uned.es\/catedra-ctc\/wp-json\/wp\/v2\/media\/13655"}],"wp:attachment":[{"href":"https:\/\/blogs.uned.es\/catedra-ctc\/wp-json\/wp\/v2\/media?parent=13653"}],"wp:term":[{"taxonomy":"category","embeddable":true,"href":"https:\/\/blogs.uned.es\/catedra-ctc\/wp-json\/wp\/v2\/categories?post=13653"},{"taxonomy":"post_tag","embeddable":true,"href":"https:\/\/blogs.uned.es\/catedra-ctc\/wp-json\/wp\/v2\/tags?post=13653"}],"curies":[{"name":"wp","href":"https:\/\/api.w.org\/{rel}","templated":true}]}}