{"id":13099,"date":"2023-08-21T11:50:00","date_gmt":"2023-08-21T11:50:00","guid":{"rendered":"https:\/\/blogs.uned.es\/catedra-ctc\/?p=13099"},"modified":"2024-01-31T15:30:13","modified_gmt":"2024-01-31T15:30:13","slug":"un-modelo-juridico-de-cesion-de-uso-de-inmuebles-de-titularidad-publica-para-la-realizacion-de-actividades-idi","status":"publish","type":"post","link":"https:\/\/blogs.uned.es\/catedra-ctc\/2023\/08\/21\/un-modelo-juridico-de-cesion-de-uso-de-inmuebles-de-titularidad-publica-para-la-realizacion-de-actividades-idi\/","title":{"rendered":"Un modelo jur\u00eddico de cesi\u00f3n de uso de inmuebles de titularidad p\u00fablica para la realizaci\u00f3n de actividades I+D+i"},"content":{"rendered":"\n<figure class=\"wp-block-image alignleft size-large is-resized\"><img loading=\"lazy\" decoding=\"async\" width=\"1024\" height=\"768\" src=\"https:\/\/blogs.uned.es\/catedra-ctc\/wp-content\/uploads\/sites\/493\/2024\/01\/casa_maquina_pulimentos01-1024x768.jpg\" alt=\"\" class=\"wp-image-13111\" style=\"width:613px;height:auto\" \/><figcaption class=\"wp-element-caption\">Casa de la M\u00e1quina de Pulimentos.<\/figcaption><\/figure>\n\n\n\n<p>Apenas unos meses despu\u00e9s de la constituci\u00f3n formal la C\u00e1tedra Ciencia, Territorio y Cooperativismo, se materializa un primer resultado de su actividad con la publicaci\u00f3n <a href=\"https:\/\/www.dipsegovia.es\/documents\/39512\/a06f682f-c2e4-eadd-6982-c5bee9e898c7\">en el Bolet\u00edn Oficial de la Provincia de Segovia<\/a> del Convenio de cesi\u00f3n de uso de la Casa de la M\u00e1quina de Pulimentos, bien patrimonial del Ayuntamiento del Real Sitio de San Ildefonso, a Zooc\u00e1nica.<\/p>\n\n\n\n<p>Este inmueble del siglo XVIII, que era una dependencia vinculada a la Real F\u00e1brica de Vidrio, es un ejemplo arquet\u00edpico del patrimonio industrial correspondiente a los primeros procesos de industrializaci\u00f3n, que se caracteriza por la reuni\u00f3n, en un mismo espacio manufacturero, de todo un proceso productivo organizado en cadena.<\/p>\n\n\n\n<p>Al mismo tiempo, sin embargo, dada la naturaleza unificadora del modelo industrial de la Real F\u00e1brica, la Casa de la M\u00e1quina de Pulimento es en realidad un espacio singular, por su emplazamiento independiente y desplazado, que tiene la funci\u00f3n de servir como espacio de prueba, uso y mejora de una soluci\u00f3n tecnol\u00f3gica innovadora, concretamente una m\u00e1quina para pulir espejos que operaba gracias a la fuerza motriz del r\u00edo Cambrones.<\/p>\n\n\n\n<p>El objetivo de Zooc\u00e1nica es que la Casa de la M\u00e1quina se convierta en la sede principal del Instituto Polit\u00e9cnico del Bosque, que se proyecta como como un centro de investigaci\u00f3n, transferencia y formaci\u00f3n dual de perfiles cient\u00edfico-investigadores y t\u00e9cnico-industriales. As\u00ed, es un proyecto de recuperaci\u00f3n que, bajo nuevas formas, establece cierta continuidad de usos relacionados con la innovaci\u00f3n cient\u00edfico-tecnol\u00f3gica y la transferencia industrial.<\/p>\n\n\n\n<p>La C\u00e1tedra ha contribuido a la definici\u00f3n del modelo del convenio de cesi\u00f3n, que es f\u00e1cilmente adaptable a otros contextos, previo an\u00e1lisis de la normativa vigente en materia de patrimonio de las administraciones p\u00fablicas, y de las condiciones particulares aplicables a una cooperativa como Zooc\u00e1nica. El equipo de la C\u00e1tedra planea dar difusi\u00f3n general a dicho an\u00e1lisis bajo la forma de una publicaci\u00f3n cient\u00edfica.<\/p>\n\n\n\n<p>Por otra parte, la C\u00e1tedra tambi\u00e9n espera contribuir a la definici\u00f3n y puesta en marcha de las actividades de investigaci\u00f3n y formaci\u00f3n en el Instituto Polit\u00e9cnico del Bosque.<\/p>\n","protected":false},"excerpt":{"rendered":"<p>Apenas unos meses despu\u00e9s de la constituci\u00f3n formal la C\u00e1tedra Ciencia, Territorio y Cooperativismo, se materializa un primer resultado de su actividad con la publicaci\u00f3n en el Bolet\u00edn Oficial de la Provincia de Segovia del Convenio de cesi\u00f3n de uso de la Casa de la M\u00e1quina de Pulimentos, bien patrimonial del Ayuntamiento del Real Sitio [&hellip;]<\/p>\n","protected":false},"author":7783,"featured_media":13111,"comment_status":"open","ping_status":"open","sticky":false,"template":"","format":"standard","meta":{"site-sidebar-layout":"default","site-content-layout":"","ast-site-content-layout":"default","site-content-style":"default","site-sidebar-style":"default","ast-global-header-display":"","ast-banner-title-visibility":"","ast-main-header-display":"","ast-hfb-above-header-display":"","ast-hfb-below-header-display":"","ast-hfb-mobile-header-display":"","site-post-title":"","ast-breadcrumbs-content":"","ast-featured-img":"","footer-sml-layout":"","ast-disable-related-posts":"","theme-transparent-header-meta":"","adv-header-id-meta":"","stick-header-meta":"","header-above-stick-meta":"","header-main-stick-meta":"","header-below-stick-meta":"","astra-migrate-meta-layouts":"default","ast-page-background-enabled":"default","ast-page-background-meta":{"desktop":{"background-color":"var(--ast-global-color-4)","background-image":"","background-repeat":"repeat","background-position":"center center","background-size":"auto","background-attachment":"scroll","background-type":"","background-media":"","overlay-type":"","overlay-color":"","overlay-opacity":"","overlay-gradient":""},"tablet":{"background-color":"","background-image":"","background-repeat":"repeat","background-position":"center center","background-size":"auto","background-attachment":"scroll","background-type":"","background-media":"","overlay-type":"","overlay-color":"","overlay-opacity":"","overlay-gradient":""},"mobile":{"background-color":"","background-image":"","background-repeat":"repeat","background-position":"center center","background-size":"auto","background-attachment":"scroll","background-type":"","background-media":"","overlay-type":"","overlay-color":"","overlay-opacity":"","overlay-gradient":""}},"ast-content-background-meta":{"desktop":{"background-color":"var(--ast-global-color-5)","background-image":"","background-repeat":"repeat","background-position":"center center","background-size":"auto","background-attachment":"scroll","background-type":"","background-media":"","overlay-type":"","overlay-color":"","overlay-opacity":"","overlay-gradient":""},"tablet":{"background-color":"var(--ast-global-color-5)","background-image":"","background-repeat":"repeat","background-position":"center center","background-size":"auto","background-attachment":"scroll","background-type":"","background-media":"","overlay-type":"","overlay-color":"","overlay-opacity":"","overlay-gradient":""},"mobile":{"background-color":"var(--ast-global-color-5)","background-image":"","background-repeat":"repeat","background-position":"center center","background-size":"auto","background-attachment":"scroll","background-type":"","background-media":"","overlay-type":"","overlay-color":"","overlay-opacity":"","overlay-gradient":""}},"footnotes":""},"categories":[33,35],"tags":[],"class_list":["post-13099","post","type-post","status-publish","format-standard","has-post-thumbnail","hentry","category-cooperativismo-y-transferencia","category-diagnostico-territorial"],"_links":{"self":[{"href":"https:\/\/blogs.uned.es\/catedra-ctc\/wp-json\/wp\/v2\/posts\/13099","targetHints":{"allow":["GET"]}}],"collection":[{"href":"https:\/\/blogs.uned.es\/catedra-ctc\/wp-json\/wp\/v2\/posts"}],"about":[{"href":"https:\/\/blogs.uned.es\/catedra-ctc\/wp-json\/wp\/v2\/types\/post"}],"author":[{"embeddable":true,"href":"https:\/\/blogs.uned.es\/catedra-ctc\/wp-json\/wp\/v2\/users\/7783"}],"replies":[{"embeddable":true,"href":"https:\/\/blogs.uned.es\/catedra-ctc\/wp-json\/wp\/v2\/comments?post=13099"}],"version-history":[{"count":1,"href":"https:\/\/blogs.uned.es\/catedra-ctc\/wp-json\/wp\/v2\/posts\/13099\/revisions"}],"predecessor-version":[{"id":13113,"href":"https:\/\/blogs.uned.es\/catedra-ctc\/wp-json\/wp\/v2\/posts\/13099\/revisions\/13113"}],"wp:featuredmedia":[{"embeddable":true,"href":"https:\/\/blogs.uned.es\/catedra-ctc\/wp-json\/wp\/v2\/media\/13111"}],"wp:attachment":[{"href":"https:\/\/blogs.uned.es\/catedra-ctc\/wp-json\/wp\/v2\/media?parent=13099"}],"wp:term":[{"taxonomy":"category","embeddable":true,"href":"https:\/\/blogs.uned.es\/catedra-ctc\/wp-json\/wp\/v2\/categories?post=13099"},{"taxonomy":"post_tag","embeddable":true,"href":"https:\/\/blogs.uned.es\/catedra-ctc\/wp-json\/wp\/v2\/tags?post=13099"}],"curies":[{"name":"wp","href":"https:\/\/api.w.org\/{rel}","templated":true}]}}