{"id":562,"date":"2010-07-19T19:00:00","date_gmt":"2010-07-19T19:00:00","guid":{"rendered":"https:\/\/bibliounedabierta.wordpress.com\/2010\/07\/19\/verano-de-libros-y-viajes-ii-espana"},"modified":"2024-04-29T15:02:44","modified_gmt":"2024-04-29T13:02:44","slug":"verano-de-libros-y-viajes-ii-espana","status":"publish","type":"post","link":"https:\/\/blogs.uned.es\/bibliounedabierta\/2010\/07\/19\/verano-de-libros-y-viajes-ii-espana\/","title":{"rendered":"Verano de Libros y Viajes II: Espa\u00f1a"},"content":{"rendered":"<div class=\"separator\" style=\"clear: both;text-align: justify\">Esta semana encontrar\u00e9is en la Biblioteca Central la segunda entrega del <a href=\"http:\/\/usuariosbibliotecacentraluned.blogspot.com\/2010\/07\/viaja-con-la-biblioteca-central.html\" target=\"blank\" rel=\"noopener\"><i>Verano de Libros y Viajes<\/i><\/a>. Seguimos animando el caluroso verano proponi\u00e9ndoos un nuevo viaje literario, musical y cinematogr\u00e1fico en esta ocasi\u00f3n por las tierras de Espa\u00f1a. La selecci\u00f3n de obras incluye desde autores recientemente desaparecidos como <a href=\"http:\/\/canales.nortecastilla.es\/delibes\/\" target=\"blank\" rel=\"noopener\">Miguel Delibes<\/a> y <a href=\"http:\/\/canales.nortecastilla.es\/umbral\/home.htm#\" target=\"blank\" rel=\"noopener\">Francisco Umbral<\/a>,\u00a0\u00a0 <a href=\"http:\/\/usuariosbibliotecacentraluned.blogspot.com\/2008\/12\/juan-mars-gana-el-premio-cervantes-2008.html\" target=\"blank\" rel=\"noopener\">Juan Mars\u00e9<\/a> (Premio Cervantes 2008), <a href=\"http:\/\/es.wikipedia.org\/wiki\/Rafael_S%C3%A1nchez_Ferlosio\" target=\"blank\" rel=\"noopener\">S\u00e1nchez Ferlosio<\/a> (Premio Nacional de las Letras 2009). En cuanto al cine, ofrecemos una selecci\u00f3n de grandes directores como <a href=\"http:\/\/es.wikipedia.org\/wiki\/Luis_Garc%C3%ADa_Berlanga\">Berlanga<\/a>, <a href=\"http:\/\/es.wikipedia.org\/wiki\/V%C3%ADctor_Erice\" target=\"blank\" rel=\"noopener\">Victor Erice<\/a> o el oscarizado <a href=\"http:\/\/www.pedroalmodovar.es\/\" target=\"blank\" rel=\"noopener\">Pedro Almodovar<\/a>. Por \u00faltimo, los g\u00e9neros musicales m\u00e1s importantes del pa\u00eds est\u00e1n representados: desde el flamenco a la canci\u00f3n comprometida con la lucha antifranquista, pasando por\u00a0 el madrile\u00f1o <a href=\"http:\/\/www.jsabina.com\/es\/home\" target=\"blank\" rel=\"noopener\">Joaqu\u00edn Sabina<\/a> y las deslenguadas letras\u00a0 de <a href=\"http:\/\/www.albertpla.com\/\" target=\"blank\" rel=\"noopener\">Albert Pla<\/a>.<\/div>\n<div class=\"separator\" style=\"clear: both;text-align: justify\">En esta ocasi\u00f3n, adem\u00e1s de las gu\u00edas de viajes que tenemos en la primera planta de la biblioteca, podemos ofreceros numerosos folletos tur\u00edsticos gracias a la colaboraci\u00f3n de las diferentes comunidades aut\u00f3nomas que pod\u00e9is llevaros gratuitamente para preparar vuestra propia ruta viajera.<\/div>\n<div><\/div>\n<div>Foto de <a href=\"https:\/\/unsplash.com\/es\/@joannakosinska?utm_content=creditCopyText&amp;utm_medium=referral&amp;utm_source=unsplash\">Joanna Kosinska<\/a> en <a href=\"https:\/\/unsplash.com\/es\/fotos\/foto-en-escala-de-grises-de-la-torre-eiffel-en-la-parte-superior-de-un-sobre-blanco-spAkZnUleVw?utm_content=creditCopyText&amp;utm_medium=referral&amp;utm_source=unsplash\">Unsplash<\/a><\/div>\n","protected":false},"excerpt":{"rendered":"<p>Esta semana encontrar\u00e9is en la Biblioteca Central la segunda entrega del Verano de Libros y Viajes. Seguimos animando el caluroso verano proponi\u00e9ndoos un nuevo viaje literario, musical y cinematogr\u00e1fico en esta ocasi\u00f3n por las tierras de Espa\u00f1a. La selecci\u00f3n de obras incluye desde autores recientemente desaparecidos como Miguel Delibes y Francisco Umbral,\u00a0\u00a0 Juan Mars\u00e9 (Premio [&hellip;]<\/p>\n","protected":false},"author":7847,"featured_media":7077,"comment_status":"open","ping_status":"closed","sticky":false,"template":"","format":"standard","meta":{"site-sidebar-layout":"default","site-content-layout":"","ast-site-content-layout":"default","site-content-style":"default","site-sidebar-style":"default","ast-global-header-display":"","ast-banner-title-visibility":"","ast-main-header-display":"","ast-hfb-above-header-display":"","ast-hfb-below-header-display":"","ast-hfb-mobile-header-display":"","site-post-title":"","ast-breadcrumbs-content":"","ast-featured-img":"","footer-sml-layout":"","ast-disable-related-posts":"","theme-transparent-header-meta":"","adv-header-id-meta":"","stick-header-meta":"","header-above-stick-meta":"","header-main-stick-meta":"","header-below-stick-meta":"","astra-migrate-meta-layouts":"default","ast-page-background-enabled":"default","ast-page-background-meta":{"desktop":{"background-color":"var(--ast-global-color-4)","background-image":"","background-repeat":"repeat","background-position":"center center","background-size":"auto","background-attachment":"scroll","background-type":"","background-media":"","overlay-type":"","overlay-color":"","overlay-opacity":"","overlay-gradient":""},"tablet":{"background-color":"","background-image":"","background-repeat":"repeat","background-position":"center center","background-size":"auto","background-attachment":"scroll","background-type":"","background-media":"","overlay-type":"","overlay-color":"","overlay-opacity":"","overlay-gradient":""},"mobile":{"background-color":"","background-image":"","background-repeat":"repeat","background-position":"center center","background-size":"auto","background-attachment":"scroll","background-type":"","background-media":"","overlay-type":"","overlay-color":"","overlay-opacity":"","overlay-gradient":""}},"ast-content-background-meta":{"desktop":{"background-color":"var(--ast-global-color-5)","background-image":"","background-repeat":"repeat","background-position":"center center","background-size":"auto","background-attachment":"scroll","background-type":"","background-media":"","overlay-type":"","overlay-color":"","overlay-opacity":"","overlay-gradient":""},"tablet":{"background-color":"var(--ast-global-color-5)","background-image":"","background-repeat":"repeat","background-position":"center center","background-size":"auto","background-attachment":"scroll","background-type":"","background-media":"","overlay-type":"","overlay-color":"","overlay-opacity":"","overlay-gradient":""},"mobile":{"background-color":"var(--ast-global-color-5)","background-image":"","background-repeat":"repeat","background-position":"center center","background-size":"auto","background-attachment":"scroll","background-type":"","background-media":"","overlay-type":"","overlay-color":"","overlay-opacity":"","overlay-gradient":""}},"footnotes":""},"categories":[331],"tags":[931,945],"class_list":["post-562","post","type-post","status-publish","format-standard","has-post-thumbnail","hentry","category-uncategorized","tag-prestamo-de-verano","tag-punto-de-interes"],"_links":{"self":[{"href":"https:\/\/blogs.uned.es\/bibliounedabierta\/wp-json\/wp\/v2\/posts\/562","targetHints":{"allow":["GET"]}}],"collection":[{"href":"https:\/\/blogs.uned.es\/bibliounedabierta\/wp-json\/wp\/v2\/posts"}],"about":[{"href":"https:\/\/blogs.uned.es\/bibliounedabierta\/wp-json\/wp\/v2\/types\/post"}],"author":[{"embeddable":true,"href":"https:\/\/blogs.uned.es\/bibliounedabierta\/wp-json\/wp\/v2\/users\/7847"}],"replies":[{"embeddable":true,"href":"https:\/\/blogs.uned.es\/bibliounedabierta\/wp-json\/wp\/v2\/comments?post=562"}],"version-history":[{"count":2,"href":"https:\/\/blogs.uned.es\/bibliounedabierta\/wp-json\/wp\/v2\/posts\/562\/revisions"}],"predecessor-version":[{"id":7081,"href":"https:\/\/blogs.uned.es\/bibliounedabierta\/wp-json\/wp\/v2\/posts\/562\/revisions\/7081"}],"wp:featuredmedia":[{"embeddable":true,"href":"https:\/\/blogs.uned.es\/bibliounedabierta\/wp-json\/wp\/v2\/media\/7077"}],"wp:attachment":[{"href":"https:\/\/blogs.uned.es\/bibliounedabierta\/wp-json\/wp\/v2\/media?parent=562"}],"wp:term":[{"taxonomy":"category","embeddable":true,"href":"https:\/\/blogs.uned.es\/bibliounedabierta\/wp-json\/wp\/v2\/categories?post=562"},{"taxonomy":"post_tag","embeddable":true,"href":"https:\/\/blogs.uned.es\/bibliounedabierta\/wp-json\/wp\/v2\/tags?post=562"}],"curies":[{"name":"wp","href":"https:\/\/api.w.org\/{rel}","templated":true}]}}