{"id":294,"date":"2012-09-16T14:39:00","date_gmt":"2012-09-16T14:39:00","guid":{"rendered":"https:\/\/bibliounedabierta.wordpress.com\/2012\/09\/16\/la-maternidad-suiza-de-elna-tiempos-de-exilio-y-solidaridad"},"modified":"2024-07-15T15:42:58","modified_gmt":"2024-07-15T13:42:58","slug":"la-maternidad-suiza-de-elna-tiempos-de-exilio-y-solidaridad","status":"publish","type":"post","link":"https:\/\/blogs.uned.es\/bibliounedabierta\/2012\/09\/16\/la-maternidad-suiza-de-elna-tiempos-de-exilio-y-solidaridad\/","title":{"rendered":"La maternidad suiza de Elna. Tiempos de exilio y solidaridad"},"content":{"rendered":"<table class=\"tr-caption-container\" style=\"float: right;margin-left: 1em;text-align: right\" cellspacing=\"0\" cellpadding=\"0\">\n<tbody>\n<tr>\n<td style=\"text-align: center\"><\/td>\n<\/tr>\n<tr>\n<td class=\"tr-caption\" style=\"text-align: center\">\n<pre id=\"yui_3_2_0_1_1347721200472134\" style=\"background-color: white;color: #454545;font-family: 'Courier New';font-size: 11.666666030884px;margin-bottom: 1em;margin-top: 1em;text-align: start\"><\/pre>\n<\/td>\n<\/tr>\n<\/tbody>\n<\/table>\n<div style=\"text-align: justify\"><span style=\"font-family: Arial, Helvetica, sans-serif\">\u00a0La biblioteca de la UNED continua \u00a0con su\u00a0<a href=\"http:\/\/portal.uned.es\/portal\/page?_pageid=93,24813969&amp;_dad=portal&amp;_schema=PORTAL\" target=\"_blank\" rel=\"noopener\">actividad de extensi\u00f3n cultural<\/a> mostrando, en esta ocasi\u00f3n, una exposici\u00f3n entra\u00f1able que nos permitir\u00e1 conocer la labor solidaria llevada a cabo en <b>La Maternidad Suiza de Elna: <\/b>una historia de mujeres y ni\u00f1os.<\/span><\/div>\n<div>\n<div style=\"text-align: left\">\n<div style=\"text-align: justify\"><span style=\"font-family: Arial, Helvetica, sans-serif\"><a href=\"http:\/\/www.maternitesuissedelne.com\/index.html\" target=\"_blank\" rel=\"noopener\">La maternidad de Elna,<\/a> situada en el Ch\u00e2teau d&#8217;en Bardou en el departamento franc\u00e9s de Elne, cerca de Perpi\u00f1an, fue una instituci\u00f3n fundada en 1939 gracias al esfuerzo de la enfermera suiza, Elisabeth Eidenbez y la colaboraci\u00f3n del Service Civil International \u00a0de Suiza. Su principal misi\u00f3n fue la de acoger y cuidar a mujeres embarazadas espa\u00f1olas, jud\u00edas o gitanas, muchas de ellas con ni\u00f1os peque\u00f1os, que se encontraban internadas en los campos de concentraci\u00f3n \u00a0del sureste de Francia.<\/span><\/div>\n<\/div>\n<div style=\"text-align: left\">\n<div style=\"text-align: justify\"><span style=\"font-family: Arial, Helvetica, sans-serif\">\u00a0<\/span><\/div>\n<div style=\"text-align: justify\"><span style=\"font-family: Arial, Helvetica, sans-serif\">En un principio la Maternidad se situ\u00f3 en un edificio de Brouilla, \u00a0pero \u00a0pronto se qued\u00f3 peque\u00f1o, instal\u00e1ndose, entonces, en ese palacete semiabandonado \u00a0a las afueras de Elne. La Cruz Roja Internacional fue su principal susministradora de alimentos, medicinas y biberones, pero \u00a0tambi\u00e9n cont\u00f3 con otras aportaciones provenientes de colectas o ayuda humanitaria. La Maternidad ten\u00eda unas 50 camas y cada habitaci\u00f3n estaba identificada con el nombre de una ciudad espa\u00f1ola, francesa o suiza.<\/span><\/div>\n<\/div>\n<div style=\"text-align: left\">\n<div style=\"text-align: justify\"><span style=\"font-family: Arial, Helvetica, sans-serif\">\u00a0<\/span><\/div>\n<div style=\"text-align: justify\"><span style=\"font-family: Arial, Helvetica, sans-serif\">Desde diciembre de 1939 en que naci\u00f3 el primer beb\u00e9, se produjeron una media de 20 partos mensuales atendidos por enfermeras voluntarias, enviadas por la escuela de enfermer\u00eda suiza. El \u00a0resto de las tareas eran llevadas a cabo por \u00a0personas voluntarias o refugiadas de los campos. Hasta el a\u00f1o 1944 en que la maternidad fue clausurada por el ej\u00e9rcito alem\u00e1n, nacieron 597 ni\u00f1os.<span style=\"background-color: white;color: #454545;font-size: 11.666666030884px\">\u00a0<\/span><\/span><\/div>\n<\/div>\n<div style=\"text-align: left\">\n<div style=\"text-align: justify\"><span style=\"font-family: Arial, Helvetica, sans-serif\"><span style=\"background-color: white;color: #454545;font-size: 11.666666030884px\">\u00a0<\/span><\/span><\/div>\n<\/div>\n<div style=\"text-align: justify\"><span style=\"font-family: Arial, Helvetica, sans-serif\">En el 2005 <a href=\"http:\/\/www.ot-elne.fr\/\" target=\"_blank\" rel=\"noopener\">la Ville d&#8217;Elne<\/a> adquiri\u00f3 el edificio y en 2009 se inaugur\u00f3 una Exposici\u00f3n \u00a0permanente: <b>La Maternit\u00e9 Suisse de &#8216;Elne: un berceau d&#8217;humanit\u00e9 au coeur de l&#8217;inhumain. <\/b>La muestra que se exhibe en la Biblioteca Central es una versi\u00f3n \u00a0en espa\u00f1ol de esa exposici\u00f3n..<\/span><\/div>\n<div style=\"text-align: justify\"><span style=\"font-family: Arial, Helvetica, sans-serif\">\u00a0<\/span><\/div>\n<div style=\"text-align: justify\"><span style=\"font-family: Arial, Helvetica, sans-serif\">Alicia Alted (AEMIC y UNED) y Dolores \u00a0Fern\u00e1ndez (AEMIC y UCM), adem\u00e1s de ser las comisarias de la muestra, han organizado sobre este tema, un Seminario: <b><a href=\"http:\/\/cemeuned.org\/noticias-ceme-uned\/55-noticias\/283-seminario-haciendo-frente-al-horror-con-la-solidaridad-la-maternidad-de-elna-.html\" target=\"_blank\" rel=\"noopener\">Haciendo frente al horror con la solidaridad: La Maternidad de Elna<\/a>, <\/b>los<b>\u00a0<\/b>d\u00edas 5 y 6 de octubre. Asimismo,\u00a0<a href=\"http:\/\/portal.uned.es\/portal\/page?_pageid=93,535259&amp;_dad=portal&amp;_schema=PORTAL\" target=\"_blank\" rel=\"noopener\">la Mediateca<\/a>, ha preparado \u00a0un ciclo de cine que llevar\u00e1 por t\u00edtulo: <b>Poblaci\u00f3n civil y conflictos b\u00e9licos en el mundo contempor\u00e1neo. <\/b>La pel\u00edcula de Fr\u00e9deric Goldobronn: La Maternit\u00e9 d&#8217; Elne, inaugurar\u00e1 dicho ciclo.<\/span><\/div>\n<div style=\"text-align: justify\"><span style=\"font-family: Arial, Helvetica, sans-serif\">\u00a0<\/span><\/div>\n<div style=\"text-align: justify\"><span style=\"font-family: Arial, Helvetica, sans-serif\">Est\u00e1 previsto que la exposici\u00f3n sea itinerante y que recorra diversas instituciones y pa\u00edses, contribuyendo as\u00ed a la difusi\u00f3n de este noble y solidario proyecto que fue la Maternidad.<\/span><\/div>\n<p><span style=\"font-family: Arial, Helvetica, sans-serif\">\u00a0<\/span><\/p>\n<div style=\"text-align: justify\"><span style=\"font-family: Arial, Helvetica, sans-serif\"><b>Lugar de la exposici\u00f3n<\/b>: <a href=\"http:\/\/portal.uned.es\/portal\/page?_pageid=93,537260&amp;_dad=portal&amp;_schema=PORTAL\" target=\"_blank\" rel=\"noopener\">Biblioteca Central de la UNED<\/a>,\u00a0del 17 de septiembre al 11 de Octubre de 2012<\/span><\/div>\n<\/div>\n","protected":false},"excerpt":{"rendered":"<p>\u00a0La biblioteca de la UNED continua \u00a0con su\u00a0actividad de extensi\u00f3n cultural mostrando, en esta ocasi\u00f3n, una exposici\u00f3n entra\u00f1able que nos permitir\u00e1 conocer la labor solidaria llevada a cabo en La Maternidad Suiza de Elna: una historia de mujeres y ni\u00f1os. La maternidad de Elna, situada en el Ch\u00e2teau d&#8217;en Bardou en el departamento franc\u00e9s de [&hellip;]<\/p>\n","protected":false},"author":7847,"featured_media":7459,"comment_status":"open","ping_status":"closed","sticky":false,"template":"","format":"standard","meta":{"site-sidebar-layout":"default","site-content-layout":"","ast-site-content-layout":"default","site-content-style":"default","site-sidebar-style":"default","ast-global-header-display":"","ast-banner-title-visibility":"","ast-main-header-display":"","ast-hfb-above-header-display":"","ast-hfb-below-header-display":"","ast-hfb-mobile-header-display":"","site-post-title":"","ast-breadcrumbs-content":"","ast-featured-img":"","footer-sml-layout":"","ast-disable-related-posts":"","theme-transparent-header-meta":"","adv-header-id-meta":"","stick-header-meta":"","header-above-stick-meta":"","header-main-stick-meta":"","header-below-stick-meta":"","astra-migrate-meta-layouts":"default","ast-page-background-enabled":"default","ast-page-background-meta":{"desktop":{"background-color":"var(--ast-global-color-4)","background-image":"","background-repeat":"repeat","background-position":"center center","background-size":"auto","background-attachment":"scroll","background-type":"","background-media":"","overlay-type":"","overlay-color":"","overlay-opacity":"","overlay-gradient":""},"tablet":{"background-color":"","background-image":"","background-repeat":"repeat","background-position":"center center","background-size":"auto","background-attachment":"scroll","background-type":"","background-media":"","overlay-type":"","overlay-color":"","overlay-opacity":"","overlay-gradient":""},"mobile":{"background-color":"","background-image":"","background-repeat":"repeat","background-position":"center center","background-size":"auto","background-attachment":"scroll","background-type":"","background-media":"","overlay-type":"","overlay-color":"","overlay-opacity":"","overlay-gradient":""}},"ast-content-background-meta":{"desktop":{"background-color":"var(--ast-global-color-5)","background-image":"","background-repeat":"repeat","background-position":"center center","background-size":"auto","background-attachment":"scroll","background-type":"","background-media":"","overlay-type":"","overlay-color":"","overlay-opacity":"","overlay-gradient":""},"tablet":{"background-color":"var(--ast-global-color-5)","background-image":"","background-repeat":"repeat","background-position":"center center","background-size":"auto","background-attachment":"scroll","background-type":"","background-media":"","overlay-type":"","overlay-color":"","overlay-opacity":"","overlay-gradient":""},"mobile":{"background-color":"var(--ast-global-color-5)","background-image":"","background-repeat":"repeat","background-position":"center center","background-size":"auto","background-attachment":"scroll","background-type":"","background-media":"","overlay-type":"","overlay-color":"","overlay-opacity":"","overlay-gradient":""}},"footnotes":""},"categories":[331],"tags":[779,443],"class_list":["post-294","post","type-post","status-publish","format-standard","has-post-thumbnail","hentry","category-uncategorized","tag-exilio-espanol","tag-exposiciones"],"_links":{"self":[{"href":"https:\/\/blogs.uned.es\/bibliounedabierta\/wp-json\/wp\/v2\/posts\/294","targetHints":{"allow":["GET"]}}],"collection":[{"href":"https:\/\/blogs.uned.es\/bibliounedabierta\/wp-json\/wp\/v2\/posts"}],"about":[{"href":"https:\/\/blogs.uned.es\/bibliounedabierta\/wp-json\/wp\/v2\/types\/post"}],"author":[{"embeddable":true,"href":"https:\/\/blogs.uned.es\/bibliounedabierta\/wp-json\/wp\/v2\/users\/7847"}],"replies":[{"embeddable":true,"href":"https:\/\/blogs.uned.es\/bibliounedabierta\/wp-json\/wp\/v2\/comments?post=294"}],"version-history":[{"count":2,"href":"https:\/\/blogs.uned.es\/bibliounedabierta\/wp-json\/wp\/v2\/posts\/294\/revisions"}],"predecessor-version":[{"id":7461,"href":"https:\/\/blogs.uned.es\/bibliounedabierta\/wp-json\/wp\/v2\/posts\/294\/revisions\/7461"}],"wp:featuredmedia":[{"embeddable":true,"href":"https:\/\/blogs.uned.es\/bibliounedabierta\/wp-json\/wp\/v2\/media\/7459"}],"wp:attachment":[{"href":"https:\/\/blogs.uned.es\/bibliounedabierta\/wp-json\/wp\/v2\/media?parent=294"}],"wp:term":[{"taxonomy":"category","embeddable":true,"href":"https:\/\/blogs.uned.es\/bibliounedabierta\/wp-json\/wp\/v2\/categories?post=294"},{"taxonomy":"post_tag","embeddable":true,"href":"https:\/\/blogs.uned.es\/bibliounedabierta\/wp-json\/wp\/v2\/tags?post=294"}],"curies":[{"name":"wp","href":"https:\/\/api.w.org\/{rel}","templated":true}]}}