{"id":111,"date":"2015-09-29T12:51:00","date_gmt":"2015-09-29T12:51:00","guid":{"rendered":"https:\/\/bibliounedabierta.wordpress.com\/2015\/09\/29\/semana-de-la-arquitectura-en-la-biblioteca-de-la-uned"},"modified":"2024-05-03T19:05:13","modified_gmt":"2024-05-03T17:05:13","slug":"semana-de-la-arquitectura-en-la-biblioteca-de-la-uned","status":"publish","type":"post","link":"https:\/\/blogs.uned.es\/bibliounedabierta\/2015\/09\/29\/semana-de-la-arquitectura-en-la-biblioteca-de-la-uned\/","title":{"rendered":"Semana de la Arquitectura en la Biblioteca de la UNED"},"content":{"rendered":"<div class=\"views-field-field-lead-value\" style=\"margin: 5px 0 10px;padding: 0;text-align: justify\">\n<div class=\"field-content\">\n<div class=\"field-content\" style=\"color: white;font-family: Verdana, Arial, Helvetica, sans-serif;font-size: .75em;line-height: 1.5\"><span style=\"background-color: white\">\u00a0<\/span><\/div>\n<div class=\"field-content\" style=\"color: white;font-size: .75em;line-height: 1.5\"><span style=\"font-family: Arial, Helvetica, sans-serif\"><span style=\"background-color: white;color: white;font-size: .75em;line-height: 1.5\">Un a\u00f1o m\u00e1sllega a Madrid la Semana de la Arquitectura, este a\u00f1o en su duod\u00e9cima edici\u00f3n, organizada por la <\/span><span style=\"color: white\">Un a\u00f1o m\u00e1s llega a Madrid la Semana de la Arquitectura, este a\u00f1o en su duod\u00e9cima edici\u00f3n, o<\/span><span style=\"color: white\">\u00a0a\u00f1o\u00a0<\/span><span style=\"color: white\">Madrid.<\/span><\/span><\/div>\n<div class=\"field-content\"><span style=\"font-family: Arial, Helvetica, sans-serif\">Durante los d\u00edas 1 al 11 de octubre de 2015 se celebra \u00a0la duod\u00e9cima edici\u00f3n de la <a href=\"http:\/\/www.esmadrid.com\/semanaarquitectura\/\" target=\"_blank\" rel=\"noopener\">Semana de la\u00a0Arquitectura en Madrid<\/a> que organizan conjuntamente la <a href=\"http:\/\/www.coam.org\/es\/fundacion\/actividades-culturales\" target=\"_blank\" rel=\"noopener\">Fundaci\u00f3n de Arquitectura \u00a0<\/a>y la <a href=\"http:\/\/www.spanien.diplo.de\/Vertretung\/spanien\/es\/02-madrid\/0-la-embajada.html\" target=\"_blank\" rel=\"noopener\">Embajada de Alemania<\/a>, con la colaboraci\u00f3n del <a href=\"http:\/\/www.ayuntamiento.es\/madrid\" target=\"_blank\" rel=\"noopener\">Ayuntamiento de Madrid<\/a>\u00a0y <a href=\"http:\/\/www.madrid.org\/cs\/Satellite?pagename=ComunidadMadrid\/Home\" target=\"_blank\" rel=\"noopener\">Comunidad de Madrid<\/a><\/span><\/p>\n<div class=\"MsoNormal\">\n<div class=\"separator\" style=\"clear: both;text-align: center\"><\/div>\n<div class=\"MsoNormal\"><span style=\"font-family: Arial, Helvetica, sans-serif\">En esta edici\u00f3n se mostrar\u00e1n proyectos de regeneraci\u00f3n urbana de arquitectos que han desarrollado su trabajo en Madrid y Berl\u00edn, ciudad invitada en esta ocasi\u00f3n. Son muchas las actividades que se desarrollar\u00e1n a lo largo de estos d\u00edas encaminadas a la difusi\u00f3n y el aprendizaje de la arquitectura: conferencias, mesas de debate con invitados de ambas ciudades en la sede de la \u00a0<a href=\"http:\/\/www.esmadrid.com\/semanaarquitectura\/\" target=\"_blank\" rel=\"noopener\">COAM<\/a> y visitas a edificios e itinerarios urbanos por la ciudad junto con diversas exposiciones y actos que se organizar\u00e1n por las instituciones colaboradoras.<\/span><\/div>\n<div class=\"MsoNormal\"><span style=\"font-family: Arial, Helvetica, sans-serif\"><br \/>\n<\/span><span style=\"font-family: Arial, Helvetica, sans-serif\">La UNED se ha unido a estas actividades y ha organizado\u00a0<a href=\"http:\/\/moncloaaravaca.portaldetuciudad.com\/es-es\/exposiciones\/exposicion-20-anos-de-la-biblioteca-de-la-uned-moncloaaravaca-005_2_3_90394_25.html\" target=\"_blank\" rel=\"noopener\">una exposici\u00f3n conmemorativa<\/a> del veinte aniversario del edificio de la Biblioteca Central, proyectado por el arquitecto Jos\u00e9 Ignacio Linazasoro.<span style=\"background-color: white;color: #333333;font-size: 13px;line-height: 18.5714px;text-align: start\">\u00a0<\/span><\/span><\/p>\n<div style=\"text-align: justify\"><span style=\"font-family: Arial, Helvetica, sans-serif\"><span style=\"background-color: white;line-height: 18.5714px\">La exposici\u00f3n, que podr\u00e1 ser visitada en la <a href=\"http:\/\/portal.uned.es\/portal\/page?_pageid=93,537260&amp;_dad=portal&amp;_schema=PORTAL\" target=\"_blank\" rel=\"noopener\">Biblioteca Central <\/a>de la UNED hasta el 24 de octubre, muestra documentos y material bibliogr\u00e1fico en d\u00f3nde se observa el \u00a0proyecto inicial del edificio y \u00a0el \u00a0desarrollo de su construcci\u00f3n posterior; asimismo se exponen maquetas, planos, fotograf\u00edas y una acuarela del edificio.<\/span><\/span><\/div>\n<div style=\"text-align: justify\"><span style=\"font-family: Arial, Helvetica, sans-serif\"><span style=\"color: #333333\"><span style=\"background-color: white;line-height: 18.5714px\">\u00a0<\/span><\/span><\/span><\/div>\n<div style=\"text-align: justify\"><span style=\"font-family: Arial, Helvetica, sans-serif\"><span style=\"background-color: white;line-height: 18.5714px\">Esta exposici\u00f3n \u00a0 se completa \u00a0con la obra fotogr\u00e1fica de Chema Ledrado titulada \u00a0<b>Convergencias.<\/b>\u00a0Se trata de\u00a0<\/span><span style=\"background-color: white;line-height: 18.5714px\">fotograf\u00edas estenopeicas de gran formato (50x60cms) de edificios emblem\u00e1ticos de instituciones tanto p\u00fablicas como privadas de Madrid.<\/span><\/span><\/div>\n<div style=\"text-align: justify\"><\/div>\n<div style=\"text-align: justify\"><span style=\"color: white;font-family: Verdana, Arial, Helvetica, sans-serif\"><span style=\"font-family: Arial, Helvetica, sans-serif\"><span style=\"color: black\"><span style=\"background-color: white;line-height: 18.5714px\">La Semana de la Arquitectura es una oportunidad para admirar con detenimiento el patrimonio arquitect\u00f3nico de la ciudad de Madrid.<\/span><\/span><\/span><span style=\"font-size: 12px;line-height: 18px\"> Semana de la Arquitectura este a\u00f1o tendr\u00e1 lugar del 1 al 11 de Octubre de 2015 y en esta edici\u00f3n se mostrar\u00e1n proyecto<\/span>r la Fundaci\u00f3n de A con la colaboraci\u00f3n del<\/span><\/div>\n<\/div>\n<\/div>\n<\/div>\n<\/div>\n<\/div>\n","protected":false},"excerpt":{"rendered":"<p>\u00a0 Un a\u00f1o m\u00e1sllega a Madrid la Semana de la Arquitectura, este a\u00f1o en su duod\u00e9cima edici\u00f3n, organizada por la Un a\u00f1o m\u00e1s llega a Madrid la Semana de la Arquitectura, este a\u00f1o en su duod\u00e9cima edici\u00f3n, o\u00a0a\u00f1o\u00a0Madrid. Durante los d\u00edas 1 al 11 de octubre de 2015 se celebra \u00a0la duod\u00e9cima edici\u00f3n de la [&hellip;]<\/p>\n","protected":false},"author":7853,"featured_media":7193,"comment_status":"open","ping_status":"closed","sticky":false,"template":"","format":"standard","meta":{"site-sidebar-layout":"default","site-content-layout":"","ast-site-content-layout":"default","site-content-style":"default","site-sidebar-style":"default","ast-global-header-display":"","ast-banner-title-visibility":"","ast-main-header-display":"","ast-hfb-above-header-display":"","ast-hfb-below-header-display":"","ast-hfb-mobile-header-display":"","site-post-title":"","ast-breadcrumbs-content":"","ast-featured-img":"","footer-sml-layout":"","ast-disable-related-posts":"","theme-transparent-header-meta":"","adv-header-id-meta":"","stick-header-meta":"","header-above-stick-meta":"","header-main-stick-meta":"","header-below-stick-meta":"","astra-migrate-meta-layouts":"default","ast-page-background-enabled":"default","ast-page-background-meta":{"desktop":{"background-color":"var(--ast-global-color-4)","background-image":"","background-repeat":"repeat","background-position":"center center","background-size":"auto","background-attachment":"scroll","background-type":"","background-media":"","overlay-type":"","overlay-color":"","overlay-opacity":"","overlay-gradient":""},"tablet":{"background-color":"","background-image":"","background-repeat":"repeat","background-position":"center center","background-size":"auto","background-attachment":"scroll","background-type":"","background-media":"","overlay-type":"","overlay-color":"","overlay-opacity":"","overlay-gradient":""},"mobile":{"background-color":"","background-image":"","background-repeat":"repeat","background-position":"center center","background-size":"auto","background-attachment":"scroll","background-type":"","background-media":"","overlay-type":"","overlay-color":"","overlay-opacity":"","overlay-gradient":""}},"ast-content-background-meta":{"desktop":{"background-color":"var(--ast-global-color-5)","background-image":"","background-repeat":"repeat","background-position":"center center","background-size":"auto","background-attachment":"scroll","background-type":"","background-media":"","overlay-type":"","overlay-color":"","overlay-opacity":"","overlay-gradient":""},"tablet":{"background-color":"var(--ast-global-color-5)","background-image":"","background-repeat":"repeat","background-position":"center center","background-size":"auto","background-attachment":"scroll","background-type":"","background-media":"","overlay-type":"","overlay-color":"","overlay-opacity":"","overlay-gradient":""},"mobile":{"background-color":"var(--ast-global-color-5)","background-image":"","background-repeat":"repeat","background-position":"center center","background-size":"auto","background-attachment":"scroll","background-type":"","background-media":"","overlay-type":"","overlay-color":"","overlay-opacity":"","overlay-gradient":""}},"footnotes":""},"categories":[331],"tags":[443],"class_list":["post-111","post","type-post","status-publish","format-standard","has-post-thumbnail","hentry","category-uncategorized","tag-exposiciones"],"_links":{"self":[{"href":"https:\/\/blogs.uned.es\/bibliounedabierta\/wp-json\/wp\/v2\/posts\/111","targetHints":{"allow":["GET"]}}],"collection":[{"href":"https:\/\/blogs.uned.es\/bibliounedabierta\/wp-json\/wp\/v2\/posts"}],"about":[{"href":"https:\/\/blogs.uned.es\/bibliounedabierta\/wp-json\/wp\/v2\/types\/post"}],"author":[{"embeddable":true,"href":"https:\/\/blogs.uned.es\/bibliounedabierta\/wp-json\/wp\/v2\/users\/7853"}],"replies":[{"embeddable":true,"href":"https:\/\/blogs.uned.es\/bibliounedabierta\/wp-json\/wp\/v2\/comments?post=111"}],"version-history":[{"count":2,"href":"https:\/\/blogs.uned.es\/bibliounedabierta\/wp-json\/wp\/v2\/posts\/111\/revisions"}],"predecessor-version":[{"id":7225,"href":"https:\/\/blogs.uned.es\/bibliounedabierta\/wp-json\/wp\/v2\/posts\/111\/revisions\/7225"}],"wp:featuredmedia":[{"embeddable":true,"href":"https:\/\/blogs.uned.es\/bibliounedabierta\/wp-json\/wp\/v2\/media\/7193"}],"wp:attachment":[{"href":"https:\/\/blogs.uned.es\/bibliounedabierta\/wp-json\/wp\/v2\/media?parent=111"}],"wp:term":[{"taxonomy":"category","embeddable":true,"href":"https:\/\/blogs.uned.es\/bibliounedabierta\/wp-json\/wp\/v2\/categories?post=111"},{"taxonomy":"post_tag","embeddable":true,"href":"https:\/\/blogs.uned.es\/bibliounedabierta\/wp-json\/wp\/v2\/tags?post=111"}],"curies":[{"name":"wp","href":"https:\/\/api.w.org\/{rel}","templated":true}]}}