{"id":917,"date":"2022-01-26T13:09:49","date_gmt":"2022-01-26T12:09:49","guid":{"rendered":"https:\/\/blogs.uned.es\/aps\/?p=917"},"modified":"2022-01-26T13:10:51","modified_gmt":"2022-01-26T12:10:51","slug":"conferencia-aprendizaje-servicio-y-tecnologias-digitales-3-de-febrero-2022","status":"publish","type":"post","link":"https:\/\/blogs.uned.es\/aps\/2022\/01\/26\/conferencia-aprendizaje-servicio-y-tecnologias-digitales-3-de-febrero-2022\/","title":{"rendered":"Conferencia \u00abAprendizaje-Servicio y tecnolog\u00edas digitales\u00bb (3 de febrero 2022; 18.00 a 19.00h)"},"content":{"rendered":"<p>El <strong>pr\u00f3ximo jueves 3 de febrero<\/strong>,&nbsp; participaremos en la <em><strong>Conferencia \u00abAprendizaje-Servicio y tecnolog\u00edas digitales\u00bb<\/strong><\/em>, como actividad desarrollada desde UNED Lugo. Tendr\u00e1 lugar en horario de <strong>18.00 a 19.00h<\/strong> y podr\u00e1 seguirse online en directo, o verse posteriormente en diferido.&nbsp;&nbsp;Ana Bel\u00e9n Traseira Pena, Directora de UNED Lugo, y Juan Garc\u00eda Guti\u00e9rrez, Director de la Oficina Universitaria de Aprendizaje-Servicio UNED, estar\u00e1n a cargo de la actividad.<\/p>\n<p>La<strong> inscripci\u00f3n es gratuita<\/strong> y puede realizarse aqu\u00ed:<br \/>\n<a href=\"https:\/\/extension.uned.es\/actividad\/idactividad\/26247\">https:\/\/extension.uned.es\/actividad\/idactividad\/26247<\/a><\/p>\n<p>Esperamos que os resulte de inter\u00e9s, \u00a1y agradecemos difusi\u00f3n!<\/p>\n","protected":false},"excerpt":{"rendered":"<p>El pr\u00f3ximo jueves 3 de febrero,&nbsp; participaremos en la Conferencia \u00abAprendizaje-Servicio y tecnolog\u00edas digitales\u00bb, como actividad desarrollada desde UNED Lugo. Tendr\u00e1 lugar en horario de 18.00 a 19.00h y podr\u00e1 seguirse online en directo, o verse posteriormente en diferido.&nbsp;&nbsp;Ana Bel\u00e9n Traseira Pena, Directora de UNED Lugo, y Juan Garc\u00eda Guti\u00e9rrez, Director de la Oficina Universitaria de Aprendizaje-Servicio UNED, estar\u00e1n a cargo de la actividad. La inscripci\u00f3n es gratuita y puede realizarse aqu\u00ed: https:\/\/extension.uned.es\/actividad\/idactividad\/26247 Esperamos que os resulte de inter\u00e9s, \u00a1y agradecemos difusi\u00f3n!<\/p>\n","protected":false},"author":7129,"featured_media":919,"comment_status":"open","ping_status":"open","sticky":false,"template":"","format":"standard","meta":{"footnotes":""},"categories":[1],"tags":[],"class_list":["post-917","post","type-post","status-publish","format-standard","has-post-thumbnail","hentry","category-sin-categoria"],"_links":{"self":[{"href":"https:\/\/blogs.uned.es\/aps\/wp-json\/wp\/v2\/posts\/917","targetHints":{"allow":["GET"]}}],"collection":[{"href":"https:\/\/blogs.uned.es\/aps\/wp-json\/wp\/v2\/posts"}],"about":[{"href":"https:\/\/blogs.uned.es\/aps\/wp-json\/wp\/v2\/types\/post"}],"author":[{"embeddable":true,"href":"https:\/\/blogs.uned.es\/aps\/wp-json\/wp\/v2\/users\/7129"}],"replies":[{"embeddable":true,"href":"https:\/\/blogs.uned.es\/aps\/wp-json\/wp\/v2\/comments?post=917"}],"version-history":[{"count":2,"href":"https:\/\/blogs.uned.es\/aps\/wp-json\/wp\/v2\/posts\/917\/revisions"}],"predecessor-version":[{"id":923,"href":"https:\/\/blogs.uned.es\/aps\/wp-json\/wp\/v2\/posts\/917\/revisions\/923"}],"wp:featuredmedia":[{"embeddable":true,"href":"https:\/\/blogs.uned.es\/aps\/wp-json\/wp\/v2\/media\/919"}],"wp:attachment":[{"href":"https:\/\/blogs.uned.es\/aps\/wp-json\/wp\/v2\/media?parent=917"}],"wp:term":[{"taxonomy":"category","embeddable":true,"href":"https:\/\/blogs.uned.es\/aps\/wp-json\/wp\/v2\/categories?post=917"},{"taxonomy":"post_tag","embeddable":true,"href":"https:\/\/blogs.uned.es\/aps\/wp-json\/wp\/v2\/tags?post=917"}],"curies":[{"name":"wp","href":"https:\/\/api.w.org\/{rel}","templated":true}]}}