{"id":735,"date":"2021-03-23T18:40:08","date_gmt":"2021-03-23T17:40:08","guid":{"rendered":"https:\/\/blogs.uned.es\/aps\/?p=735"},"modified":"2021-03-23T18:42:55","modified_gmt":"2021-03-23T17:42:55","slug":"jornada-el-aprendizaje-servicio-aps-en-uned-pamplona-24-marzo","status":"publish","type":"post","link":"https:\/\/blogs.uned.es\/aps\/2021\/03\/23\/jornada-el-aprendizaje-servicio-aps-en-uned-pamplona-24-marzo\/","title":{"rendered":"Jornada \u00abEl Aprendizaje-Servicio (ApS) en UNED Pamplona\u00bb &#8211; 24 de marzo"},"content":{"rendered":"<p>Desde la Oficina Universitaria de ApS de la UNED, nos hacemos eco de la <strong><a href=\"https:\/\/www.unedpamplona.es\/cursos-y-actualidad\/cursos-y-actividades\/1731\/jornada-aprendizaje-servicio-aps,-el-24-de-marzo-en-uned-pamplona\/\">Jornada \u00abEl Aprendizaje-Servicio en UNED Pamplona\u00bb<\/a><\/strong>, que tendr\u00e1 lugar este mi\u00e9rcoles 24 de marzo, y de la cual facilitamos m\u00e1s informaci\u00f3n a continuaci\u00f3n:<\/p>\n<p><strong>FECHA Y LUGAR<\/strong><\/p>\n<ul>\n<li><strong>Mi\u00e9rcoles, 24 de marzo de 2021<\/strong><\/li>\n<li>Aula 6. UNED Pamplona<\/li>\n<\/ul>\n<p><strong>PROGRAMA<\/strong><\/p>\n<ul>\n<li>18:55-19:00 h.&nbsp;Presentaci\u00f3n&nbsp;y bienvenida<\/li>\n<li>19:00-19:30 h.&nbsp;El Aprendizaje-servicio (ApS) en la UNED<\/li>\n<li>19:30-20:00 h.&nbsp;Charla y Coloquio \u00abProyecto de ApS en UNED Pamplona\u00bb<\/li>\n<li>20:00-20:10 h.&nbsp;Conclusiones y cierre<\/li>\n<\/ul>\n<p><strong>PRESENTA<\/strong><\/p>\n<ul>\n<li>D\u00f1a. Carmen Jusu\u00e9 Simonena.&nbsp;Directora de UNED Pamplona.<\/li>\n<\/ul>\n<p><strong>&nbsp;IMPARTEN<\/strong><\/p>\n<ul>\n<li>D\u00f1a. Mari Cruz D\u00edaz de Ter\u00e1n Velasco.&nbsp;Profesora de Derecho de UNED Pamplona.<\/li>\n<li>D\u00f1a. Ana Biurrun Moreno.&nbsp;Profesora de Educaci\u00f3n Social y Pedagog\u00eda de UNED Pamplona.<\/li>\n<li>D\u00f1a. Olaia Baquedano Garc\u00eda.&nbsp;Estudiante de UNED Pamplona.<\/li>\n<\/ul>\n<p><strong>&nbsp; MATR\u00cdCULA<\/strong>:&nbsp;Matr\u00edcula online en&nbsp;<a href=\"http:\/\/www.unedpamplona.es\/matricula\">www.unedpamplona.es\/matricula<\/a><\/p>\n<ul>\n<li>Jornada presencial (con aforo restringido y por orden de inscripci\u00f3n) y online (en directo o en diferido).<\/li>\n<\/ul>\n","protected":false},"excerpt":{"rendered":"<p>Desde la Oficina Universitaria de ApS de la UNED, nos hacemos eco de la Jornada \u00abEl Aprendizaje-Servicio en UNED Pamplona\u00bb, que tendr\u00e1 lugar este mi\u00e9rcoles 24 de marzo, y de la cual facilitamos m\u00e1s informaci\u00f3n a continuaci\u00f3n: FECHA Y LUGAR Mi\u00e9rcoles, 24 de marzo de 2021 Aula 6. UNED Pamplona PROGRAMA 18:55-19:00 h.&nbsp;Presentaci\u00f3n&nbsp;y bienvenida 19:00-19:30 h.&nbsp;El Aprendizaje-servicio (ApS) en la UNED 19:30-20:00 h.&nbsp;Charla y Coloquio \u00abProyecto de ApS en UNED Pamplona\u00bb 20:00-20:10 h.&nbsp;Conclusiones y cierre PRESENTA D\u00f1a. Carmen Jusu\u00e9 Simonena.&nbsp;Directora de UNED Pamplona. &nbsp;IMPARTEN D\u00f1a. Mari Cruz D\u00edaz de Ter\u00e1n Velasco.&nbsp;Profesora de Derecho de UNED Pamplona. D\u00f1a. Ana Biurrun Moreno.&nbsp;Profesora de Educaci\u00f3n Social y Pedagog\u00eda de UNED Pamplona. D\u00f1a. Olaia Baquedano Garc\u00eda.&nbsp;Estudiante de UNED Pamplona. &nbsp; MATR\u00cdCULA:&nbsp;Matr\u00edcula online en&nbsp;www.unedpamplona.es\/matricula Jornada presencial (con aforo restringido y por orden de inscripci\u00f3n) y online (en directo o en diferido).<\/p>\n","protected":false},"author":7129,"featured_media":737,"comment_status":"open","ping_status":"open","sticky":false,"template":"","format":"standard","meta":{"footnotes":""},"categories":[1],"tags":[],"class_list":["post-735","post","type-post","status-publish","format-standard","has-post-thumbnail","hentry","category-sin-categoria"],"_links":{"self":[{"href":"https:\/\/blogs.uned.es\/aps\/wp-json\/wp\/v2\/posts\/735","targetHints":{"allow":["GET"]}}],"collection":[{"href":"https:\/\/blogs.uned.es\/aps\/wp-json\/wp\/v2\/posts"}],"about":[{"href":"https:\/\/blogs.uned.es\/aps\/wp-json\/wp\/v2\/types\/post"}],"author":[{"embeddable":true,"href":"https:\/\/blogs.uned.es\/aps\/wp-json\/wp\/v2\/users\/7129"}],"replies":[{"embeddable":true,"href":"https:\/\/blogs.uned.es\/aps\/wp-json\/wp\/v2\/comments?post=735"}],"version-history":[{"count":3,"href":"https:\/\/blogs.uned.es\/aps\/wp-json\/wp\/v2\/posts\/735\/revisions"}],"predecessor-version":[{"id":745,"href":"https:\/\/blogs.uned.es\/aps\/wp-json\/wp\/v2\/posts\/735\/revisions\/745"}],"wp:featuredmedia":[{"embeddable":true,"href":"https:\/\/blogs.uned.es\/aps\/wp-json\/wp\/v2\/media\/737"}],"wp:attachment":[{"href":"https:\/\/blogs.uned.es\/aps\/wp-json\/wp\/v2\/media?parent=735"}],"wp:term":[{"taxonomy":"category","embeddable":true,"href":"https:\/\/blogs.uned.es\/aps\/wp-json\/wp\/v2\/categories?post=735"},{"taxonomy":"post_tag","embeddable":true,"href":"https:\/\/blogs.uned.es\/aps\/wp-json\/wp\/v2\/tags?post=735"}],"curies":[{"name":"wp","href":"https:\/\/api.w.org\/{rel}","templated":true}]}}