{"id":711,"date":"2021-02-01T19:18:15","date_gmt":"2021-02-01T18:18:15","guid":{"rendered":"http:\/\/blogs.uned.es\/aps\/?p=711"},"modified":"2021-02-01T19:19:29","modified_gmt":"2021-02-01T18:19:29","slug":"dialogo-virtual_-situaciones-de-estudiantes-vulnerables-en-africa-durante-la-pandemia","status":"publish","type":"post","link":"https:\/\/blogs.uned.es\/aps\/2021\/02\/01\/dialogo-virtual_-situaciones-de-estudiantes-vulnerables-en-africa-durante-la-pandemia\/","title":{"rendered":"Di\u00e1logo virtual: Situaciones de estudiantes vulnerables en \u00c1frica durante la pandemia"},"content":{"rendered":"<p>Desde la Oficina Universitaria de Aprendizaje-Servicio de la UNED nos hacemos eco del di\u00e1logo virtual que tendr\u00e1 lugar este <strong>jueves 4 de febrero a las 21h<\/strong> (horario peninsular) donde <strong>se charlar\u00e1 acerca de la situaci\u00f3n de los y las estudiantes en \u00c1frica durante la pandemia.\u00a0<\/strong><\/p>\n<p>El evento, titulado <strong><em>Africa&#8217;s vulnerable students in the COVID pandemic,<\/em><\/strong>\u00a0contar\u00e1 con la presencia de <strong>Samuel Muderhwa y Rachel Faida<\/strong>, co-fundadores de <strong><a href=\"http:\/\/www.irenees.net\/bdf_fiche-acteurs-703_es.html\"><em>Peace and Conflict Resolution<\/em> Foundation<\/a>,<\/strong> as\u00ed como con <strong>Natalia Orenes y D\u00e9borah Mart\u00edn<\/strong>, co-fundadoras de <strong><a href=\"https:\/\/pedagogiaparaelexito.com\/\">Pedagog\u00eda para el \u00e9xito<\/a><\/strong>, asesor\u00eda pedag\u00f3gica y tecnol\u00f3gica que organiza el evento.<\/p>\n<p>Podr\u00e1 seguirse en abierto en el siguiente enlace de YouTube, as\u00ed como participar del debate a trav\u00e9s del chat:<br \/>\n<a href=\"https:\/\/youtu.be\/0SoiHVeVFII\">https:\/\/youtu.be\/0SoiHVeVFII<\/a><\/p>\n<p>Es una oportunidad para seguir tejiendo redes y conociendo los retos educativos globales.<\/p>\n<p>\u00a1No os lo perd\u00e1is!<\/p>\n<p>&nbsp;<\/p>\n<p>&nbsp;<\/p>\n<p>&nbsp;<\/p>\n","protected":false},"excerpt":{"rendered":"<p>Desde la Oficina Universitaria de Aprendizaje-Servicio de la UNED nos hacemos eco del di\u00e1logo virtual que tendr\u00e1 lugar este jueves 4 de febrero a las 21h (horario peninsular) donde se charlar\u00e1 acerca de la situaci\u00f3n de los y las estudiantes en \u00c1frica durante la pandemia.\u00a0 El evento, titulado Africa&#8217;s vulnerable students in the COVID pandemic,\u00a0contar\u00e1 con la presencia de Samuel Muderhwa y Rachel Faida, co-fundadores de Peace and Conflict Resolution Foundation, as\u00ed como con Natalia Orenes y D\u00e9borah Mart\u00edn, co-fundadoras de Pedagog\u00eda para el \u00e9xito, asesor\u00eda pedag\u00f3gica y tecnol\u00f3gica que organiza el evento. Podr\u00e1 seguirse en abierto en el siguiente enlace de YouTube, as\u00ed como participar del debate a trav\u00e9s del chat: https:\/\/youtu.be\/0SoiHVeVFII Es una oportunidad para seguir tejiendo redes y conociendo los retos educativos globales. \u00a1No os lo perd\u00e1is! &nbsp; &nbsp; &nbsp;<\/p>\n","protected":false},"author":7129,"featured_media":713,"comment_status":"open","ping_status":"open","sticky":false,"template":"","format":"standard","meta":{"footnotes":""},"categories":[1],"tags":[],"class_list":["post-711","post","type-post","status-publish","format-standard","has-post-thumbnail","hentry","category-sin-categoria"],"_links":{"self":[{"href":"https:\/\/blogs.uned.es\/aps\/wp-json\/wp\/v2\/posts\/711","targetHints":{"allow":["GET"]}}],"collection":[{"href":"https:\/\/blogs.uned.es\/aps\/wp-json\/wp\/v2\/posts"}],"about":[{"href":"https:\/\/blogs.uned.es\/aps\/wp-json\/wp\/v2\/types\/post"}],"author":[{"embeddable":true,"href":"https:\/\/blogs.uned.es\/aps\/wp-json\/wp\/v2\/users\/7129"}],"replies":[{"embeddable":true,"href":"https:\/\/blogs.uned.es\/aps\/wp-json\/wp\/v2\/comments?post=711"}],"version-history":[{"count":3,"href":"https:\/\/blogs.uned.es\/aps\/wp-json\/wp\/v2\/posts\/711\/revisions"}],"predecessor-version":[{"id":719,"href":"https:\/\/blogs.uned.es\/aps\/wp-json\/wp\/v2\/posts\/711\/revisions\/719"}],"wp:featuredmedia":[{"embeddable":true,"href":"https:\/\/blogs.uned.es\/aps\/wp-json\/wp\/v2\/media\/713"}],"wp:attachment":[{"href":"https:\/\/blogs.uned.es\/aps\/wp-json\/wp\/v2\/media?parent=711"}],"wp:term":[{"taxonomy":"category","embeddable":true,"href":"https:\/\/blogs.uned.es\/aps\/wp-json\/wp\/v2\/categories?post=711"},{"taxonomy":"post_tag","embeddable":true,"href":"https:\/\/blogs.uned.es\/aps\/wp-json\/wp\/v2\/tags?post=711"}],"curies":[{"name":"wp","href":"https:\/\/api.w.org\/{rel}","templated":true}]}}