{"id":661,"date":"2020-11-16T12:32:09","date_gmt":"2020-11-16T11:32:09","guid":{"rendered":"http:\/\/blogs.uned.es\/aps\/?p=661"},"modified":"2020-11-16T12:32:17","modified_gmt":"2020-11-16T11:32:17","slug":"la-oficina-de-aps-uned-comprometida-con-la-innovacion-en-educacion-superior-proximos-eventos","status":"publish","type":"post","link":"https:\/\/blogs.uned.es\/aps\/2020\/11\/16\/la-oficina-de-aps-uned-comprometida-con-la-innovacion-en-educacion-superior-proximos-eventos\/","title":{"rendered":"La Oficina de ApS UNED comprometida con la innovaci\u00f3n en Educaci\u00f3n Superior, \u00a1pr\u00f3ximos eventos!"},"content":{"rendered":"<p>Tras haber organizado la Mesa Redonda \u00abEl Aprendizaje-servicio como herramienta pedag\u00f3gica frente a los racismos\u00bb, celebrada el pasado viernes 13 de noviembre en el marco de la Iniciativa para la Erradicaci\u00f3n del Racismo en Educaci\u00f3n Superior, impulsada desde la <a href=\"http:\/\/unesco.untref.edu.ar\/\">C\u00e1tedra UNESCO \u00abEducaci\u00f3n Superior y Pueblos Ind\u00edgenas y Afrodescendientes\u00bb<\/a> (Universidad Tres de Febrero, Argentina), y cuyo v\u00eddeo pondremos pronto a disposici\u00f3n, ahora nos preparamos para participar en las <a href=\"https:\/\/eventos.urjc.es\/55208\/programme\/vii-jornadas-de-innovacion-docente.html\">VII Jornadas de Innovaci\u00f3n Docente \u00abEstrategias de adaptaci\u00f3n metodol\u00f3gica y tecnol\u00f3gica ante la pandemia del Covid-19\u00bb<\/a>, que se celebrar\u00e1n en la URJC los d\u00edas 25 y 26 de noviembre.<\/p>\n<p>En concreto, nuestro aporte desde la Oficina de Aprendizaje-servicio de la UNED tendr\u00e1 cabida en el siguiente panel el jueves 26:<\/p>\n<div class=\"schedule-item-time\" style=\"padding-left: 60px\"><em><span class=\"schedule-item-hours\">16:30 &#8211; 17:30<\/span><\/em><\/div>\n<div class=\"schedule-item-data\" style=\"padding-left: 60px\">\n<p><em><span class=\"schedule-item-title\">Panel \u00abExperiencias de Aprendizaje Servicio como elemento de innovaci\u00f3n docente\u00bb (Organizada por la Oficina de Aprendizaje-Servicio)<\/span><\/em><\/p>\n<div class=\"schedule-item-desc\" style=\"padding-left: 60px\">\n<div class=\"schedule-item-desc\" style=\"padding-left: 60px\">\n<p style=\"padding-left: 60px\"><em><small>Modera: Roc\u00edo Samino Garc\u00eda\u00a0<a href=\"https:\/\/twitter.com\/rociosamino\" target=\"_blank\" rel=\"noopener\">@rociosamino<\/a>\u00a0\u2013 Coordinadora de la Oficina de Aprendizaje Servicio, URJC<\/small><\/em><\/p>\n<p style=\"padding-left: 60px\"><em>V\u00edctor J. Cid<\/em><br \/>\n<em>\u2013 Coordinador del proyecto MicroMundo, UCM<\/em><\/p>\n<p style=\"padding-left: 60px\"><em>Juan Garc\u00eda Guti\u00e9rrez<\/em><br \/>\n<em>\u2013\u00a0Director de la Oficina de Aprendizaje-Servicio, UNED<\/em><\/p>\n<p style=\"padding-left: 60px\"><em>Domingo A. Mart\u00edn S\u00e1nchez<\/em><br \/>\n<em>\u2013 Director Acad\u00e9mico de la Unidad de Emprendimiento Social, \u00c9tica y Valores en la Ingenier\u00eda, Universidad Polit\u00e9cnica de Madrid<\/em><\/p>\n<p style=\"padding-left: 60px\"><em>Marta Albert M\u00e1rquez<\/em><br \/>\n<em>\u2013\u00a0Directora de la Cl\u00ednica Jur\u00eddica, URJC<\/em><\/p>\n<p style=\"padding-left: 60px\"><em>Elena Perib\u00e1\u00f1ez Blasco<\/em><br \/>\n<em>\u2013 Jefe de Secci\u00f3n en el Campus de Vic\u00e1lvaro, URJC<\/em><\/p>\n<\/div>\n<p>&nbsp;<\/p>\n<\/div>\n<\/div>\n<p>Adem\u00e1s, ese mismo d\u00eda estaremos en el <strong>Simposio Internacional \u00ab\u00bfEs lo mismo Aprendizaje-servicio que responsabilidad social universitaria?\u00bb<\/strong> organizado desde la PUCE de Ecuador y cuyo cartel pod\u00e9is consultar a continuaci\u00f3n (recordad que el horario est\u00e1 referido a Ecuador):<\/p>\n<p>&nbsp;<\/p>\n<p><img loading=\"lazy\" decoding=\"async\" class=\"wp-image-663 aligncenter\" src=\"http:\/\/blogs.uned.es\/aps\/wp-content\/uploads\/sites\/175\/2020\/11\/Simposio-PUCE_26NOV-170x300.jpeg\" alt=\"\" width=\"327\" height=\"577\" srcset=\"https:\/\/blogs.uned.es\/aps\/wp-content\/uploads\/sites\/175\/2020\/11\/Simposio-PUCE_26NOV-170x300.jpeg 170w, https:\/\/blogs.uned.es\/aps\/wp-content\/uploads\/sites\/175\/2020\/11\/Simposio-PUCE_26NOV.jpeg 727w\" sizes=\"auto, (max-width: 327px) 100vw, 327px\" \/><\/p>\n<p>\u00a1Os esperamos!<\/p>\n<div class=\"schedule-item-data\" style=\"padding-left: 60px\"><\/div>\n","protected":false},"excerpt":{"rendered":"<p>Tras haber organizado la Mesa Redonda \u00abEl Aprendizaje-servicio como herramienta pedag\u00f3gica frente a los racismos\u00bb, celebrada el pasado viernes 13 de noviembre en el marco de la Iniciativa para la Erradicaci\u00f3n del Racismo en Educaci\u00f3n Superior, impulsada desde la C\u00e1tedra UNESCO \u00abEducaci\u00f3n Superior y Pueblos Ind\u00edgenas y Afrodescendientes\u00bb (Universidad Tres de Febrero, Argentina), y cuyo v\u00eddeo pondremos pronto a disposici\u00f3n, ahora nos preparamos para participar en las VII Jornadas de Innovaci\u00f3n Docente \u00abEstrategias de adaptaci\u00f3n metodol\u00f3gica y tecnol\u00f3gica ante la pandemia del Covid-19\u00bb, que se celebrar\u00e1n en la URJC los d\u00edas 25 y 26 de noviembre. En concreto, nuestro aporte desde la Oficina de Aprendizaje-servicio de la UNED tendr\u00e1 cabida en el siguiente panel el jueves 26: 16:30 &#8211; 17:30 Panel \u00abExperiencias de Aprendizaje Servicio como elemento de innovaci\u00f3n docente\u00bb (Organizada por la Oficina de Aprendizaje-Servicio) Modera: Roc\u00edo Samino Garc\u00eda\u00a0@rociosamino\u00a0\u2013 Coordinadora de la Oficina de Aprendizaje Servicio, URJC V\u00edctor J. Cid \u2013 Coordinador del proyecto MicroMundo, UCM Juan Garc\u00eda Guti\u00e9rrez \u2013\u00a0Director de la Oficina de Aprendizaje-Servicio, UNED Domingo A. Mart\u00edn S\u00e1nchez \u2013 Director Acad\u00e9mico de la Unidad de Emprendimiento Social, \u00c9tica y Valores en la Ingenier\u00eda, Universidad Polit\u00e9cnica de Madrid Marta Albert M\u00e1rquez \u2013\u00a0Directora de la Cl\u00ednica Jur\u00eddica, URJC Elena Perib\u00e1\u00f1ez Blasco \u2013 Jefe de Secci\u00f3n en el Campus de Vic\u00e1lvaro, URJC &nbsp; Adem\u00e1s, ese mismo d\u00eda estaremos en el Simposio Internacional \u00ab\u00bfEs lo mismo Aprendizaje-servicio que responsabilidad social universitaria?\u00bb organizado desde la PUCE de Ecuador y cuyo cartel pod\u00e9is consultar a continuaci\u00f3n (recordad que el horario est\u00e1 referido a Ecuador): &nbsp; \u00a1Os esperamos!<\/p>\n","protected":false},"author":7129,"featured_media":665,"comment_status":"open","ping_status":"open","sticky":false,"template":"","format":"standard","meta":{"footnotes":""},"categories":[1],"tags":[],"class_list":["post-661","post","type-post","status-publish","format-standard","has-post-thumbnail","hentry","category-sin-categoria"],"_links":{"self":[{"href":"https:\/\/blogs.uned.es\/aps\/wp-json\/wp\/v2\/posts\/661","targetHints":{"allow":["GET"]}}],"collection":[{"href":"https:\/\/blogs.uned.es\/aps\/wp-json\/wp\/v2\/posts"}],"about":[{"href":"https:\/\/blogs.uned.es\/aps\/wp-json\/wp\/v2\/types\/post"}],"author":[{"embeddable":true,"href":"https:\/\/blogs.uned.es\/aps\/wp-json\/wp\/v2\/users\/7129"}],"replies":[{"embeddable":true,"href":"https:\/\/blogs.uned.es\/aps\/wp-json\/wp\/v2\/comments?post=661"}],"version-history":[{"count":2,"href":"https:\/\/blogs.uned.es\/aps\/wp-json\/wp\/v2\/posts\/661\/revisions"}],"predecessor-version":[{"id":669,"href":"https:\/\/blogs.uned.es\/aps\/wp-json\/wp\/v2\/posts\/661\/revisions\/669"}],"wp:featuredmedia":[{"embeddable":true,"href":"https:\/\/blogs.uned.es\/aps\/wp-json\/wp\/v2\/media\/665"}],"wp:attachment":[{"href":"https:\/\/blogs.uned.es\/aps\/wp-json\/wp\/v2\/media?parent=661"}],"wp:term":[{"taxonomy":"category","embeddable":true,"href":"https:\/\/blogs.uned.es\/aps\/wp-json\/wp\/v2\/categories?post=661"},{"taxonomy":"post_tag","embeddable":true,"href":"https:\/\/blogs.uned.es\/aps\/wp-json\/wp\/v2\/tags?post=661"}],"curies":[{"name":"wp","href":"https:\/\/api.w.org\/{rel}","templated":true}]}}