{"id":647,"date":"2020-10-19T14:43:45","date_gmt":"2020-10-19T12:43:45","guid":{"rendered":"http:\/\/blogs.uned.es\/aps\/?p=647"},"modified":"2020-10-19T14:43:45","modified_gmt":"2020-10-19T12:43:45","slug":"proximos-eventos-simposio-sobre-aprendizaje-servicio-en-ii-cidico","status":"publish","type":"post","link":"https:\/\/blogs.uned.es\/aps\/2020\/10\/19\/proximos-eventos-simposio-sobre-aprendizaje-servicio-en-ii-cidico\/","title":{"rendered":"Pr\u00f3ximos eventos: Simposio sobre Aprendizaje-Servicio en II CIDICO"},"content":{"rendered":"<p>Durante el<strong><a href=\"https:\/\/cidico.es\/\"> II Congreso Internacional de Innovaci\u00f3n Docente e Investigaci\u00f3n en Educaci\u00f3n Superior: \u00abAvanzando en las \u00e1reas de conocimiento\u00bb\u00a0<\/a>,\u00a0<\/strong>que se celebrar\u00e1 los d\u00edas <strong>11, 12 y 13 de Noviembre<\/strong> de 2020 en formato\u00a0<strong>virtual,\u00a0<\/strong>tendr\u00e1 lugar el<strong> simposio \u00abLa herramienta del Aprendizaje-servicio (ApS) como\u00a0 elemento dinamizador de la ense\u00f1anza universitaria: limitaciones y retos\u00bb<\/strong>, coordinado por la Dra. Myriam de la Concepci\u00f3n Gonz\u00e1lez Rabanal (mcgonzalez@cee.uned.es).<\/p>\n<p>Podr\u00e1n enviarse <strong>aportaciones para participar en el simposio hasta el 26 de octubre,<\/strong> siguiendo la <a href=\"https:\/\/cidico.es\/como_participar\">normativa y la plantilla<\/a> de participaci\u00f3n del congreso.<\/p>\n<p><img loading=\"lazy\" decoding=\"async\" class=\" wp-image-649 aligncenter\" src=\"http:\/\/blogs.uned.es\/aps\/wp-content\/uploads\/sites\/175\/2020\/10\/cartel-de-difusi\u00f3n-del-simposio-1-206x300.jpg\" alt=\"\" width=\"403\" height=\"587\" srcset=\"https:\/\/blogs.uned.es\/aps\/wp-content\/uploads\/sites\/175\/2020\/10\/cartel-de-difusi\u00f3n-del-simposio-1-206x300.jpg 206w, https:\/\/blogs.uned.es\/aps\/wp-content\/uploads\/sites\/175\/2020\/10\/cartel-de-difusi\u00f3n-del-simposio-1.jpg 697w\" sizes=\"auto, (max-width: 403px) 100vw, 403px\" \/><\/p>\n","protected":false},"excerpt":{"rendered":"<p>Durante el II Congreso Internacional de Innovaci\u00f3n Docente e Investigaci\u00f3n en Educaci\u00f3n Superior: \u00abAvanzando en las \u00e1reas de conocimiento\u00bb\u00a0,\u00a0que se celebrar\u00e1 los d\u00edas 11, 12 y 13 de Noviembre de 2020 en formato\u00a0virtual,\u00a0tendr\u00e1 lugar el simposio \u00abLa herramienta del Aprendizaje-servicio (ApS) como\u00a0 elemento dinamizador de la ense\u00f1anza universitaria: limitaciones y retos\u00bb, coordinado por la Dra. Myriam de la Concepci\u00f3n Gonz\u00e1lez Rabanal (mcgonzalez@cee.uned.es). Podr\u00e1n enviarse aportaciones para participar en el simposio hasta el 26 de octubre, siguiendo la normativa y la plantilla de participaci\u00f3n del congreso.<\/p>\n","protected":false},"author":7129,"featured_media":653,"comment_status":"open","ping_status":"open","sticky":false,"template":"","format":"standard","meta":{"footnotes":""},"categories":[1],"tags":[],"class_list":["post-647","post","type-post","status-publish","format-standard","has-post-thumbnail","hentry","category-sin-categoria"],"_links":{"self":[{"href":"https:\/\/blogs.uned.es\/aps\/wp-json\/wp\/v2\/posts\/647","targetHints":{"allow":["GET"]}}],"collection":[{"href":"https:\/\/blogs.uned.es\/aps\/wp-json\/wp\/v2\/posts"}],"about":[{"href":"https:\/\/blogs.uned.es\/aps\/wp-json\/wp\/v2\/types\/post"}],"author":[{"embeddable":true,"href":"https:\/\/blogs.uned.es\/aps\/wp-json\/wp\/v2\/users\/7129"}],"replies":[{"embeddable":true,"href":"https:\/\/blogs.uned.es\/aps\/wp-json\/wp\/v2\/comments?post=647"}],"version-history":[{"count":2,"href":"https:\/\/blogs.uned.es\/aps\/wp-json\/wp\/v2\/posts\/647\/revisions"}],"predecessor-version":[{"id":655,"href":"https:\/\/blogs.uned.es\/aps\/wp-json\/wp\/v2\/posts\/647\/revisions\/655"}],"wp:featuredmedia":[{"embeddable":true,"href":"https:\/\/blogs.uned.es\/aps\/wp-json\/wp\/v2\/media\/653"}],"wp:attachment":[{"href":"https:\/\/blogs.uned.es\/aps\/wp-json\/wp\/v2\/media?parent=647"}],"wp:term":[{"taxonomy":"category","embeddable":true,"href":"https:\/\/blogs.uned.es\/aps\/wp-json\/wp\/v2\/categories?post=647"},{"taxonomy":"post_tag","embeddable":true,"href":"https:\/\/blogs.uned.es\/aps\/wp-json\/wp\/v2\/tags?post=647"}],"curies":[{"name":"wp","href":"https:\/\/api.w.org\/{rel}","templated":true}]}}